{"id":1965,"date":"2007-03-04T00:08:44","date_gmt":"2007-03-03T23:08:44","guid":{"rendered":"http:\/\/www.schoene-nachrichten.de\/?p=1965"},"modified":"2007-03-04T00:10:43","modified_gmt":"2007-03-03T23:10:43","slug":"marlene-streeruwitz-liest-aus-entfernungen","status":"publish","type":"post","link":"https:\/\/www.fuldaernachrichten.de\/?p=1965","title":{"rendered":"Marlene Streeruwitz liest aus \u201eEntfernungen\u201c"},"content":{"rendered":"<p><strong>Termin.<\/strong> Am Donnerstag, dem 8. M\u00e4rz 2007, liest Marlene Streeruwitz in der Reihe \u201eLiteratur im Stadtschlo\u00df\u201c um 20.00 Uhr im F\u00fcrstensaal aus ihrem neuesten Buch \u201eEntfernungen\u201c. Das Werk der Autorin ist mit zahlreichen Preisen ausgezeichnet worden.<\/p>\n<p><!--more-->In ihrem Roman beschreibt sie minuti\u00f6s den akuten Zerfall der b\u00fcrgerlichen Existenz einer Frau. Betrogen, verlassen, entlassen \u2013 eine Frau in der Krise. Es geht um das Wahrhabenwollen von Realit\u00e4ten und die Genauigkeit der Wahrnehmung, um geheime W\u00fcnsche und die Versuchung der Selbstaufl\u00f6sung.<\/p>\n<p>Marlene Streeruwitz, in Wien geboren, kam erst sp\u00e4t zur Schriftstellerei; sie gilt heute als eine der politisch engagiertesten deutschsprachigen Autorinnen der Gegenwartsliteratur.<\/p>\n","protected":false},"excerpt":{"rendered":"<div class=\"tmnf_excerpt\"><p>Termin. Am Donnerstag, dem 8. M\u00e4rz 2007, liest Marlene Streeruwitz in der Reihe \u201eLiteratur im Stadtschlo\u00df\u201c um 20.00 Uhr im F\u00fcrstensaal aus ihrem neuesten Buch \u201eEntfernungen\u201c. Das Werk der Autorin ist mit zahlreichen Preisen ausgezeichnet worden.<\/p>\n<\/div>","protected":false},"author":1,"featured_media":0,"comment_status":"closed","ping_status":"closed","sticky":false,"template":"","format":"standard","meta":{"footnotes":""},"categories":[1,44],"tags":[],"class_list":["post-1965","post","type-post","status-publish","format-standard","hentry","category-startseite","category-kultur"],"_links":{"self":[{"href":"https:\/\/www.fuldaernachrichten.de\/index.php?rest_route=\/wp\/v2\/posts\/1965","targetHints":{"allow":["GET"]}}],"collection":[{"href":"https:\/\/www.fuldaernachrichten.de\/index.php?rest_route=\/wp\/v2\/posts"}],"about":[{"href":"https:\/\/www.fuldaernachrichten.de\/index.php?rest_route=\/wp\/v2\/types\/post"}],"author":[{"embeddable":true,"href":"https:\/\/www.fuldaernachrichten.de\/index.php?rest_route=\/wp\/v2\/users\/1"}],"replies":[{"embeddable":true,"href":"https:\/\/www.fuldaernachrichten.de\/index.php?rest_route=%2Fwp%2Fv2%2Fcomments&post=1965"}],"version-history":[{"count":0,"href":"https:\/\/www.fuldaernachrichten.de\/index.php?rest_route=\/wp\/v2\/posts\/1965\/revisions"}],"wp:attachment":[{"href":"https:\/\/www.fuldaernachrichten.de\/index.php?rest_route=%2Fwp%2Fv2%2Fmedia&parent=1965"}],"wp:term":[{"taxonomy":"category","embeddable":true,"href":"https:\/\/www.fuldaernachrichten.de\/index.php?rest_route=%2Fwp%2Fv2%2Fcategories&post=1965"},{"taxonomy":"post_tag","embeddable":true,"href":"https:\/\/www.fuldaernachrichten.de\/index.php?rest_route=%2Fwp%2Fv2%2Ftags&post=1965"}],"curies":[{"name":"wp","href":"https:\/\/api.w.org\/{rel}","templated":true}]}}