{"id":19638,"date":"2009-01-20T06:55:40","date_gmt":"2009-01-20T05:55:40","guid":{"rendered":"http:\/\/www.schoene-nachrichten.de\/?p=19638"},"modified":"2009-01-19T22:47:59","modified_gmt":"2009-01-19T21:47:59","slug":"gottes-liebe-geht-weiter-gelungenes-jubilaeumskonzert-im-hjk","status":"publish","type":"post","link":"https:\/\/www.fuldaernachrichten.de\/?p=19638","title":{"rendered":"\u201eGottes Liebe geht weiter\u201c \u2013 Gelungenes Jubil\u00e4umskonzert im HJK"},"content":{"rendered":"<p><a title=\"Foto: Max Colin Heydenreich\" rel=\"lightbox[roadtrip]\" href=\"http:\/\/www.schoene-nachrichten.de\/wp-content\/uploads\/2009\/01\/090119_Konzert_040.jpg\" target=\"_blank\"><img decoding=\"async\" src=\"http:\/\/www.schoene-nachrichten.de\/wp-content\/uploads\/2009\/01\/090119_Konzert_040.jpg\" alt=\"090119_Konzert_040.jpg\" width=\"560\" \/><\/a><\/p>\n<p><strong>Fulda.<\/strong> \u201eGottes Liebe geht weiter\u201c -\u00c2\u00a0 so lautet das Leitwort der Barmherzigen Schwestern vom heiligen Vinzenz von Paul, die in diesem Jahr ihr 175-j\u00e4hriges Wirken im Bistum Fulda feiern k\u00f6nnen. Anl\u00e4sslich dieses Jubil\u00e4ums hatte das Herz-Jesu-Krankenhaus am Sonntag zu einem Konzert mit dem \u201eH\u00fcnfelder Kammerorchester an der Wigbertschule\u201c eingeladen. Die Musikerinnen und Musiker pr\u00e4sentierten unter der Leitung von Studienrat Thomas N\u00fcdling ein klangvolles und vielf\u00e4ltiges Programm, das von Georg Friedrich H\u00e4ndels \u201eFeuerwerksmusik\u201c \u00fcber \u201eWinter Wonderland\u201c von Bob Cerulli bis hin zu \u201eBlue Moon\u201c von Richard Rogers reichte.<\/p>\n<p><strong>Fotos (55):<\/strong> Max Colin Heydenreich<\/p>\n<p><a title=\"Foto: Max Colin Heydenreich\" rel=\"lightbox[roadtrip]\" href=\"http:\/\/www.schoene-nachrichten.de\/wp-content\/uploads\/2009\/01\/090119_Konzert_041.jpg\" target=\"_blank\"><img decoding=\"async\" src=\"http:\/\/www.schoene-nachrichten.de\/wp-content\/uploads\/2009\/01\/090119_Konzert_041.thumbnail.jpg\" alt=\"090119_Konzert_041.jpg\" width=\"265\" \/><\/a> <a title=\"Foto: Max Colin Heydenreich\" rel=\"lightbox[roadtrip]\" href=\"http:\/\/www.schoene-nachrichten.de\/wp-content\/uploads\/2009\/01\/090119_Konzert_035.jpg\" target=\"_blank\"><img decoding=\"async\" src=\"http:\/\/www.schoene-nachrichten.de\/wp-content\/uploads\/2009\/01\/090119_Konzert_035.thumbnail.jpg\" alt=\"090119_Konzert_035.jpg\" width=\"265\" \/><\/a><\/p>\n<p><a title=\"Foto: Max Colin Heydenreich\" rel=\"lightbox[roadtrip]\" href=\"http:\/\/www.schoene-nachrichten.de\/wp-content\/uploads\/2009\/01\/090119_Konzert_001.jpg\" target=\"_blank\"><img decoding=\"async\" src=\"http:\/\/www.schoene-nachrichten.de\/wp-content\/uploads\/2009\/01\/090119_Konzert_001.thumbnail.jpg\" alt=\"090119_Konzert_001.jpg\" width=\"265\" \/><\/a> <a title=\"Foto: Max Colin Heydenreich\" rel=\"lightbox[roadtrip]\" href=\"http:\/\/www.schoene-nachrichten.de\/wp-content\/uploads\/2009\/01\/090119_Konzert_002.jpg\" target=\"_blank\"><img decoding=\"async\" src=\"http:\/\/www.schoene-nachrichten.de\/wp-content\/uploads\/2009\/01\/090119_Konzert_002.thumbnail.jpg\" alt=\"090119_Konzert_002.jpg\" width=\"265\" \/><\/a><\/p>\n<p><!--more--><\/p>\n<p>Rund 250 G\u00e4ste konnte HJK-Gesch\u00e4ftsf\u00fchrer Alexander Schmidtke im Foyer des neuen Pflegetraktes, der in wenigen Wochen er\u00f6ffnet wird, begr\u00fc\u00dfen. Ein Ansturm, mit dem die Organisatoren nicht gerechnet hatten. Zus\u00e4tzliche Sitzgelegenheiten mussten bereit gestellt werden, um allen Besuchern in dem \u00fcberf\u00fcllten \u201eKonzertsaal\u201c ein Sitzplatz anbieten zu k\u00f6nnen.<\/p>\n<p><a title=\"Foto: Max Colin Heydenreich\" rel=\"lightbox[roadtrip]\" href=\"http:\/\/www.schoene-nachrichten.de\/wp-content\/uploads\/2009\/01\/090119_Konzert_037.jpg\" target=\"_blank\"><img decoding=\"async\" src=\"http:\/\/www.schoene-nachrichten.de\/wp-content\/uploads\/2009\/01\/090119_Konzert_037.thumbnail.jpg\" alt=\"090119_Konzert_037.jpg\" width=\"265\" \/><\/a> <a title=\"Foto: Max Colin Heydenreich\" rel=\"lightbox[roadtrip]\" href=\"http:\/\/www.schoene-nachrichten.de\/wp-content\/uploads\/2009\/01\/090119_Konzert_038.jpg\" target=\"_blank\"><img decoding=\"async\" src=\"http:\/\/www.schoene-nachrichten.de\/wp-content\/uploads\/2009\/01\/090119_Konzert_038.thumbnail.jpg\" alt=\"090119_Konzert_038.jpg\" width=\"265\" \/><\/a><\/p>\n<p><a title=\"Foto: Max Colin Heydenreich\" rel=\"lightbox[roadtrip]\" href=\"http:\/\/www.schoene-nachrichten.de\/wp-content\/uploads\/2009\/01\/090119_Konzert_005.jpg\" target=\"_blank\"><img decoding=\"async\" src=\"http:\/\/www.schoene-nachrichten.de\/wp-content\/uploads\/2009\/01\/090119_Konzert_005.thumbnail.jpg\" alt=\"090119_Konzert_005.jpg\" width=\"265\" \/><\/a> <a title=\"Foto: Max Colin Heydenreich\" rel=\"lightbox[roadtrip]\" href=\"http:\/\/www.schoene-nachrichten.de\/wp-content\/uploads\/2009\/01\/090119_Konzert_006.jpg\" target=\"_blank\"><img decoding=\"async\" src=\"http:\/\/www.schoene-nachrichten.de\/wp-content\/uploads\/2009\/01\/090119_Konzert_006.thumbnail.jpg\" alt=\"090119_Konzert_006.jpg\" width=\"265\" \/><\/a><\/p>\n<p>\u201eWir sind \u00fcberrascht und sehr erfreut \u00fcber die gro\u00dfe Resonanz\u201c, sagte der Gesch\u00e4ftsf\u00fchrer in seiner Begr\u00fc\u00dfung, in der er an die gro\u00dfen Verdienste des Ordens erinnerte. \u201eUnsere Ordensschwestern vereinen gelebte N\u00e4chstenliebe, soziale Verantwortung und moderne Medizin. Sie tragen mit ihrem Handeln und ihrer Anwesenheit ganz bedeutend zu der menschlichen Atmosph\u00e4re in unserem Krankenhaus bei\u201c, betonte Schmidtke.<\/p>\n<p><a title=\"Foto: Max Colin Heydenreich\" rel=\"lightbox[roadtrip]\" href=\"http:\/\/www.schoene-nachrichten.de\/wp-content\/uploads\/2009\/01\/090119_Konzert_049.jpg\" target=\"_blank\"><img decoding=\"async\" src=\"http:\/\/www.schoene-nachrichten.de\/wp-content\/uploads\/2009\/01\/090119_Konzert_049.thumbnail.jpg\" alt=\"090119_Konzert_049.jpg\" width=\"265\" \/><\/a> <a title=\"Foto: Max Colin Heydenreich\" rel=\"lightbox[roadtrip]\" href=\"http:\/\/www.schoene-nachrichten.de\/wp-content\/uploads\/2009\/01\/090119_Konzert_050.jpg\" target=\"_blank\"><img decoding=\"async\" src=\"http:\/\/www.schoene-nachrichten.de\/wp-content\/uploads\/2009\/01\/090119_Konzert_050.thumbnail.jpg\" alt=\"090119_Konzert_050.jpg\" width=\"265\" \/><\/a><\/p>\n<p><a title=\"Foto: Max Colin Heydenreich\" rel=\"lightbox[roadtrip]\" href=\"http:\/\/www.schoene-nachrichten.de\/wp-content\/uploads\/2009\/01\/090119_Konzert_009.jpg\" target=\"_blank\"><img decoding=\"async\" src=\"http:\/\/www.schoene-nachrichten.de\/wp-content\/uploads\/2009\/01\/090119_Konzert_009.thumbnail.jpg\" alt=\"090119_Konzert_009.jpg\" width=\"265\" \/><\/a> <a title=\"Foto: Max Colin Heydenreich\" rel=\"lightbox[roadtrip]\" href=\"http:\/\/www.schoene-nachrichten.de\/wp-content\/uploads\/2009\/01\/090119_Konzert_010.jpg\" target=\"_blank\"><img decoding=\"async\" src=\"http:\/\/www.schoene-nachrichten.de\/wp-content\/uploads\/2009\/01\/090119_Konzert_010.thumbnail.jpg\" alt=\"090119_Konzert_010.jpg\" width=\"265\" \/><\/a><\/p>\n<p>Generaloberin Sr. M. Rosalia Bagus ging auf die Bedeutung der Krankenhauskapelle ein, f\u00fcr deren Sanierung um Spenden gebeten wurde. \u201eDie Kapelle\u201c, sagte Sr. M. Rosalia, \u201eist geistlicher Mittelpunkt des Krankenhauses, ist der Behandlungsraum f\u00fcr die Seele des Menschen, ist der Ort, wo der Mensch im Gebet und im stillen Verweilen in seinem Innersten das empfangen kann, was er in der jeweiligen Situation braucht.\u201c Die Kapelle sei auch Ort der Kraftquelle f\u00fcr den pflegenden und f\u00fcr den medizinischen Dienst.<\/p>\n<p><a title=\"Foto: Max Colin Heydenreich\" rel=\"lightbox[roadtrip]\" href=\"http:\/\/www.schoene-nachrichten.de\/wp-content\/uploads\/2009\/01\/090119_Konzert_047.jpg\" target=\"_blank\"><img decoding=\"async\" src=\"http:\/\/www.schoene-nachrichten.de\/wp-content\/uploads\/2009\/01\/090119_Konzert_047.thumbnail.jpg\" alt=\"090119_Konzert_047.jpg\" width=\"265\" \/><\/a> <a title=\"Foto: Max Colin Heydenreich\" rel=\"lightbox[roadtrip]\" href=\"http:\/\/www.schoene-nachrichten.de\/wp-content\/uploads\/2009\/01\/090119_Konzert_046.jpg\" target=\"_blank\"><img decoding=\"async\" src=\"http:\/\/www.schoene-nachrichten.de\/wp-content\/uploads\/2009\/01\/090119_Konzert_046.thumbnail.jpg\" alt=\"090119_Konzert_046.jpg\" width=\"265\" \/><\/a><\/p>\n<p>Die Krankenhauskapelle wurde im Jahr 1912 von den Barmherzigen Br\u00fcdern aus Montabaur erbaut und 25 Jahre sp\u00e4ter von den Barmherzigen Schwestern \u00fcbernommen. Ende der 1980er Jahre wurde die Kapelle letztmalig renoviert. Im Zuge der im November 2008 begonnenen Sanierung wird die Kassettendecke wieder in ihren Ursprungszustand versetzt; verschiedene Heiligenfiguren sowie das Altarbild werden \u00fcberarbeitet.<\/p>\n<p><a title=\"Foto: Max Colin Heydenreich\" rel=\"lightbox[roadtrip]\" href=\"http:\/\/www.schoene-nachrichten.de\/wp-content\/uploads\/2009\/01\/090119_Konzert_031.jpg\" target=\"_blank\"><img decoding=\"async\" src=\"http:\/\/www.schoene-nachrichten.de\/wp-content\/uploads\/2009\/01\/090119_Konzert_031.thumbnail.jpg\" alt=\"090119_Konzert_031.jpg\" width=\"265\" \/><\/a> <a title=\"Foto: Max Colin Heydenreich\" rel=\"lightbox[roadtrip]\" href=\"http:\/\/www.schoene-nachrichten.de\/wp-content\/uploads\/2009\/01\/090119_Konzert_032.jpg\" target=\"_blank\"><img decoding=\"async\" src=\"http:\/\/www.schoene-nachrichten.de\/wp-content\/uploads\/2009\/01\/090119_Konzert_032.thumbnail.jpg\" alt=\"090119_Konzert_032.jpg\" width=\"265\" \/><\/a><\/p>\n<p><a title=\"Foto: Max Colin Heydenreich\" rel=\"lightbox[roadtrip]\" href=\"http:\/\/www.schoene-nachrichten.de\/wp-content\/uploads\/2009\/01\/090119_Konzert_043.jpg\" target=\"_blank\"><img decoding=\"async\" src=\"http:\/\/www.schoene-nachrichten.de\/wp-content\/uploads\/2009\/01\/090119_Konzert_043.thumbnail.jpg\" alt=\"090119_Konzert_043.jpg\" width=\"265\" \/><\/a> <a title=\"Foto: Max Colin Heydenreich\" rel=\"lightbox[roadtrip]\" href=\"http:\/\/www.schoene-nachrichten.de\/wp-content\/uploads\/2009\/01\/090119_Konzert_044.jpg\" target=\"_blank\"><img decoding=\"async\" src=\"http:\/\/www.schoene-nachrichten.de\/wp-content\/uploads\/2009\/01\/090119_Konzert_044.thumbnail.jpg\" alt=\"090119_Konzert_044.jpg\" width=\"265\" \/><\/a><\/p>\n<p>\u201eF\u00fcr die Sanierung der Kapelle sind ca. 300.000 Euro erforderlich. Dieser ben\u00f6tigte Betrag wird nicht gef\u00f6rdert, sondern muss als Eigenleistung aufgebracht werden\u201c, erl\u00e4uterte der Gesch\u00e4ftsf\u00fchrer. \u201eWir freuen uns deshalb \u00fcber jeden gespendeten Euro und \u00fcber die Unterst\u00fctzung der Firmen Blumen Link, MS-Messebau-Fulda und Ahr Catering, die mit ihren Sachspenden zum Gelingen des Konzertes beigetragen haben.\u201c An Geldspenden konnten nach dem Konzert \u00fcber 1500,- Euro gez\u00e4hlt werden.<\/p>\n<p><a title=\"Foto: Max Colin Heydenreich\" rel=\"lightbox[roadtrip]\" href=\"http:\/\/www.schoene-nachrichten.de\/wp-content\/uploads\/2009\/01\/090119_Konzert_003.jpg\" target=\"_blank\"><img decoding=\"async\" src=\"http:\/\/www.schoene-nachrichten.de\/wp-content\/uploads\/2009\/01\/090119_Konzert_003.thumbnail.jpg\" alt=\"090119_Konzert_003.jpg\" width=\"265\" \/><\/a> <a title=\"Foto: Max Colin Heydenreich\" rel=\"lightbox[roadtrip]\" href=\"http:\/\/www.schoene-nachrichten.de\/wp-content\/uploads\/2009\/01\/090119_Konzert_004.jpg\" target=\"_blank\"><img decoding=\"async\" src=\"http:\/\/www.schoene-nachrichten.de\/wp-content\/uploads\/2009\/01\/090119_Konzert_004.thumbnail.jpg\" alt=\"090119_Konzert_004.jpg\" width=\"265\" \/><\/a><\/p>\n<p><a title=\"Foto: Max Colin Heydenreich\" rel=\"lightbox[roadtrip]\" href=\"http:\/\/www.schoene-nachrichten.de\/wp-content\/uploads\/2009\/01\/090119_Konzert_007.jpg\" target=\"_blank\"><img decoding=\"async\" src=\"http:\/\/www.schoene-nachrichten.de\/wp-content\/uploads\/2009\/01\/090119_Konzert_007.thumbnail.jpg\" alt=\"090119_Konzert_007.jpg\" width=\"265\" \/><\/a> <a title=\"Foto: Max Colin Heydenreich\" rel=\"lightbox[roadtrip]\" href=\"http:\/\/www.schoene-nachrichten.de\/wp-content\/uploads\/2009\/01\/090119_Konzert_008.jpg\" target=\"_blank\"><img decoding=\"async\" src=\"http:\/\/www.schoene-nachrichten.de\/wp-content\/uploads\/2009\/01\/090119_Konzert_008.thumbnail.jpg\" alt=\"090119_Konzert_008.jpg\" width=\"265\" \/><\/a><\/p>\n<p><a title=\"Foto: Max Colin Heydenreich\" rel=\"lightbox[roadtrip]\" href=\"http:\/\/www.schoene-nachrichten.de\/wp-content\/uploads\/2009\/01\/090119_Konzert_011.jpg\" target=\"_blank\"><img decoding=\"async\" src=\"http:\/\/www.schoene-nachrichten.de\/wp-content\/uploads\/2009\/01\/090119_Konzert_011.thumbnail.jpg\" alt=\"090119_Konzert_011.jpg\" width=\"265\" \/><\/a> <a title=\"Foto: Max Colin Heydenreich\" rel=\"lightbox[roadtrip]\" href=\"http:\/\/www.schoene-nachrichten.de\/wp-content\/uploads\/2009\/01\/090119_Konzert_012.jpg\" target=\"_blank\"><img decoding=\"async\" src=\"http:\/\/www.schoene-nachrichten.de\/wp-content\/uploads\/2009\/01\/090119_Konzert_012.thumbnail.jpg\" alt=\"090119_Konzert_012.jpg\" width=\"265\" \/><\/a><\/p>\n<p><a title=\"Foto: Max Colin Heydenreich\" rel=\"lightbox[roadtrip]\" href=\"http:\/\/www.schoene-nachrichten.de\/wp-content\/uploads\/2009\/01\/090119_Konzert_013.jpg\" target=\"_blank\"><img decoding=\"async\" src=\"http:\/\/www.schoene-nachrichten.de\/wp-content\/uploads\/2009\/01\/090119_Konzert_013.thumbnail.jpg\" alt=\"090119_Konzert_013.jpg\" width=\"265\" \/><\/a> <a title=\"Foto: Max Colin Heydenreich\" rel=\"lightbox[roadtrip]\" href=\"http:\/\/www.schoene-nachrichten.de\/wp-content\/uploads\/2009\/01\/090119_Konzert_014.jpg\" target=\"_blank\"><img decoding=\"async\" src=\"http:\/\/www.schoene-nachrichten.de\/wp-content\/uploads\/2009\/01\/090119_Konzert_014.thumbnail.jpg\" alt=\"090119_Konzert_014.jpg\" width=\"265\" \/><\/a><\/p>\n<p><a title=\"Foto: Max Colin Heydenreich\" rel=\"lightbox[roadtrip]\" href=\"http:\/\/www.schoene-nachrichten.de\/wp-content\/uploads\/2009\/01\/090119_Konzert_045.jpg\" target=\"_blank\"><img decoding=\"async\" src=\"http:\/\/www.schoene-nachrichten.de\/wp-content\/uploads\/2009\/01\/090119_Konzert_045.thumbnail.jpg\" alt=\"090119_Konzert_045.jpg\" width=\"265\" \/><\/a> <a title=\"Foto: Max Colin Heydenreich\" rel=\"lightbox[roadtrip]\" href=\"http:\/\/www.schoene-nachrichten.de\/wp-content\/uploads\/2009\/01\/090119_Konzert_048.jpg\" target=\"_blank\"><img decoding=\"async\" src=\"http:\/\/www.schoene-nachrichten.de\/wp-content\/uploads\/2009\/01\/090119_Konzert_048.thumbnail.jpg\" alt=\"090119_Konzert_048.jpg\" width=\"265\" \/><\/a><\/p>\n<p><a title=\"Foto: Max Colin Heydenreich\" rel=\"lightbox[roadtrip]\" href=\"http:\/\/www.schoene-nachrichten.de\/wp-content\/uploads\/2009\/01\/090119_Konzert_015.jpg\" target=\"_blank\"><img decoding=\"async\" src=\"http:\/\/www.schoene-nachrichten.de\/wp-content\/uploads\/2009\/01\/090119_Konzert_015.thumbnail.jpg\" alt=\"090119_Konzert_015.jpg\" width=\"265\" \/><\/a> <a title=\"Foto: Max Colin Heydenreich\" rel=\"lightbox[roadtrip]\" href=\"http:\/\/www.schoene-nachrichten.de\/wp-content\/uploads\/2009\/01\/090119_Konzert_016.jpg\" target=\"_blank\"><img decoding=\"async\" src=\"http:\/\/www.schoene-nachrichten.de\/wp-content\/uploads\/2009\/01\/090119_Konzert_016.thumbnail.jpg\" alt=\"090119_Konzert_016.jpg\" width=\"265\" \/><\/a><\/p>\n<p><a title=\"Foto: Max Colin Heydenreich\" rel=\"lightbox[roadtrip]\" href=\"http:\/\/www.schoene-nachrichten.de\/wp-content\/uploads\/2009\/01\/090119_Konzert_042.jpg\" target=\"_blank\"><img decoding=\"async\" src=\"http:\/\/www.schoene-nachrichten.de\/wp-content\/uploads\/2009\/01\/090119_Konzert_042.thumbnail.jpg\" alt=\"090119_Konzert_042.jpg\" width=\"265\" \/><\/a> <a title=\"Foto: Max Colin Heydenreich\" rel=\"lightbox[roadtrip]\" href=\"http:\/\/www.schoene-nachrichten.de\/wp-content\/uploads\/2009\/01\/090119_Konzert_055.jpg\" target=\"_blank\"><img decoding=\"async\" src=\"http:\/\/www.schoene-nachrichten.de\/wp-content\/uploads\/2009\/01\/090119_Konzert_055.thumbnail.jpg\" alt=\"090119_Konzert_055.jpg\" width=\"265\" \/><\/a><\/p>\n<p><a title=\"Foto: Max Colin Heydenreich\" rel=\"lightbox[roadtrip]\" href=\"http:\/\/www.schoene-nachrichten.de\/wp-content\/uploads\/2009\/01\/090119_Konzert_017.jpg\" target=\"_blank\"><img decoding=\"async\" src=\"http:\/\/www.schoene-nachrichten.de\/wp-content\/uploads\/2009\/01\/090119_Konzert_017.thumbnail.jpg\" alt=\"090119_Konzert_017.jpg\" width=\"265\" \/><\/a> <a title=\"Foto: Max Colin Heydenreich\" rel=\"lightbox[roadtrip]\" href=\"http:\/\/www.schoene-nachrichten.de\/wp-content\/uploads\/2009\/01\/090119_Konzert_018.jpg\" target=\"_blank\"><img decoding=\"async\" src=\"http:\/\/www.schoene-nachrichten.de\/wp-content\/uploads\/2009\/01\/090119_Konzert_018.thumbnail.jpg\" alt=\"090119_Konzert_018.jpg\" width=\"265\" \/><\/a><\/p>\n<p><a title=\"Foto: Max Colin Heydenreich\" rel=\"lightbox[roadtrip]\" href=\"http:\/\/www.schoene-nachrichten.de\/wp-content\/uploads\/2009\/01\/090119_Konzert_019.jpg\" target=\"_blank\"><img decoding=\"async\" src=\"http:\/\/www.schoene-nachrichten.de\/wp-content\/uploads\/2009\/01\/090119_Konzert_019.thumbnail.jpg\" alt=\"090119_Konzert_019.jpg\" width=\"265\" \/><\/a> <a title=\"Foto: Max Colin Heydenreich\" rel=\"lightbox[roadtrip]\" href=\"http:\/\/www.schoene-nachrichten.de\/wp-content\/uploads\/2009\/01\/090119_Konzert_020.jpg\" target=\"_blank\"><img decoding=\"async\" src=\"http:\/\/www.schoene-nachrichten.de\/wp-content\/uploads\/2009\/01\/090119_Konzert_020.thumbnail.jpg\" alt=\"090119_Konzert_020.jpg\" width=\"265\" \/><\/a><\/p>\n<p><a title=\"Foto: Max Colin Heydenreich\" rel=\"lightbox[roadtrip]\" href=\"http:\/\/www.schoene-nachrichten.de\/wp-content\/uploads\/2009\/01\/090119_Konzert_051.jpg\" target=\"_blank\"><img decoding=\"async\" src=\"http:\/\/www.schoene-nachrichten.de\/wp-content\/uploads\/2009\/01\/090119_Konzert_051.thumbnail.jpg\" alt=\"090119_Konzert_051.jpg\" width=\"265\" \/><\/a> <a title=\"Foto: Max Colin Heydenreich\" rel=\"lightbox[roadtrip]\" href=\"http:\/\/www.schoene-nachrichten.de\/wp-content\/uploads\/2009\/01\/090119_Konzert_052.jpg\" target=\"_blank\"><img decoding=\"async\" src=\"http:\/\/www.schoene-nachrichten.de\/wp-content\/uploads\/2009\/01\/090119_Konzert_052.thumbnail.jpg\" alt=\"090119_Konzert_052.jpg\" width=\"265\" \/><\/a><\/p>\n<p><a title=\"Foto: Max Colin Heydenreich\" rel=\"lightbox[roadtrip]\" href=\"http:\/\/www.schoene-nachrichten.de\/wp-content\/uploads\/2009\/01\/090119_Konzert_021.jpg\" target=\"_blank\"><img decoding=\"async\" src=\"http:\/\/www.schoene-nachrichten.de\/wp-content\/uploads\/2009\/01\/090119_Konzert_021.thumbnail.jpg\" alt=\"090119_Konzert_021.jpg\" width=\"265\" \/><\/a> <a title=\"Foto: Max Colin Heydenreich\" rel=\"lightbox[roadtrip]\" href=\"http:\/\/www.schoene-nachrichten.de\/wp-content\/uploads\/2009\/01\/090119_Konzert_022.jpg\" target=\"_blank\"><img decoding=\"async\" src=\"http:\/\/www.schoene-nachrichten.de\/wp-content\/uploads\/2009\/01\/090119_Konzert_022.thumbnail.jpg\" alt=\"090119_Konzert_022.jpg\" width=\"265\" \/><\/a><\/p>\n<p><a title=\"Foto: Max Colin Heydenreich\" rel=\"lightbox[roadtrip]\" href=\"http:\/\/www.schoene-nachrichten.de\/wp-content\/uploads\/2009\/01\/090119_Konzert_023.jpg\" target=\"_blank\"><img decoding=\"async\" src=\"http:\/\/www.schoene-nachrichten.de\/wp-content\/uploads\/2009\/01\/090119_Konzert_023.thumbnail.jpg\" alt=\"090119_Konzert_023.jpg\" width=\"265\" \/><\/a> <a title=\"Foto: Max Colin Heydenreich\" rel=\"lightbox[roadtrip]\" href=\"http:\/\/www.schoene-nachrichten.de\/wp-content\/uploads\/2009\/01\/090119_Konzert_024.jpg\" target=\"_blank\"><img decoding=\"async\" src=\"http:\/\/www.schoene-nachrichten.de\/wp-content\/uploads\/2009\/01\/090119_Konzert_024.thumbnail.jpg\" alt=\"090119_Konzert_024.jpg\" width=\"265\" \/><\/a><\/p>\n<p><a title=\"Foto: Max Colin Heydenreich\" rel=\"lightbox[roadtrip]\" href=\"http:\/\/www.schoene-nachrichten.de\/wp-content\/uploads\/2009\/01\/090119_Konzert_025.jpg\" target=\"_blank\"><img decoding=\"async\" src=\"http:\/\/www.schoene-nachrichten.de\/wp-content\/uploads\/2009\/01\/090119_Konzert_025.thumbnail.jpg\" alt=\"090119_Konzert_025.jpg\" width=\"265\" \/><\/a> <a title=\"Foto: Max Colin Heydenreich\" rel=\"lightbox[roadtrip]\" href=\"http:\/\/www.schoene-nachrichten.de\/wp-content\/uploads\/2009\/01\/090119_Konzert_026.jpg\" target=\"_blank\"><img decoding=\"async\" src=\"http:\/\/www.schoene-nachrichten.de\/wp-content\/uploads\/2009\/01\/090119_Konzert_026.thumbnail.jpg\" alt=\"090119_Konzert_026.jpg\" width=\"265\" \/><\/a><\/p>\n<p><a title=\"Foto: Max Colin Heydenreich\" rel=\"lightbox[roadtrip]\" href=\"http:\/\/www.schoene-nachrichten.de\/wp-content\/uploads\/2009\/01\/090119_Konzert_027.jpg\" target=\"_blank\"><img decoding=\"async\" src=\"http:\/\/www.schoene-nachrichten.de\/wp-content\/uploads\/2009\/01\/090119_Konzert_027.thumbnail.jpg\" alt=\"090119_Konzert_027.jpg\" width=\"265\" \/><\/a> <a title=\"Foto: Max Colin Heydenreich\" rel=\"lightbox[roadtrip]\" href=\"http:\/\/www.schoene-nachrichten.de\/wp-content\/uploads\/2009\/01\/090119_Konzert_028.jpg\" target=\"_blank\"><img decoding=\"async\" src=\"http:\/\/www.schoene-nachrichten.de\/wp-content\/uploads\/2009\/01\/090119_Konzert_028.thumbnail.jpg\" alt=\"090119_Konzert_028.jpg\" width=\"265\" \/><\/a><\/p>\n<p><a title=\"Foto: Max Colin Heydenreich\" rel=\"lightbox[roadtrip]\" href=\"http:\/\/www.schoene-nachrichten.de\/wp-content\/uploads\/2009\/01\/090119_Konzert_029.jpg\" target=\"_blank\"><img decoding=\"async\" src=\"http:\/\/www.schoene-nachrichten.de\/wp-content\/uploads\/2009\/01\/090119_Konzert_029.thumbnail.jpg\" alt=\"090119_Konzert_029.jpg\" width=\"265\" \/><\/a> <a title=\"Foto: Max Colin Heydenreich\" rel=\"lightbox[roadtrip]\" href=\"http:\/\/www.schoene-nachrichten.de\/wp-content\/uploads\/2009\/01\/090119_Konzert_030.jpg\" target=\"_blank\"><img decoding=\"async\" src=\"http:\/\/www.schoene-nachrichten.de\/wp-content\/uploads\/2009\/01\/090119_Konzert_030.thumbnail.jpg\" alt=\"090119_Konzert_030.jpg\" width=\"265\" \/><\/a><\/p>\n<p><a title=\"Foto: Max Colin Heydenreich\" rel=\"lightbox[roadtrip]\" href=\"http:\/\/www.schoene-nachrichten.de\/wp-content\/uploads\/2009\/01\/090119_Konzert_033.jpg\" target=\"_blank\"><img decoding=\"async\" src=\"http:\/\/www.schoene-nachrichten.de\/wp-content\/uploads\/2009\/01\/090119_Konzert_033.thumbnail.jpg\" alt=\"090119_Konzert_033.jpg\" width=\"265\" \/><\/a> <a title=\"Foto: Max Colin Heydenreich\" rel=\"lightbox[roadtrip]\" href=\"http:\/\/www.schoene-nachrichten.de\/wp-content\/uploads\/2009\/01\/090119_Konzert_034.jpg\" target=\"_blank\"><img decoding=\"async\" src=\"http:\/\/www.schoene-nachrichten.de\/wp-content\/uploads\/2009\/01\/090119_Konzert_034.thumbnail.jpg\" alt=\"090119_Konzert_034.jpg\" width=\"265\" \/><\/a><\/p>\n<p><a title=\"Foto: Max Colin Heydenreich\" rel=\"lightbox[roadtrip]\" href=\"http:\/\/www.schoene-nachrichten.de\/wp-content\/uploads\/2009\/01\/090119_Konzert_036.jpg\" target=\"_blank\"><img decoding=\"async\" src=\"http:\/\/www.schoene-nachrichten.de\/wp-content\/uploads\/2009\/01\/090119_Konzert_036.thumbnail.jpg\" alt=\"090119_Konzert_036.jpg\" width=\"265\" \/><\/a> <a title=\"Foto: Max Colin Heydenreich\" rel=\"lightbox[roadtrip]\" href=\"http:\/\/www.schoene-nachrichten.de\/wp-content\/uploads\/2009\/01\/090119_Konzert_039.jpg\" target=\"_blank\"><img decoding=\"async\" src=\"http:\/\/www.schoene-nachrichten.de\/wp-content\/uploads\/2009\/01\/090119_Konzert_039.thumbnail.jpg\" alt=\"090119_Konzert_039.jpg\" width=\"265\" \/><\/a><\/p>\n<p><a title=\"Foto: Max Colin Heydenreich\" rel=\"lightbox[roadtrip]\" href=\"http:\/\/www.schoene-nachrichten.de\/wp-content\/uploads\/2009\/01\/090119_Konzert_053.jpg\" target=\"_blank\"><img decoding=\"async\" src=\"http:\/\/www.schoene-nachrichten.de\/wp-content\/uploads\/2009\/01\/090119_Konzert_053.thumbnail.jpg\" alt=\"090119_Konzert_053.jpg\" width=\"265\" \/><\/a> <a title=\"Foto: Max Colin Heydenreich\" rel=\"lightbox[roadtrip]\" href=\"http:\/\/www.schoene-nachrichten.de\/wp-content\/uploads\/2009\/01\/090119_Konzert_054.jpg\" target=\"_blank\"><img decoding=\"async\" src=\"http:\/\/www.schoene-nachrichten.de\/wp-content\/uploads\/2009\/01\/090119_Konzert_054.thumbnail.jpg\" alt=\"090119_Konzert_054.jpg\" width=\"265\" \/><\/a><\/p>\n","protected":false},"excerpt":{"rendered":"<div class=\"tmnf_excerpt\"><p>Fulda. \u201eGottes Liebe geht weiter\u201c -\u00c2\u00a0 so lautet das Leitwort der Barmherzigen Schwestern vom heiligen Vinzenz von Paul, die in diesem Jahr ihr 175-j\u00e4hriges Wirken im Bistum Fulda feiern k\u00f6nnen. Anl\u00e4sslich dieses Jubil\u00e4ums hatte das Herz-Jesu-Krankenhaus am Sonntag zu einem Konzert mit dem \u201eH\u00fcnfelder Kammerorchester an der Wigbertschule\u201c eingeladen. Die Musikerinnen und Musiker pr\u00e4sentierten unter &hellip;<\/p>\n<\/div>","protected":false},"author":1,"featured_media":0,"comment_status":"closed","ping_status":"closed","sticky":false,"template":"","format":"standard","meta":{"footnotes":""},"categories":[1,54,51,50,78],"tags":[],"class_list":["post-19638","post","type-post","status-publish","format-standard","hentry","category-startseite","category-bildergalerien","category-medizin","category-kirche","category-topthema"],"_links":{"self":[{"href":"https:\/\/www.fuldaernachrichten.de\/index.php?rest_route=\/wp\/v2\/posts\/19638","targetHints":{"allow":["GET"]}}],"collection":[{"href":"https:\/\/www.fuldaernachrichten.de\/index.php?rest_route=\/wp\/v2\/posts"}],"about":[{"href":"https:\/\/www.fuldaernachrichten.de\/index.php?rest_route=\/wp\/v2\/types\/post"}],"author":[{"embeddable":true,"href":"https:\/\/www.fuldaernachrichten.de\/index.php?rest_route=\/wp\/v2\/users\/1"}],"replies":[{"embeddable":true,"href":"https:\/\/www.fuldaernachrichten.de\/index.php?rest_route=%2Fwp%2Fv2%2Fcomments&post=19638"}],"version-history":[{"count":5,"href":"https:\/\/www.fuldaernachrichten.de\/index.php?rest_route=\/wp\/v2\/posts\/19638\/revisions"}],"predecessor-version":[{"id":19693,"href":"https:\/\/www.fuldaernachrichten.de\/index.php?rest_route=\/wp\/v2\/posts\/19638\/revisions\/19693"}],"wp:attachment":[{"href":"https:\/\/www.fuldaernachrichten.de\/index.php?rest_route=%2Fwp%2Fv2%2Fmedia&parent=19638"}],"wp:term":[{"taxonomy":"category","embeddable":true,"href":"https:\/\/www.fuldaernachrichten.de\/index.php?rest_route=%2Fwp%2Fv2%2Fcategories&post=19638"},{"taxonomy":"post_tag","embeddable":true,"href":"https:\/\/www.fuldaernachrichten.de\/index.php?rest_route=%2Fwp%2Fv2%2Ftags&post=19638"}],"curies":[{"name":"wp","href":"https:\/\/api.w.org\/{rel}","templated":true}]}}