{"id":19603,"date":"2009-01-18T00:05:52","date_gmt":"2009-01-17T23:05:52","guid":{"rendered":"http:\/\/www.schoene-nachrichten.de\/?p=19603"},"modified":"2009-01-18T15:25:33","modified_gmt":"2009-01-18T14:25:33","slug":"auszeitklasse-kooperationsprojekt-von-landkreis-und-stadt-fulda-sowie-staatlichem-schulamt","status":"publish","type":"post","link":"https:\/\/www.fuldaernachrichten.de\/?p=19603","title":{"rendered":"&#8220;Auszeitklasse&#8221; offiziell er\u00f6ffnet &#8211; Kooperationsprojekt von Landkreis und Stadt Fulda sowie Staatlichem Schulamt"},"content":{"rendered":"<p><a title=\"Foto: Max Colin Heydenreich\" rel=\"lightbox[roadtrip]\" href=\"http:\/\/www.schoene-nachrichten.de\/wp-content\/uploads\/2009\/01\/090118_Klasse_021.jpg\" target=\"_blank\"><img decoding=\"async\" src=\"http:\/\/www.schoene-nachrichten.de\/wp-content\/uploads\/2009\/01\/090118_Klasse_021.jpg\" alt=\"090118_Klasse_021.jpg\" width=\"560\" \/><\/a><\/p>\n<p><strong>Fulda.<\/strong> \u201eSei freundlich!\u201c und \u201eHalte Ordnung!\u201c \u2013 diese zwei Grundregeln prangen in gro\u00dfen Lettern auf einer roten Pinnwand im Klassenraum der Auszeitklasse, die seit dem 1. Dezember 2008 von sechs Sch\u00fclerinnen und Sch\u00fclern aus dem Landkreis und der Stadt Fulda besucht wird. Klare Regeln und feste Strukturen helfen den Kindern der Klassenstufe 1 bis 6 bei der Bew\u00e4ltigung ihrer Lern- und Verhaltensprobleme, mit denen sie in Schule und Elternhaus schon l\u00e4ngere Zeit aufgefallen und angeeckt sind. In der Auszeitklasse bekommen sie \u00fcber drei oder vier Monate eine intensive F\u00f6rderung von Lehrkr\u00e4ften und Sozialp\u00e4dagogen. Das Ziel ist die ReIntegration in die Stammschule anstelle einer dauerhaften Unterbringung in einer F\u00f6rderschule.<\/p>\n<p><strong>Fotos (21):<\/strong> Max Colin Heydenreich<\/p>\n<p><a title=\"Foto: Max Colin Heydenreich\" rel=\"lightbox[roadtrip]\" href=\"http:\/\/www.schoene-nachrichten.de\/wp-content\/uploads\/2009\/01\/090118_Klasse_001.jpg\" target=\"_blank\"><img decoding=\"async\" src=\"http:\/\/www.schoene-nachrichten.de\/wp-content\/uploads\/2009\/01\/090118_Klasse_001.thumbnail.jpg\" alt=\"090118_Klasse_001.jpg\" width=\"265\" \/><\/a> <a title=\"Foto: Max Colin Heydenreich\" rel=\"lightbox[roadtrip]\" href=\"http:\/\/www.schoene-nachrichten.de\/wp-content\/uploads\/2009\/01\/090118_Klasse_002.jpg\" target=\"_blank\"><img decoding=\"async\" src=\"http:\/\/www.schoene-nachrichten.de\/wp-content\/uploads\/2009\/01\/090118_Klasse_002.thumbnail.jpg\" alt=\"090118_Klasse_002.jpg\" width=\"265\" \/><\/a><\/p>\n<p><!--more--><\/p>\n<p>Nachdem Ende Oktober der Landkreis und die Stadt Fulda sowie das Staatliche Schulamt die Einrichtung einer Auszeitklasse schriftlich besiegelt hatten, wurde sie am gestrigen Freitag offiziell durch den Ersten Kreisbeigeordneten Dr. Heiko Wingenfeld, B\u00fcrgermeister Dr. Wolfgang Dippel und Heidtrud Paschmann vom Staatlichen Schulamt er\u00f6ffnet.<\/p>\n<p><a title=\"Foto: Max Colin Heydenreich\" rel=\"lightbox[roadtrip]\" href=\"http:\/\/www.schoene-nachrichten.de\/wp-content\/uploads\/2009\/01\/090118_Klasse_015.jpg\" target=\"_blank\"><img decoding=\"async\" src=\"http:\/\/www.schoene-nachrichten.de\/wp-content\/uploads\/2009\/01\/090118_Klasse_015.thumbnail.jpg\" alt=\"090118_Klasse_015.jpg\" width=\"265\" \/><\/a> <a title=\"Foto: Max Colin Heydenreich\" rel=\"lightbox[roadtrip]\" href=\"http:\/\/www.schoene-nachrichten.de\/wp-content\/uploads\/2009\/01\/090118_Klasse_016.jpg\" target=\"_blank\"><img decoding=\"async\" src=\"http:\/\/www.schoene-nachrichten.de\/wp-content\/uploads\/2009\/01\/090118_Klasse_016.thumbnail.jpg\" alt=\"090118_Klasse_016.jpg\" width=\"265\" \/><\/a><\/p>\n<p>Die Idee der Auszeitklasse geht auf das Netzwerk f\u00fcr Erziehungshilfe zur\u00fcck, das im Jahr 2004 von der Jugendhilfe des Landkreises und der Stadt Fulda sowie dem Staatlichen Schulamt gegr\u00fcndet wurde und einmalig in Hessen ist. Dass es vier Jahre bis zur Realisierung gedauert hat, ist laut Dr. Wingenfeld darauf zur\u00fcckzuf\u00fchren, dass es lange keine geeigneten R\u00e4umlichkeiten und entsprechende Personalstellen gegeben habe.<\/p>\n<p><a title=\"Foto: Max Colin Heydenreich\" rel=\"lightbox[roadtrip]\" href=\"http:\/\/www.schoene-nachrichten.de\/wp-content\/uploads\/2009\/01\/090118_Klasse_007.jpg\" target=\"_blank\"><img decoding=\"async\" src=\"http:\/\/www.schoene-nachrichten.de\/wp-content\/uploads\/2009\/01\/090118_Klasse_007.thumbnail.jpg\" alt=\"090118_Klasse_007.jpg\" width=\"265\" \/><\/a> <a title=\"Foto: Max Colin Heydenreich\" rel=\"lightbox[roadtrip]\" href=\"http:\/\/www.schoene-nachrichten.de\/wp-content\/uploads\/2009\/01\/090118_Klasse_008.jpg\" target=\"_blank\"><img decoding=\"async\" src=\"http:\/\/www.schoene-nachrichten.de\/wp-content\/uploads\/2009\/01\/090118_Klasse_008.thumbnail.jpg\" alt=\"090118_Klasse_008.jpg\" width=\"265\" \/><\/a><\/p>\n<p>Im vergangenen Jahr \u00e4nderten sich die Rahmenbedingungen \u2013 die Hausmeisterwohnung der Winfriedschule wurde frei und schien die idealen Voraussetzungen f\u00fcr eine Auszeitklasse mitzubringen. Auch die Personalfrage konnte gekl\u00e4rt werden \u2013 zwei Lehrk\u00e4fte und zwei Sozialp\u00e4dagoginnen k\u00fcmmern sich nun um eine intensive F\u00f6rderung der Kinder.<\/p>\n<p><a title=\"Foto: Max Colin Heydenreich\" rel=\"lightbox[roadtrip]\" href=\"http:\/\/www.schoene-nachrichten.de\/wp-content\/uploads\/2009\/01\/090118_Klasse_013.jpg\" target=\"_blank\"><img decoding=\"async\" src=\"http:\/\/www.schoene-nachrichten.de\/wp-content\/uploads\/2009\/01\/090118_Klasse_013.thumbnail.jpg\" alt=\"090118_Klasse_013.jpg\" width=\"265\" \/><\/a> <a title=\"Foto: Max Colin Heydenreich\" rel=\"lightbox[roadtrip]\" href=\"http:\/\/www.schoene-nachrichten.de\/wp-content\/uploads\/2009\/01\/090118_Klasse_014.jpg\" target=\"_blank\"><img decoding=\"async\" src=\"http:\/\/www.schoene-nachrichten.de\/wp-content\/uploads\/2009\/01\/090118_Klasse_014.thumbnail.jpg\" alt=\"090118_Klasse_014.jpg\" width=\"265\" \/><\/a><\/p>\n<p>\u201eIn der Auszeitklasse k\u00f6nnen sich die Kinder selbst finden, sich neu strukturieren und einen neuen Anfang machen\u201c, erkl\u00e4rte Heidtrud Paschmann. Dabei laufe es zwar nicht immer problemlos und harmonisch ab, dennoch gebe es die R\u00fcckmeldung der Eltern, dass die Kinder die Situation als sehr positiv empf\u00e4nden und gern in die Auszeitklasse k\u00e4men.<\/p>\n<p><a title=\"Foto: Max Colin Heydenreich\" rel=\"lightbox[roadtrip]\" href=\"http:\/\/www.schoene-nachrichten.de\/wp-content\/uploads\/2009\/01\/090118_Klasse_005.jpg\" target=\"_blank\"><img decoding=\"async\" src=\"http:\/\/www.schoene-nachrichten.de\/wp-content\/uploads\/2009\/01\/090118_Klasse_005.thumbnail.jpg\" alt=\"090118_Klasse_005.jpg\" width=\"265\" \/><\/a> <a title=\"Foto: Max Colin Heydenreich\" rel=\"lightbox[roadtrip]\" href=\"http:\/\/www.schoene-nachrichten.de\/wp-content\/uploads\/2009\/01\/090118_Klasse_006.jpg\" target=\"_blank\"><img decoding=\"async\" src=\"http:\/\/www.schoene-nachrichten.de\/wp-content\/uploads\/2009\/01\/090118_Klasse_006.thumbnail.jpg\" alt=\"090118_Klasse_006.jpg\" width=\"265\" \/><\/a><\/p>\n<p>Eine Anmeldung f\u00fcr die Auszeitklasse ist allerdings nicht m\u00f6glich, sondern die Schulen mel-den f\u00f6rderbed\u00fcrftige Kinder an das Netzwerk. Dort entscheidet eine Steuergruppe, welche Kinder aufgenommen werden &#8211; Voraussetzung f\u00fcr die Aufnahme ist die Zustimmung der Eltern.<\/p>\n<p><a title=\"Foto: Max Colin Heydenreich\" rel=\"lightbox[roadtrip]\" href=\"http:\/\/www.schoene-nachrichten.de\/wp-content\/uploads\/2009\/01\/090118_Klasse_011.jpg\" target=\"_blank\"><img decoding=\"async\" src=\"http:\/\/www.schoene-nachrichten.de\/wp-content\/uploads\/2009\/01\/090118_Klasse_011.thumbnail.jpg\" alt=\"090118_Klasse_011.jpg\" width=\"265\" \/><\/a> <a title=\"Foto: Max Colin Heydenreich\" rel=\"lightbox[roadtrip]\" href=\"http:\/\/www.schoene-nachrichten.de\/wp-content\/uploads\/2009\/01\/090118_Klasse_012.jpg\" target=\"_blank\"><img decoding=\"async\" src=\"http:\/\/www.schoene-nachrichten.de\/wp-content\/uploads\/2009\/01\/090118_Klasse_012.thumbnail.jpg\" alt=\"090118_Klasse_012.jpg\" width=\"265\" \/><\/a><\/p>\n<p>B\u00fcrgermeister Dr. Wolfgang Dippel sprach angesichts dieses Modells von einer \u201eVorreiterrolle der Region\u201c und geht davon aus, dass es nicht bei einer Auszeitklasse bleiben wird. Der Erste Kreisbeigeordnete erkl\u00e4rte: \u201eWir k\u00f6nnen es uns nicht erlauben, diese Kinder und Jugendlichen nicht zu f\u00f6rdern. Wir d\u00fcrfen schlichtweg niemanden auf der Strecke lassen!\u201c<\/p>\n<p><a title=\"Foto: Max Colin Heydenreich\" rel=\"lightbox[roadtrip]\" href=\"http:\/\/www.schoene-nachrichten.de\/wp-content\/uploads\/2009\/01\/090118_Klasse_019.jpg\" target=\"_blank\"><img decoding=\"async\" src=\"http:\/\/www.schoene-nachrichten.de\/wp-content\/uploads\/2009\/01\/090118_Klasse_019.thumbnail.jpg\" alt=\"090118_Klasse_019.jpg\" width=\"265\" \/><\/a> <a title=\"Foto: Max Colin Heydenreich\" rel=\"lightbox[roadtrip]\" href=\"http:\/\/www.schoene-nachrichten.de\/wp-content\/uploads\/2009\/01\/090118_Klasse_020.jpg\" target=\"_blank\"><img decoding=\"async\" src=\"http:\/\/www.schoene-nachrichten.de\/wp-content\/uploads\/2009\/01\/090118_Klasse_020.thumbnail.jpg\" alt=\"090118_Klasse_020.jpg\" width=\"265\" \/><\/a><\/p>\n<p>Abschlie\u00dfend w\u00fcnschte er den Mitarbeiterinnen und Mitarbeitern viel Kraft und Energie sowie den erhofften Erfolg, um die Kinder auf einen anderen Entwicklungsweg zu bringen. Im Anschluss an die Feierstunde wurden die neuen R\u00e4umlichkeiten des Netzwerks f\u00fcr\u00c2\u00a0 Erziehungshilfe besichtigt, das in der Leipziger Stra\u00dfe \u2013 knapp 200 Meter von der Auszeitklasse entfernt \u2013 ein neues Domizil gefunden hat.<br \/>\n<strong><br \/>\n<\/strong><\/p>\n<p><a title=\"Foto: Max Colin Heydenreich\" rel=\"lightbox[roadtrip]\" href=\"http:\/\/www.schoene-nachrichten.de\/wp-content\/uploads\/2009\/01\/090118_Klasse_003.jpg\" target=\"_blank\"><img decoding=\"async\" src=\"http:\/\/www.schoene-nachrichten.de\/wp-content\/uploads\/2009\/01\/090118_Klasse_003.thumbnail.jpg\" alt=\"090118_Klasse_003.jpg\" width=\"265\" \/><\/a> <a title=\"Foto: Max Colin Heydenreich\" rel=\"lightbox[roadtrip]\" href=\"http:\/\/www.schoene-nachrichten.de\/wp-content\/uploads\/2009\/01\/090118_Klasse_004.jpg\" target=\"_blank\"><img decoding=\"async\" src=\"http:\/\/www.schoene-nachrichten.de\/wp-content\/uploads\/2009\/01\/090118_Klasse_004.thumbnail.jpg\" alt=\"090118_Klasse_004.jpg\" width=\"265\" \/><\/a><\/p>\n<p><a title=\"Foto: Max Colin Heydenreich\" rel=\"lightbox[roadtrip]\" href=\"http:\/\/www.schoene-nachrichten.de\/wp-content\/uploads\/2009\/01\/090118_Klasse_009.jpg\" target=\"_blank\"><img decoding=\"async\" src=\"http:\/\/www.schoene-nachrichten.de\/wp-content\/uploads\/2009\/01\/090118_Klasse_009.thumbnail.jpg\" alt=\"090118_Klasse_009.jpg\" width=\"265\" \/><\/a> <a title=\"Foto: Max Colin Heydenreich\" rel=\"lightbox[roadtrip]\" href=\"http:\/\/www.schoene-nachrichten.de\/wp-content\/uploads\/2009\/01\/090118_Klasse_010.jpg\" target=\"_blank\"><img decoding=\"async\" src=\"http:\/\/www.schoene-nachrichten.de\/wp-content\/uploads\/2009\/01\/090118_Klasse_010.thumbnail.jpg\" alt=\"090118_Klasse_010.jpg\" width=\"265\" \/><\/a><\/p>\n<p><a title=\"Foto: Max Colin Heydenreich\" rel=\"lightbox[roadtrip]\" href=\"http:\/\/www.schoene-nachrichten.de\/wp-content\/uploads\/2009\/01\/090118_Klasse_017.jpg\" target=\"_blank\"><img decoding=\"async\" src=\"http:\/\/www.schoene-nachrichten.de\/wp-content\/uploads\/2009\/01\/090118_Klasse_017.thumbnail.jpg\" alt=\"090118_Klasse_017.jpg\" width=\"265\" \/><\/a> <a title=\"Foto: Max Colin Heydenreich\" rel=\"lightbox[roadtrip]\" href=\"http:\/\/www.schoene-nachrichten.de\/wp-content\/uploads\/2009\/01\/090118_Klasse_018.jpg\" target=\"_blank\"><img decoding=\"async\" src=\"http:\/\/www.schoene-nachrichten.de\/wp-content\/uploads\/2009\/01\/090118_Klasse_018.thumbnail.jpg\" alt=\"090118_Klasse_018.jpg\" width=\"265\" \/><\/a><\/p>\n","protected":false},"excerpt":{"rendered":"<div class=\"tmnf_excerpt\"><p>Fulda. \u201eSei freundlich!\u201c und \u201eHalte Ordnung!\u201c \u2013 diese zwei Grundregeln prangen in gro\u00dfen Lettern auf einer roten Pinnwand im Klassenraum der Auszeitklasse, die seit dem 1. Dezember 2008 von sechs Sch\u00fclerinnen und Sch\u00fclern aus dem Landkreis und der Stadt Fulda besucht wird. Klare Regeln und feste Strukturen helfen den Kindern der Klassenstufe 1 bis 6 &hellip;<\/p>\n<\/div>","protected":false},"author":1,"featured_media":0,"comment_status":"closed","ping_status":"closed","sticky":false,"template":"","format":"standard","meta":{"footnotes":""},"categories":[1,54,53,72,29,78],"tags":[],"class_list":["post-19603","post","type-post","status-publish","format-standard","hentry","category-startseite","category-bildergalerien","category-bildung","category-jugend","category-politik","category-topthema"],"_links":{"self":[{"href":"https:\/\/www.fuldaernachrichten.de\/index.php?rest_route=\/wp\/v2\/posts\/19603","targetHints":{"allow":["GET"]}}],"collection":[{"href":"https:\/\/www.fuldaernachrichten.de\/index.php?rest_route=\/wp\/v2\/posts"}],"about":[{"href":"https:\/\/www.fuldaernachrichten.de\/index.php?rest_route=\/wp\/v2\/types\/post"}],"author":[{"embeddable":true,"href":"https:\/\/www.fuldaernachrichten.de\/index.php?rest_route=\/wp\/v2\/users\/1"}],"replies":[{"embeddable":true,"href":"https:\/\/www.fuldaernachrichten.de\/index.php?rest_route=%2Fwp%2Fv2%2Fcomments&post=19603"}],"version-history":[{"count":2,"href":"https:\/\/www.fuldaernachrichten.de\/index.php?rest_route=\/wp\/v2\/posts\/19603\/revisions"}],"predecessor-version":[{"id":19611,"href":"https:\/\/www.fuldaernachrichten.de\/index.php?rest_route=\/wp\/v2\/posts\/19603\/revisions\/19611"}],"wp:attachment":[{"href":"https:\/\/www.fuldaernachrichten.de\/index.php?rest_route=%2Fwp%2Fv2%2Fmedia&parent=19603"}],"wp:term":[{"taxonomy":"category","embeddable":true,"href":"https:\/\/www.fuldaernachrichten.de\/index.php?rest_route=%2Fwp%2Fv2%2Fcategories&post=19603"},{"taxonomy":"post_tag","embeddable":true,"href":"https:\/\/www.fuldaernachrichten.de\/index.php?rest_route=%2Fwp%2Fv2%2Ftags&post=19603"}],"curies":[{"name":"wp","href":"https:\/\/api.w.org\/{rel}","templated":true}]}}