{"id":1953,"date":"2007-03-03T12:13:16","date_gmt":"2007-03-03T11:13:16","guid":{"rendered":"http:\/\/www.schoene-nachrichten.de\/?p=1953"},"modified":"2007-03-03T13:13:43","modified_gmt":"2007-03-03T12:13:43","slug":"start-in-die-17-fuldaer-frauenwoche-zum-thema-erfolg","status":"publish","type":"post","link":"https:\/\/www.fuldaernachrichten.de\/?p=1953","title":{"rendered":"&#8220;Erfolgreiche Frauen&#8221; &#8211; 17. Fuldaer Frauenwoche er\u00f6ffnet"},"content":{"rendered":"<p><strong>Sch\u00f6nes aus Fulda.<\/strong> Die\u00c2\u00a0diesj\u00e4hrigen Frauenpolitik- und Kulturtage wurden heute um 11.00 Uhr in der Aula der Adolf-von-Dalberg-Schule er\u00f6ffnet. In diesem Jahr stellen sich die Frauen dem Thema \u201eErfolg\u201c. Was ist Erfolg \u00fcberhaupt, welche Erfolgsstrategien nutzen Frauen, oder wieweit orientiert sich das Verst\u00e4ndnis von Erfolg an m\u00e4nnlich gepr\u00e4gten Normen und Konventionen \u2013 darum geht es in den n\u00e4chsten Tagen.\u00c2\u00a0<\/p>\n<p><strong>Fotos (30):<\/strong> Max Colin Heydenreich<\/p>\n<p><a target=\"_blank\" href=\"http:\/\/www.schoene-nachrichten.de\/wp-content\/uploads\/2007\/03\/070303_frauenwoche_01.jpg\" title=\"070303_frauenwoche_01.jpg\"><img decoding=\"async\" width=\"128\" src=\"http:\/\/www.schoene-nachrichten.de\/wp-content\/uploads\/2007\/03\/070303_frauenwoche_01.thumbnail.jpg\" alt=\"070303_frauenwoche_01.jpg\" height=\"85\" \/><\/a>\u00c2\u00a0<a target=\"_blank\" href=\"http:\/\/www.schoene-nachrichten.de\/wp-content\/uploads\/2007\/03\/070303_frauenwoche_05.jpg\" title=\"070303_frauenwoche_05.jpg\"><img decoding=\"async\" width=\"128\" src=\"http:\/\/www.schoene-nachrichten.de\/wp-content\/uploads\/2007\/03\/070303_frauenwoche_05.thumbnail.jpg\" alt=\"070303_frauenwoche_05.jpg\" height=\"85\" \/><\/a>\u00c2\u00a0<a target=\"_blank\" href=\"http:\/\/www.schoene-nachrichten.de\/wp-content\/uploads\/2007\/03\/070303_frauenwoche_10.jpg\" title=\"070303_frauenwoche_10.jpg\"><img decoding=\"async\" width=\"128\" src=\"http:\/\/www.schoene-nachrichten.de\/wp-content\/uploads\/2007\/03\/070303_frauenwoche_10.thumbnail.jpg\" alt=\"070303_frauenwoche_10.jpg\" height=\"85\" \/><\/a><\/p>\n<p><a target=\"_blank\" href=\"http:\/\/www.schoene-nachrichten.de\/wp-content\/uploads\/2007\/03\/070303_frauenwoche_11.jpg\" title=\"070303_frauenwoche_11.jpg\"><img loading=\"lazy\" decoding=\"async\" width=\"128\" src=\"http:\/\/www.schoene-nachrichten.de\/wp-content\/uploads\/2007\/03\/070303_frauenwoche_11.thumbnail.jpg\" alt=\"070303_frauenwoche_11.jpg\" height=\"85\" \/><\/a>\u00c2\u00a0<a target=\"_blank\" href=\"http:\/\/www.schoene-nachrichten.de\/wp-content\/uploads\/2007\/03\/070303_frauenwoche_07.jpg\" title=\"070303_frauenwoche_07.jpg\"><img loading=\"lazy\" decoding=\"async\" width=\"128\" src=\"http:\/\/www.schoene-nachrichten.de\/wp-content\/uploads\/2007\/03\/070303_frauenwoche_07.thumbnail.jpg\" alt=\"070303_frauenwoche_07.jpg\" height=\"85\" \/><\/a>\u00c2\u00a0<a target=\"_blank\" href=\"http:\/\/www.schoene-nachrichten.de\/wp-content\/uploads\/2007\/03\/070303_frauenwoche_14.jpg\" title=\"070303_frauenwoche_14.jpg\"><img loading=\"lazy\" decoding=\"async\" width=\"128\" src=\"http:\/\/www.schoene-nachrichten.de\/wp-content\/uploads\/2007\/03\/070303_frauenwoche_14.thumbnail.jpg\" alt=\"070303_frauenwoche_14.jpg\" height=\"85\" \/><\/a><\/p>\n<p><!--more--><\/p>\n<p>In 4 Mini-Workshops k\u00f6nnen die Besucherinnen am morgigen Sonntag\u00c2\u00a0erfahren, mit welchen Tipps und Hilfestellungen der Weg zum Erfolg leichter wird. Ein Highlight: die Fotoaufnahmen nach dem Motto \u201eSo bin ich?! \u2013 mein Erfolgsfoto\u201c.<\/p>\n<p><a target=\"_blank\" href=\"http:\/\/www.schoene-nachrichten.de\/wp-content\/uploads\/2007\/03\/070303_frauenwoche_29.jpg\" title=\"070303_frauenwoche_29.jpg\"><img loading=\"lazy\" decoding=\"async\" width=\"128\" src=\"http:\/\/www.schoene-nachrichten.de\/wp-content\/uploads\/2007\/03\/070303_frauenwoche_29.thumbnail.jpg\" alt=\"070303_frauenwoche_29.jpg\" height=\"85\" \/><\/a>\u00c2\u00a0<a target=\"_blank\" href=\"http:\/\/www.schoene-nachrichten.de\/wp-content\/uploads\/2007\/03\/070303_frauenwoche_30.jpg\" title=\"070303_frauenwoche_30.jpg\"><img loading=\"lazy\" decoding=\"async\" width=\"128\" src=\"http:\/\/www.schoene-nachrichten.de\/wp-content\/uploads\/2007\/03\/070303_frauenwoche_30.thumbnail.jpg\" alt=\"070303_frauenwoche_30.jpg\" height=\"85\" \/><\/a>\u00c2\u00a0<a target=\"_blank\" href=\"http:\/\/www.schoene-nachrichten.de\/wp-content\/uploads\/2007\/03\/070303_frauenwoche_28.jpg\" title=\"070303_frauenwoche_28.jpg\"><img loading=\"lazy\" decoding=\"async\" width=\"128\" src=\"http:\/\/www.schoene-nachrichten.de\/wp-content\/uploads\/2007\/03\/070303_frauenwoche_28.thumbnail.jpg\" alt=\"070303_frauenwoche_28.jpg\" height=\"85\" \/><\/a><\/p>\n<p><a target=\"_blank\" href=\"http:\/\/www.schoene-nachrichten.de\/wp-content\/uploads\/2007\/03\/070303_frauenwoche_26.jpg\" title=\"070303_frauenwoche_26.jpg\"><img loading=\"lazy\" decoding=\"async\" width=\"128\" src=\"http:\/\/www.schoene-nachrichten.de\/wp-content\/uploads\/2007\/03\/070303_frauenwoche_26.thumbnail.jpg\" alt=\"070303_frauenwoche_26.jpg\" height=\"85\" \/><\/a>\u00c2\u00a0<a target=\"_blank\" href=\"http:\/\/www.schoene-nachrichten.de\/wp-content\/uploads\/2007\/03\/070303_frauenwoche_27.jpg\" title=\"070303_frauenwoche_27.jpg\"><img loading=\"lazy\" decoding=\"async\" width=\"128\" src=\"http:\/\/www.schoene-nachrichten.de\/wp-content\/uploads\/2007\/03\/070303_frauenwoche_27.thumbnail.jpg\" alt=\"070303_frauenwoche_27.jpg\" height=\"85\" \/><\/a>\u00c2\u00a0<a target=\"_blank\" href=\"http:\/\/www.schoene-nachrichten.de\/wp-content\/uploads\/2007\/03\/070303_frauenwoche_25.jpg\" title=\"070303_frauenwoche_25.jpg\"><img loading=\"lazy\" decoding=\"async\" width=\"128\" src=\"http:\/\/www.schoene-nachrichten.de\/wp-content\/uploads\/2007\/03\/070303_frauenwoche_25.thumbnail.jpg\" alt=\"070303_frauenwoche_25.jpg\" height=\"85\" \/><\/a><\/p>\n<p>Internationale Themen stehen am Montag mehrfach auf dem Programm und rechtliche Fragen wie G\u00fcterrecht und Altersversorgung am Dienstag. Kulturelle Highlights gibt es am Samstagabend im CAFE IDEAL (Simone de Beauvoir) und am Mittwoch im Cinestar (Volver mit Pen\u00e9lope Cruz).<br \/>\n<a target=\"_blank\" href=\"http:\/\/www.schoene-nachrichten.de\/wp-content\/uploads\/2007\/03\/070303_frauenwoche_24.jpg\" title=\"070303_frauenwoche_24.jpg\"><br \/>\n<img loading=\"lazy\" decoding=\"async\" width=\"128\" src=\"http:\/\/www.schoene-nachrichten.de\/wp-content\/uploads\/2007\/03\/070303_frauenwoche_24.thumbnail.jpg\" alt=\"070303_frauenwoche_24.jpg\" height=\"85\" \/><\/a> <a target=\"_blank\" href=\"http:\/\/www.schoene-nachrichten.de\/wp-content\/uploads\/2007\/03\/070303_frauenwoche_23.jpg\" title=\"070303_frauenwoche_23.jpg\"><img loading=\"lazy\" decoding=\"async\" width=\"128\" src=\"http:\/\/www.schoene-nachrichten.de\/wp-content\/uploads\/2007\/03\/070303_frauenwoche_23.thumbnail.jpg\" alt=\"070303_frauenwoche_23.jpg\" height=\"85\" \/><\/a> <a target=\"_blank\" href=\"http:\/\/www.schoene-nachrichten.de\/wp-content\/uploads\/2007\/03\/070303_frauenwoche_22.jpg\" title=\"070303_frauenwoche_22.jpg\"><img loading=\"lazy\" decoding=\"async\" width=\"128\" src=\"http:\/\/www.schoene-nachrichten.de\/wp-content\/uploads\/2007\/03\/070303_frauenwoche_22.thumbnail.jpg\" alt=\"070303_frauenwoche_22.jpg\" height=\"85\" \/><\/a><br \/>\n<a target=\"_blank\" href=\"http:\/\/www.schoene-nachrichten.de\/wp-content\/uploads\/2007\/03\/070303_frauenwoche_21.jpg\" title=\"070303_frauenwoche_21.jpg\"><br \/>\n<img loading=\"lazy\" decoding=\"async\" width=\"128\" src=\"http:\/\/www.schoene-nachrichten.de\/wp-content\/uploads\/2007\/03\/070303_frauenwoche_21.thumbnail.jpg\" alt=\"070303_frauenwoche_21.jpg\" height=\"85\" \/><\/a> <a target=\"_blank\" href=\"http:\/\/www.schoene-nachrichten.de\/wp-content\/uploads\/2007\/03\/070303_frauenwoche_20.jpg\" title=\"070303_frauenwoche_20.jpg\"><img loading=\"lazy\" decoding=\"async\" width=\"128\" src=\"http:\/\/www.schoene-nachrichten.de\/wp-content\/uploads\/2007\/03\/070303_frauenwoche_20.thumbnail.jpg\" alt=\"070303_frauenwoche_20.jpg\" height=\"85\" \/><\/a> <a target=\"_blank\" href=\"http:\/\/www.schoene-nachrichten.de\/wp-content\/uploads\/2007\/03\/070303_frauenwoche_19.jpg\" title=\"070303_frauenwoche_19.jpg\"><img loading=\"lazy\" decoding=\"async\" width=\"128\" src=\"http:\/\/www.schoene-nachrichten.de\/wp-content\/uploads\/2007\/03\/070303_frauenwoche_19.thumbnail.jpg\" alt=\"070303_frauenwoche_19.jpg\" height=\"85\" \/><\/a><\/p>\n<p>Um erfolgreiche Frauen der Region geht es\u00c2\u00a0auch am 8. M\u00e4rz um 18.00 Uhr beim Politischen Cocktailabend. Sonja Seidler, Gesch\u00e4ftsf\u00fchrerin von Karstadt, Katja Otto, Personalleiterin bei der VR Genossenschaftsbank e.G. und Dagmar Siebert von HolzLand Siebert werden sich den Fragen von Journalist Volker Nies stellen. Gemeinsam mit den Besucherinnen sollen die Strategien f\u00fcr den Weg nach oben diskutiert werden.<br \/>\n<a target=\"_blank\" href=\"http:\/\/www.schoene-nachrichten.de\/wp-content\/uploads\/2007\/03\/070303_frauenwoche_18.jpg\" title=\"070303_frauenwoche_18.jpg\"><br \/>\n<img loading=\"lazy\" decoding=\"async\" width=\"128\" src=\"http:\/\/www.schoene-nachrichten.de\/wp-content\/uploads\/2007\/03\/070303_frauenwoche_18.thumbnail.jpg\" alt=\"070303_frauenwoche_18.jpg\" height=\"85\" \/><\/a> <a target=\"_blank\" href=\"http:\/\/www.schoene-nachrichten.de\/wp-content\/uploads\/2007\/03\/070303_frauenwoche_17.jpg\" title=\"070303_frauenwoche_17.jpg\"><img loading=\"lazy\" decoding=\"async\" width=\"128\" src=\"http:\/\/www.schoene-nachrichten.de\/wp-content\/uploads\/2007\/03\/070303_frauenwoche_17.thumbnail.jpg\" alt=\"070303_frauenwoche_17.jpg\" height=\"85\" \/><\/a> <a target=\"_blank\" href=\"http:\/\/www.schoene-nachrichten.de\/wp-content\/uploads\/2007\/03\/070303_frauenwoche_16.jpg\" title=\"070303_frauenwoche_16.jpg\"><img loading=\"lazy\" decoding=\"async\" width=\"128\" src=\"http:\/\/www.schoene-nachrichten.de\/wp-content\/uploads\/2007\/03\/070303_frauenwoche_16.thumbnail.jpg\" alt=\"070303_frauenwoche_16.jpg\" height=\"85\" \/><\/a><br \/>\n<a target=\"_blank\" href=\"http:\/\/www.schoene-nachrichten.de\/wp-content\/uploads\/2007\/03\/070303_frauenwoche_15.jpg\" title=\"070303_frauenwoche_15.jpg\"><br \/>\n<img loading=\"lazy\" decoding=\"async\" width=\"128\" src=\"http:\/\/www.schoene-nachrichten.de\/wp-content\/uploads\/2007\/03\/070303_frauenwoche_15.thumbnail.jpg\" alt=\"070303_frauenwoche_15.jpg\" height=\"85\" \/><\/a>\u00c2\u00a0<a target=\"_blank\" href=\"http:\/\/www.schoene-nachrichten.de\/wp-content\/uploads\/2007\/03\/070303_frauenwoche_13.jpg\" title=\"070303_frauenwoche_13.jpg\"><img loading=\"lazy\" decoding=\"async\" width=\"128\" src=\"http:\/\/www.schoene-nachrichten.de\/wp-content\/uploads\/2007\/03\/070303_frauenwoche_13.thumbnail.jpg\" alt=\"070303_frauenwoche_13.jpg\" height=\"85\" \/><\/a>\u00c2\u00a0<a target=\"_blank\" href=\"http:\/\/www.schoene-nachrichten.de\/wp-content\/uploads\/2007\/03\/070303_frauenwoche_12.jpg\" title=\"070303_frauenwoche_12.jpg\"><img loading=\"lazy\" decoding=\"async\" width=\"128\" src=\"http:\/\/www.schoene-nachrichten.de\/wp-content\/uploads\/2007\/03\/070303_frauenwoche_12.thumbnail.jpg\" alt=\"070303_frauenwoche_12.jpg\" height=\"85\" \/><\/a><\/p>\n<p>Die Fuldaer Frauenwoche wurde im Jahr 1990\u00c2\u00a0von der Frauenbeauftragten in Zusammenarbeit mit den Fuldaer Frauengruppen und -verb\u00e4nden ins Leben gerufen. Das Programm finden Sie im Internet unter <a href=\"http:\/\/www.frauenbuero-fulda.de\/\">www.frauenbuero-fulda.de<\/a> oder im B\u00fcrgerb\u00fcro der Stadt Fulda.<br \/>\n<a target=\"_blank\" href=\"http:\/\/www.schoene-nachrichten.de\/wp-content\/uploads\/2007\/03\/070303_frauenwoche_09.jpg\" title=\"070303_frauenwoche_09.jpg\"><br \/>\n<img loading=\"lazy\" decoding=\"async\" width=\"128\" src=\"http:\/\/www.schoene-nachrichten.de\/wp-content\/uploads\/2007\/03\/070303_frauenwoche_09.thumbnail.jpg\" alt=\"070303_frauenwoche_09.jpg\" height=\"85\" \/><\/a> <a target=\"_blank\" href=\"http:\/\/www.schoene-nachrichten.de\/wp-content\/uploads\/2007\/03\/070303_frauenwoche_08.jpg\" title=\"070303_frauenwoche_08.jpg\"><img loading=\"lazy\" decoding=\"async\" width=\"128\" src=\"http:\/\/www.schoene-nachrichten.de\/wp-content\/uploads\/2007\/03\/070303_frauenwoche_08.thumbnail.jpg\" alt=\"070303_frauenwoche_08.jpg\" height=\"85\" \/><\/a> <a target=\"_blank\" href=\"http:\/\/www.schoene-nachrichten.de\/wp-content\/uploads\/2007\/03\/070303_frauenwoche_06.jpg\" title=\"070303_frauenwoche_06.jpg\"><img loading=\"lazy\" decoding=\"async\" width=\"128\" src=\"http:\/\/www.schoene-nachrichten.de\/wp-content\/uploads\/2007\/03\/070303_frauenwoche_06.thumbnail.jpg\" alt=\"070303_frauenwoche_06.jpg\" height=\"85\" \/><\/a><\/p>\n<p><a target=\"_blank\" href=\"http:\/\/www.schoene-nachrichten.de\/wp-content\/uploads\/2007\/03\/070303_frauenwoche_04.jpg\" title=\"070303_frauenwoche_04.jpg\"><img loading=\"lazy\" decoding=\"async\" width=\"128\" src=\"http:\/\/www.schoene-nachrichten.de\/wp-content\/uploads\/2007\/03\/070303_frauenwoche_04.thumbnail.jpg\" alt=\"070303_frauenwoche_04.jpg\" height=\"85\" \/><\/a>\u00c2\u00a0<a target=\"_blank\" href=\"http:\/\/www.schoene-nachrichten.de\/wp-content\/uploads\/2007\/03\/070303_frauenwoche_03.jpg\" title=\"070303_frauenwoche_03.jpg\"><img loading=\"lazy\" decoding=\"async\" width=\"128\" src=\"http:\/\/www.schoene-nachrichten.de\/wp-content\/uploads\/2007\/03\/070303_frauenwoche_03.thumbnail.jpg\" alt=\"070303_frauenwoche_03.jpg\" height=\"85\" \/><\/a> <a target=\"_blank\" href=\"http:\/\/www.schoene-nachrichten.de\/wp-content\/uploads\/2007\/03\/070303_frauenwoche_02.jpg\" title=\"070303_frauenwoche_02.jpg\"><img loading=\"lazy\" decoding=\"async\" width=\"128\" src=\"http:\/\/www.schoene-nachrichten.de\/wp-content\/uploads\/2007\/03\/070303_frauenwoche_02.thumbnail.jpg\" alt=\"070303_frauenwoche_02.jpg\" height=\"85\" \/><\/a><\/p>\n","protected":false},"excerpt":{"rendered":"<div class=\"tmnf_excerpt\"><p>Sch\u00f6nes aus Fulda. Die\u00c2\u00a0diesj\u00e4hrigen Frauenpolitik- und Kulturtage wurden heute um 11.00 Uhr in der Aula der Adolf-von-Dalberg-Schule er\u00f6ffnet. In diesem Jahr stellen sich die Frauen dem Thema \u201eErfolg\u201c. Was ist Erfolg \u00fcberhaupt, welche Erfolgsstrategien nutzen Frauen, oder wieweit orientiert sich das Verst\u00e4ndnis von Erfolg an m\u00e4nnlich gepr\u00e4gten Normen und Konventionen \u2013 darum geht es in &hellip;<\/p>\n<\/div>","protected":false},"author":1,"featured_media":0,"comment_status":"closed","ping_status":"closed","sticky":false,"template":"","format":"standard","meta":{"footnotes":""},"categories":[1,54,29],"tags":[],"class_list":["post-1953","post","type-post","status-publish","format-standard","hentry","category-startseite","category-bildergalerien","category-politik"],"_links":{"self":[{"href":"https:\/\/www.fuldaernachrichten.de\/index.php?rest_route=\/wp\/v2\/posts\/1953","targetHints":{"allow":["GET"]}}],"collection":[{"href":"https:\/\/www.fuldaernachrichten.de\/index.php?rest_route=\/wp\/v2\/posts"}],"about":[{"href":"https:\/\/www.fuldaernachrichten.de\/index.php?rest_route=\/wp\/v2\/types\/post"}],"author":[{"embeddable":true,"href":"https:\/\/www.fuldaernachrichten.de\/index.php?rest_route=\/wp\/v2\/users\/1"}],"replies":[{"embeddable":true,"href":"https:\/\/www.fuldaernachrichten.de\/index.php?rest_route=%2Fwp%2Fv2%2Fcomments&post=1953"}],"version-history":[{"count":0,"href":"https:\/\/www.fuldaernachrichten.de\/index.php?rest_route=\/wp\/v2\/posts\/1953\/revisions"}],"wp:attachment":[{"href":"https:\/\/www.fuldaernachrichten.de\/index.php?rest_route=%2Fwp%2Fv2%2Fmedia&parent=1953"}],"wp:term":[{"taxonomy":"category","embeddable":true,"href":"https:\/\/www.fuldaernachrichten.de\/index.php?rest_route=%2Fwp%2Fv2%2Fcategories&post=1953"},{"taxonomy":"post_tag","embeddable":true,"href":"https:\/\/www.fuldaernachrichten.de\/index.php?rest_route=%2Fwp%2Fv2%2Ftags&post=1953"}],"curies":[{"name":"wp","href":"https:\/\/api.w.org\/{rel}","templated":true}]}}