{"id":1951,"date":"2007-03-02T00:07:21","date_gmt":"2007-03-01T23:07:21","guid":{"rendered":"http:\/\/www.schoene-nachrichten.de\/?p=1951"},"modified":"2007-03-02T00:11:40","modified_gmt":"2007-03-01T23:11:40","slug":"morgen-fuldaer-notfallsymposium-am-klinikum","status":"publish","type":"post","link":"https:\/\/www.fuldaernachrichten.de\/?p=1951","title":{"rendered":"Morgen: Fuldaer Notfallsymposium am Klinikum"},"content":{"rendered":"<p><strong>Termin.<\/strong> Am morgigen Samstag veranstaltet die Klinik f\u00fcr An\u00e4sthesiologie, Intensiv- und Notfallmedizin, am Klinikum Fulda zum zweiten Mal ein eint\u00e4giges Symposium zum Thema \u201ePr\u00e4klinischer Notfall\u201c. Die Veranstaltung richtet sich an \u00c4rzte, die in der Notfallversorgung t\u00e4tig sind sowie\u00c2\u00a0an Rettungsdienstpersonal.\u00c2\u00a0In mehreren fach\u00fcbergreifenden Vortr\u00e4gen wird die Versorgung des kardiovaskul\u00e4ren Notfalls beleuchtet. Dar\u00fcber hinaus werden verschiedene\u00c2\u00a0 Workshops angeboten.<\/p>\n","protected":false},"excerpt":{"rendered":"<div class=\"tmnf_excerpt\"><p>Termin. Am morgigen Samstag veranstaltet die Klinik f\u00fcr An\u00e4sthesiologie, Intensiv- und Notfallmedizin, am Klinikum Fulda zum zweiten Mal ein eint\u00e4giges Symposium zum Thema \u201ePr\u00e4klinischer Notfall\u201c. Die Veranstaltung richtet sich an \u00c4rzte, die in der Notfallversorgung t\u00e4tig sind sowie\u00c2\u00a0an Rettungsdienstpersonal.\u00c2\u00a0In mehreren fach\u00fcbergreifenden Vortr\u00e4gen wird die Versorgung des kardiovaskul\u00e4ren Notfalls beleuchtet. Dar\u00fcber hinaus werden verschiedene\u00c2\u00a0 Workshops angeboten.<\/p>\n<\/div>","protected":false},"author":1,"featured_media":0,"comment_status":"closed","ping_status":"closed","sticky":false,"template":"","format":"standard","meta":{"footnotes":""},"categories":[1,51],"tags":[],"class_list":["post-1951","post","type-post","status-publish","format-standard","hentry","category-startseite","category-medizin"],"_links":{"self":[{"href":"https:\/\/www.fuldaernachrichten.de\/index.php?rest_route=\/wp\/v2\/posts\/1951","targetHints":{"allow":["GET"]}}],"collection":[{"href":"https:\/\/www.fuldaernachrichten.de\/index.php?rest_route=\/wp\/v2\/posts"}],"about":[{"href":"https:\/\/www.fuldaernachrichten.de\/index.php?rest_route=\/wp\/v2\/types\/post"}],"author":[{"embeddable":true,"href":"https:\/\/www.fuldaernachrichten.de\/index.php?rest_route=\/wp\/v2\/users\/1"}],"replies":[{"embeddable":true,"href":"https:\/\/www.fuldaernachrichten.de\/index.php?rest_route=%2Fwp%2Fv2%2Fcomments&post=1951"}],"version-history":[{"count":0,"href":"https:\/\/www.fuldaernachrichten.de\/index.php?rest_route=\/wp\/v2\/posts\/1951\/revisions"}],"wp:attachment":[{"href":"https:\/\/www.fuldaernachrichten.de\/index.php?rest_route=%2Fwp%2Fv2%2Fmedia&parent=1951"}],"wp:term":[{"taxonomy":"category","embeddable":true,"href":"https:\/\/www.fuldaernachrichten.de\/index.php?rest_route=%2Fwp%2Fv2%2Fcategories&post=1951"},{"taxonomy":"post_tag","embeddable":true,"href":"https:\/\/www.fuldaernachrichten.de\/index.php?rest_route=%2Fwp%2Fv2%2Ftags&post=1951"}],"curies":[{"name":"wp","href":"https:\/\/api.w.org\/{rel}","templated":true}]}}