{"id":19438,"date":"2009-01-16T07:45:39","date_gmt":"2009-01-16T06:45:39","guid":{"rendered":"http:\/\/www.schoene-nachrichten.de\/?p=19438"},"modified":"2009-01-16T08:56:32","modified_gmt":"2009-01-16T07:56:32","slug":"gwv-senkt-die-erdgaspreise-um-25-prozent","status":"publish","type":"post","link":"https:\/\/www.fuldaernachrichten.de\/?p=19438","title":{"rendered":"GWV senkt die Erdgaspreise um 25 Prozent"},"content":{"rendered":"<p><a href=\"http:\/\/www.schoene-nachrichten.de\/wp-content\/uploads\/2009\/01\/090114gasherd.jpg\"><img decoding=\"async\" class=\"alignnone size-medium wp-image-19439\" title=\" media titan\" src=\"http:\/\/www.schoene-nachrichten.de\/wp-content\/uploads\/2009\/01\/090114gasherd.jpg\" alt=\" media titan\" width=\"560\" srcset=\"https:\/\/www.fuldaernachrichten.de\/wp-content\/uploads\/2009\/01\/090114gasherd.jpg 600w, https:\/\/www.fuldaernachrichten.de\/wp-content\/uploads\/2009\/01\/090114gasherd-265x172.jpg 265w\" sizes=\"(max-width: 600px) 100vw, 600px\" \/><\/a><\/p>\n<p><strong>Fulda. <\/strong>F\u00fcr Tarif-Kunden der Gas- und Wasserversorgung Fulda GmbH und der Gas- und Wasserversorgung Osthessen GmbH (GWV) beginnt das Jahr 2009 mit einem Kn\u00fcller: Zum 1. M\u00e4rz, also noch w\u00e4hrend der laufenden Heizperiode, senkt das Unternehmen die Preise f\u00fcr Privatkunden um rund ein Viertel. Damit sind die Anhebungen des Vorjahres mehr als wettgemacht, und die GWV-Kunden zahlen dann wieder Energiepreise wie vor drei Jahren. Zus\u00e4tzlich verspricht die GWV ihren Tarifkunden heute schon, dass dieses Preisniveau bis in den n\u00e4chsten Winter hinein, mindestens bis zum 31.12.2009, gehalten werden kann.<!--more--><\/p>\n<p><strong>Senkung um 1,75 Cent netto<\/strong><\/p>\n<p>Die von der GWV angek\u00fcndigte radikale Senkung des Tarifpreises f\u00fcr Erdgas betr\u00e4gt pro Kilowattstunde (kWh) beachtliche 1,75 Cent netto. Brutto, also mit Mehrwertsteuer, sind das sogar 2,08 Cent. Bei einem Haushalt mit einem Jahresverbrauch von 20.000 kWh entspricht das hochgerechnet auf ein Jahr einer Ersparnis von rund 416 Euro oder 25 Prozent. In einer Anlage zu der in den n\u00e4chsten Tagen versandten Jahresendabrechnung 2008 wird jedem Kunden die ungef\u00e4hr zu erwartende individuelle Ersparnis mitgeteilt (bezogen auf den Vorjahresverbrauch).<\/p>\n<p>\u201eWir freuen uns, eine so deutliche Preissenkung vornehmen zu k\u00f6nnen\u201c, kommentiert GWV-Chef Dr. Peter Szepanek. \u201eWir haben die Preise im vergangenen November unter dem Druck monatelang massiv gestiegener Einkaufspreise sp\u00e4ter als andere Gasversorger erh\u00f6ht. Schon damals haben wir angek\u00fcndigt, Erdgas wieder g\u00fcnstiger zu liefern, sobald unsere Einkaufspreise wieder sinken. Bekanntlich folgt unser Einkaufspreis f\u00fcr das Erdgas der Entwicklung der Heiz\u00f6lpreise systembedingt immer mit rund sechsmonatiger Verz\u00f6gerung. Zum 1. M\u00e4rz aber k\u00f6nnen wir unser Versprechen nun wahr machen, nachdem die Heiz\u00f6lpreise seit August 2008 massiv gefallen sind. \u201c<br \/>\nBewusst wolle man die Preise noch w\u00e4hrend der laufenden Heizperiode &#8211; fr\u00fcher als die meisten anderen Gasversorger &#8211; senken, obwohl die Einkaufspreise der GWV erst zum 1. April entsprechend sinken werden. Die Differenz tr\u00e4gt das Unternehmen. Erfahrungsgem\u00e4\u00df entfallen auf den Monat M\u00e4rz etwa 14 Prozent der j\u00e4hrlichen Heizkosten.<\/p>\n<p>Nach der vom Aufsichtsrat beschlossenen deutlichen Senkung der Tarifpreise f\u00fcr Haushaltskunden d\u00fcrfte die GWV zu den g\u00fcnstigsten Anbietern in ganz Deutschland z\u00e4hlen, zumal die GWV den neuen niedrigen Preis aufgrund der Prognosen bis zum Jahresende garantieren kann.<br \/>\nMehr noch: Sollten sich die Energiepreise auf dem Weltmarkt noch weiter nach unten bewegen, schlie\u00dft die GWV sogar eine neuerliche Reduzierung im Verlauf des Jahres 2009 nicht aus. Die heimischen Gewerbekunden k\u00f6nnen, je nach Liefervertrag, zum 1. April 2009 ebenfalls mit einer substanziellen Preissenkung rechnen. Auch die Tankstellenpreise f\u00fcr Erdgas als Kraftstoff werden kr\u00e4ftig sinken.<\/p>\n<p>Die GWV weist daraufhin, dass die Kunden ihren Z\u00e4hlerstand zum 28. Februar dem Unternehmen nicht melden m\u00fcssen, weil das Unternehmen \u00fcber Rechenprogramme den Verbrauch ermitteln kann. Wer trotzdem seinen exakten Z\u00e4hlerstand durchgeben m\u00f6chte, kann dies aber telefonisch, schriftlich oder per Internet tun. Die Ansprechpartner finden sich auf der Jahresendabrechnung 2008, die in den n\u00e4chsten Tagen zugestellt wird.<\/p>\n","protected":false},"excerpt":{"rendered":"<div class=\"tmnf_excerpt\"><p>Fulda. F\u00fcr Tarif-Kunden der Gas- und Wasserversorgung Fulda GmbH und der Gas- und Wasserversorgung Osthessen GmbH (GWV) beginnt das Jahr 2009 mit einem Kn\u00fcller: Zum 1. M\u00e4rz, also noch w\u00e4hrend der laufenden Heizperiode, senkt das Unternehmen die Preise f\u00fcr Privatkunden um rund ein Viertel. Damit sind die Anhebungen des Vorjahres mehr als wettgemacht, und die &hellip;<\/p>\n<\/div>","protected":false},"author":1,"featured_media":0,"comment_status":"closed","ping_status":"closed","sticky":false,"template":"","format":"standard","meta":{"footnotes":""},"categories":[1,29,78],"tags":[],"class_list":["post-19438","post","type-post","status-publish","format-standard","hentry","category-startseite","category-politik","category-topthema"],"_links":{"self":[{"href":"https:\/\/www.fuldaernachrichten.de\/index.php?rest_route=\/wp\/v2\/posts\/19438","targetHints":{"allow":["GET"]}}],"collection":[{"href":"https:\/\/www.fuldaernachrichten.de\/index.php?rest_route=\/wp\/v2\/posts"}],"about":[{"href":"https:\/\/www.fuldaernachrichten.de\/index.php?rest_route=\/wp\/v2\/types\/post"}],"author":[{"embeddable":true,"href":"https:\/\/www.fuldaernachrichten.de\/index.php?rest_route=\/wp\/v2\/users\/1"}],"replies":[{"embeddable":true,"href":"https:\/\/www.fuldaernachrichten.de\/index.php?rest_route=%2Fwp%2Fv2%2Fcomments&post=19438"}],"version-history":[{"count":6,"href":"https:\/\/www.fuldaernachrichten.de\/index.php?rest_route=\/wp\/v2\/posts\/19438\/revisions"}],"predecessor-version":[{"id":19513,"href":"https:\/\/www.fuldaernachrichten.de\/index.php?rest_route=\/wp\/v2\/posts\/19438\/revisions\/19513"}],"wp:attachment":[{"href":"https:\/\/www.fuldaernachrichten.de\/index.php?rest_route=%2Fwp%2Fv2%2Fmedia&parent=19438"}],"wp:term":[{"taxonomy":"category","embeddable":true,"href":"https:\/\/www.fuldaernachrichten.de\/index.php?rest_route=%2Fwp%2Fv2%2Fcategories&post=19438"},{"taxonomy":"post_tag","embeddable":true,"href":"https:\/\/www.fuldaernachrichten.de\/index.php?rest_route=%2Fwp%2Fv2%2Ftags&post=19438"}],"curies":[{"name":"wp","href":"https:\/\/api.w.org\/{rel}","templated":true}]}}