{"id":1937,"date":"2007-03-01T00:30:21","date_gmt":"2007-02-28T23:30:21","guid":{"rendered":"http:\/\/www.schoene-nachrichten.de\/?p=1937"},"modified":"2007-03-01T01:17:07","modified_gmt":"2007-03-01T00:17:07","slug":"15-politischer-aschermittwoch-der-christdemokraten","status":"publish","type":"post","link":"https:\/\/www.fuldaernachrichten.de\/?p=1937","title":{"rendered":"15. Politischer Aschermittwoch der Christdemokraten"},"content":{"rendered":"<p><strong>Poppenhausen.<\/strong> Zum 15. Politischen Aschermittwoch hatte der CDU-Vorsitzende Hans-J\u00f6rg Hauke ins Poppenhausener Von-Steinr\u00fcck-Haus eingeladen. Wie in den Vorjahren galt das Motto der heimischen JU\/CDU: \u201eWir in der Gemeinde Poppenhausen \u2013 mitten im Leben \u2013 gemeinsam erfolgreich\u201c. Zahlreiche Parteimitglieder, politisch Interessierte sowie Abordnungen der Nachbarverb\u00e4nde waren zu der Veranstaltung gekommen. Neben Redebeitr\u00e4gen vom CDU-Vorsitzenden und B\u00fcrgermeister Manfred Helfrich hielt der Bundestagsabgeordnete Michael Brand einen Vortrag. Dar\u00fcber hinaus wurden im Rahmen der Veranstaltung langj\u00e4hrige CDU-Mitglieder geehrt.<\/p>\n<p><a target=\"_blank\" href=\"http:\/\/www.schoene-nachrichten.de\/wp-content\/uploads\/2007\/03\/070228-poppenhausen.jpg\" title=\"Foto: Gemeinde Poppenhausen\"><img decoding=\"async\" src=\"http:\/\/www.schoene-nachrichten.de\/wp-content\/uploads\/2007\/03\/070228-poppenhausen.thumbnail.jpg\" alt=\"070228-poppenhausen.jpg\" \/><\/a><\/p>\n<p><!--more--><\/p>\n<p><strong>\u00c2\u00a0\u201ePolitik aus einem Guss\u201c<\/strong><\/p>\n<p>Der CDU-Vorsitzende Hauke stellte in seinen Ausf\u00fchrungen heraus, dass sich die Gemeinde Poppenhausen sehr gut entwickelt habe und sich im Gemeindevergleich durchaus sehen lassen k\u00f6nne. Das Erreichte sei ein Ergebnis einer mit Kontinuit\u00e4t, Best\u00e4ndigkeit und Verl\u00e4sslichkeit gepr\u00e4gten Politik der Christdemokraten. Die \u201ePolitik aus einem Guss\u201c zusammen mit B\u00fcrgermeister Manfred Helfrich, als Leistungstr\u00e4ger, gelte es fortzusetzen. Als die bedeutungsvollste Entscheidung im Jahr 2007 sieht Hauke die anstehende B\u00fcrgermeisterwahl.<\/p>\n<p>Der Vorsitzende teilte den Zuh\u00f6rern mit, dass sich der Vorstand des CDU-Gemeindeverbandes bereits einstimmig f\u00fcr die Nominierung von Manfred Helfrich als Kandidat f\u00fcr das B\u00fcrgermeisteramt ausgesprochen habe. In einer f\u00fcr Anfang April festgelegten au\u00dferordentlichen Mitgliederversammlung\u00c2\u00a0 werden die Mitglieder des CDU-Gemeindeverbandes endg\u00fcltig \u00fcber eine Nominierung zu entscheiden haben.<\/p>\n<p>\u00c2\u00a0<strong>Helfrich zufrieden und stolz auf Entwicklung seiner Gemeinde<\/strong><\/p>\n<p>In seiner Ansprache zeigte sich B\u00fcrgermeister Manfred Helfrich zufrieden und stolz auf die Entwicklung seiner Gemeinde. Trotz schwieriger Rahmenbedingungen sei in gemeinsamer Kraftanstrengung so manches erreicht und verwirklicht worden. Die B\u00fcrger h\u00e4tten dies erkannt und anerkannt. Er dankte den Mandatstr\u00e4gern der gemeindlichen Gremien f\u00fcr die Zusammenarbeit und Unterst\u00fctzung bei der Erf\u00fcllung seiner Aufgabenstellung und lobte auch die konstruktive Zusammenarbeit mit den Vertretern der CWE und SPD. Die Eckpfeiler der heimischen Wirtschaftskraft, der gewerbliche Mittelstand, die Landwirtschaft und der Tourismus seien nachweislich gut aufgestellt.<\/p>\n<p>Der Demographische Wandel sei die gr\u00f6\u00dfte Herausforderung f\u00fcr die n\u00e4chsten Jahrzehnte. F\u00fcr den l\u00e4ndlichen Raum sei es daher wichtig, dass die politisch Verantwortlichen dem Erhalt und dem Ausbau von Infrastruktur und Lebensqualit\u00e4t f\u00fcr alle Generationen gro\u00dfe Aufmerksamkeit zu widmen h\u00e4tten.\u00c2\u00a0 Er rief abschlie\u00dfend dazu auf, dass man in gemeinsamer Kraftanstrengung mit Unterst\u00fctzung guter Verbindungen an der bew\u00e4hrten Arbeitsweise festhalten solle, um f\u00fcr Poppenhausen und die B\u00fcrgerschaft das Beste zu erreichen.<\/p>\n<p><strong>MdB Brand zu Familienpolitik, Gesundheitsreform und Erfahrungswerten<\/strong><\/p>\n<p>Der Wahlkreisabgeordnete im Deutschen Bundestag, Michael Brand, berichtete in seinem Vortrag \u00fcber seine Erfahrungen und die Arbeit der vergangenen 15 Monaten, in denen die gro\u00dfe Koalition in Berlin die Regierungsverantwortung trage. Er sprach sich f\u00fcr weniger Regelungsbedarf durch die gro\u00dfe Politik aus, indem er anregte, dass nicht alle Bereiche bis ins Kleinste geregelt werden sollten. Brand ging insbesondere auf die Familienpolitik ein, die ihm sehr am Herzen liege. Die Kinderbetreuung gelte es zu f\u00f6rdern. Dabei d\u00fcrfe man aber nicht vom bew\u00e4hrten Familienbild abr\u00fccken. Schutz und F\u00f6rderung von Ehe und Familie erfolge am besten in \u201eGanztagsfamilien\u201c.<\/p>\n<p>Brand w\u00fcnschte sich \u201emehr Respekt und Anerkennung\u201c von Familienarbeit. Familie sei mehr als Geld. Familie passiere im Kopf, so der Bundestagsabgeordnete. Eine Wertevermittlung m\u00fcsse in der Familie stattfinden. Weiterhin stellte er die Frage, wie man mit dem Leben (als zentrales Lebensrecht) am Anfang und am Ende des Lebens um. In diesem Zusammenhang war auch das Thema Hospiz und die Gesundheitsreform Thema seiner Ausf\u00fchrungen. Michael Brand lobte die Arbeit im CDU\/JU-Gemeindeverband, mit dem er ein gutes Miteinander pflege und w\u00fcnschte den Poppenhausener f\u00fcr die Zukunft viel Erfolg, eine gute Entwicklung und insgesamt alles Gute.<\/p>\n<p><strong>Mitgliederehrungen<\/strong><\/p>\n<p>Vorsitzender Hans-J\u00f6rg Hauke \u00fcberreichte im Auftrag von Karl Hofmann, Gr\u00fcndungsmitglied der Bundes-CDU und des Kreisverbandes Fulda eine Silbermedaille des Deutschen Reichstages an den Wahlkreisabgeordneten der CDU im Deutschen Bundestag, Michael Brand.<\/p>\n<p>Wenn man als Vorsitzender eine langj\u00e4hrige und verdiente Mitgliedschaft ehren k\u00f6nne, so sei dies eine\u00c2\u00a0 der sch\u00f6nsten Aufgaben eines Parteivorsitzenden, so Hans-J\u00f6rg Hauke die Ehrung der langj\u00e4hrigen Mitglieder. Zusammen mit dem Bundestagsabgeordneten Michael Brand \u00fcberreichte er Manfred Bub f\u00fcr 40 Jahre, Stefan Wehner f\u00fcr 30 Jahre, Alfred Heller f\u00fcr 25 Jahre, Michael Hamm f\u00fcr 25 Jahre und Manfred Helfrich f\u00fcr 20 Jahre eine Dankesurkunde der Bundesvorsitzenden Angela Merkel und des Landesvorsitzenden Roland Koch.<\/p>\n<p>Im Anschluss konnten sich die G\u00e4ste noch an einem leckerenAschermittwochs-B\u00fcfett mit Fisch und K\u00e4se erfreuen, dass die CDU-Frauen\u00c2\u00a0 des Gemeindeverbandes\u00c2\u00a0 zubereitet hatten.<\/p>\n<p>F\u00fcr den musikalischen Rahmen des Abends sorgte wieder die Bl\u00e4sergruppe des Musikverein &#8220;C\u00e4cilia Poppenhausen\u201c mit dem Vorsitzenden Maik Lotz unter der Stabf\u00fchrung von Manfred M\u00fcnch, denen mit einer Urkunde und einem Pr\u00e4sent f\u00fcr 15 Jahre musikalische Begleitung des traditionellen Politischen Aschermittwoch der Christdemokraten gedankt wurde.<br \/>\n\u00c2\u00a0<\/p>\n","protected":false},"excerpt":{"rendered":"<div class=\"tmnf_excerpt\"><p>Poppenhausen. Zum 15. Politischen Aschermittwoch hatte der CDU-Vorsitzende Hans-J\u00f6rg Hauke ins Poppenhausener Von-Steinr\u00fcck-Haus eingeladen. Wie in den Vorjahren galt das Motto der heimischen JU\/CDU: \u201eWir in der Gemeinde Poppenhausen \u2013 mitten im Leben \u2013 gemeinsam erfolgreich\u201c. Zahlreiche Parteimitglieder, politisch Interessierte sowie Abordnungen der Nachbarverb\u00e4nde waren zu der Veranstaltung gekommen. Neben Redebeitr\u00e4gen vom CDU-Vorsitzenden und B\u00fcrgermeister &hellip;<\/p>\n<\/div>","protected":false},"author":1,"featured_media":0,"comment_status":"closed","ping_status":"closed","sticky":false,"template":"","format":"standard","meta":{"footnotes":""},"categories":[1,29],"tags":[],"class_list":["post-1937","post","type-post","status-publish","format-standard","hentry","category-startseite","category-politik"],"_links":{"self":[{"href":"https:\/\/www.fuldaernachrichten.de\/index.php?rest_route=\/wp\/v2\/posts\/1937","targetHints":{"allow":["GET"]}}],"collection":[{"href":"https:\/\/www.fuldaernachrichten.de\/index.php?rest_route=\/wp\/v2\/posts"}],"about":[{"href":"https:\/\/www.fuldaernachrichten.de\/index.php?rest_route=\/wp\/v2\/types\/post"}],"author":[{"embeddable":true,"href":"https:\/\/www.fuldaernachrichten.de\/index.php?rest_route=\/wp\/v2\/users\/1"}],"replies":[{"embeddable":true,"href":"https:\/\/www.fuldaernachrichten.de\/index.php?rest_route=%2Fwp%2Fv2%2Fcomments&post=1937"}],"version-history":[{"count":0,"href":"https:\/\/www.fuldaernachrichten.de\/index.php?rest_route=\/wp\/v2\/posts\/1937\/revisions"}],"wp:attachment":[{"href":"https:\/\/www.fuldaernachrichten.de\/index.php?rest_route=%2Fwp%2Fv2%2Fmedia&parent=1937"}],"wp:term":[{"taxonomy":"category","embeddable":true,"href":"https:\/\/www.fuldaernachrichten.de\/index.php?rest_route=%2Fwp%2Fv2%2Fcategories&post=1937"},{"taxonomy":"post_tag","embeddable":true,"href":"https:\/\/www.fuldaernachrichten.de\/index.php?rest_route=%2Fwp%2Fv2%2Ftags&post=1937"}],"curies":[{"name":"wp","href":"https:\/\/api.w.org\/{rel}","templated":true}]}}