{"id":19311,"date":"2009-01-14T08:05:04","date_gmt":"2009-01-14T07:05:04","guid":{"rendered":"http:\/\/www.schoene-nachrichten.de\/?p=19311"},"modified":"2009-01-14T08:17:22","modified_gmt":"2009-01-14T07:17:22","slug":"jahresmotto-2009-rhoener-charme-kuechengefluester","status":"publish","type":"post","link":"https:\/\/www.fuldaernachrichten.de\/?p=19311","title":{"rendered":"Kulinarium 2009: \u201eRh\u00f6ner Charme K\u00fcchengefl\u00fcster\u201c"},"content":{"rendered":"<p><a href=\"http:\/\/www.schoene-nachrichten.de\/wp-content\/uploads\/2009\/01\/090113-kulinarium-1.jpg\"><img fetchpriority=\"high\" decoding=\"async\" class=\"alignnone size-thumbnail wp-image-19312\" title=\"public relations Sabine Ick \" src=\"http:\/\/www.schoene-nachrichten.de\/wp-content\/uploads\/2009\/01\/090113-kulinarium-1-265x395.jpg\" alt=\"public relations Sabine Ick \" hspace=\"5\" width=\"265\" height=\"395\" align=\"left\" srcset=\"https:\/\/www.fuldaernachrichten.de\/wp-content\/uploads\/2009\/01\/090113-kulinarium-1-265x395.jpg 265w, https:\/\/www.fuldaernachrichten.de\/wp-content\/uploads\/2009\/01\/090113-kulinarium-1.jpg 402w\" sizes=\"(max-width: 265px) 100vw, 265px\" \/><\/a><strong>Fulda.<\/strong> \u201eRh\u00f6ner Charme K\u00fcchengefl\u00fcster\u201c lautet der Titel des neuen Kulinariums 2009, der gastronomische Wegweiser der Rh\u00f6ner Charme-Initiative, der jetzt druckfrisch in allen Rh\u00f6ner Charme-Betrieben und im Infozentrum an der Wasserkuppe kostenfrei erh\u00e4ltlich ist. Erschienen ist damit die mittlerweile 16. Ausgabe, wiederum im handlichen Taschenformat und gef\u00fcllt mit zahlreichen Informationen, Tipps und kurzen Geschichten rund um die Rh\u00f6n.\u00c2\u00a0 Hinter dem Motto \u201eRh\u00f6ner Charme K\u00fcchengefl\u00fcster\u201c stecken Anregungen f\u00fcr G\u00e4ste aus nah und fern, die aufzeigen, was die Rh\u00f6n und der Rh\u00f6ner Charme in Hessen, Bayern und Th\u00fcringen zu bieten haben. Dar\u00fcber hinaus werden neben einem pers\u00f6nlichen Rezept auch Tipps und Tricks der K\u00fcchenchefs verraten und Schmunzelgeschichten oder Anekdoten zum Besten gegeben.<!--more--><\/p>\n<p><strong>Vielfalt sind kaum Grenzen gesetzt<\/strong><\/p>\n<p>Neben der Auflistung kulinarischer Gaumenfreuden enth\u00e4lt das Kulinarium zahlreiche Angebote: Jeder Gastronom, Hotelier oder Landwirt hat seine pers\u00f6nliche Interpretation des Jahresmotto an die G\u00e4ste formuliert. Dar\u00fcber hinaus werden alle Mitgliedsbetriebe jeweils auf einen Seite vorgestellt.\u00c2\u00a0 Der Terminkalender f\u00fchrt ebenfalls alle Bauernm\u00e4rkte und besondere Events des Jahres 2009 auf: Liederabende, Jahresauftaktveranstaltung, Start in die Grillsaison \u2013 der Vielfalt sind kaum Grenzen gesetzt.<\/p>\n<p>Auch die Mitgliedsbetriebe der Landwirte pr\u00e4sentieren sich mit ihren speziellen Angeboten. Die Partnerschaft im Rh\u00f6ner Charme macht sich stark f\u00fcr gastronomische und landwirtschaftliche Qualit\u00e4ten: Aus diesem Grund legen die Mitglieder gro\u00dfen Wert auf den Hinweis von regionalen Produkten, die jeder Betrieb regelm\u00e4\u00dfig nutzt und die speziell aufgef\u00fchrt werden. Auch die Qualit\u00e4tskriterien, die die gemeinsame Philosophie der Wirtevereinigung pr\u00e4gen, sind im Kulinarium dargelegt. Und um zielsicher alle Mitglieder zu finden, zeigt eine gro\u00dfe \u00dcbersichtskarte den Weg in die Betriebe.<\/p>\n<p><a href=\"http:\/\/www.schoene-nachrichten.de\/wp-content\/uploads\/2009\/01\/090113-kulinarium-2.jpg\"><img decoding=\"async\" class=\"alignnone size-thumbnail wp-image-19313\" title=\"public relations Sabine Ick\" src=\"http:\/\/www.schoene-nachrichten.de\/wp-content\/uploads\/2009\/01\/090113-kulinarium-2-265x531.jpg\" alt=\"public relations Sabine Ick\" width=\"265\" height=\"531\" srcset=\"https:\/\/www.fuldaernachrichten.de\/wp-content\/uploads\/2009\/01\/090113-kulinarium-2-265x531.jpg 265w, https:\/\/www.fuldaernachrichten.de\/wp-content\/uploads\/2009\/01\/090113-kulinarium-2.jpg 299w\" sizes=\"(max-width: 265px) 100vw, 265px\" \/><\/a><\/p>\n","protected":false},"excerpt":{"rendered":"<div class=\"tmnf_excerpt\"><p>Fulda. \u201eRh\u00f6ner Charme K\u00fcchengefl\u00fcster\u201c lautet der Titel des neuen Kulinariums 2009, der gastronomische Wegweiser der Rh\u00f6ner Charme-Initiative, der jetzt druckfrisch in allen Rh\u00f6ner Charme-Betrieben und im Infozentrum an der Wasserkuppe kostenfrei erh\u00e4ltlich ist. Erschienen ist damit die mittlerweile 16. Ausgabe, wiederum im handlichen Taschenformat und gef\u00fcllt mit zahlreichen Informationen, Tipps und kurzen Geschichten rund um &hellip;<\/p>\n<\/div>","protected":false},"author":1,"featured_media":0,"comment_status":"closed","ping_status":"closed","sticky":false,"template":"","format":"standard","meta":{"footnotes":""},"categories":[1,37,44],"tags":[],"class_list":["post-19311","post","type-post","status-publish","format-standard","hentry","category-startseite","category-essen-und-trinken","category-kultur"],"_links":{"self":[{"href":"https:\/\/www.fuldaernachrichten.de\/index.php?rest_route=\/wp\/v2\/posts\/19311","targetHints":{"allow":["GET"]}}],"collection":[{"href":"https:\/\/www.fuldaernachrichten.de\/index.php?rest_route=\/wp\/v2\/posts"}],"about":[{"href":"https:\/\/www.fuldaernachrichten.de\/index.php?rest_route=\/wp\/v2\/types\/post"}],"author":[{"embeddable":true,"href":"https:\/\/www.fuldaernachrichten.de\/index.php?rest_route=\/wp\/v2\/users\/1"}],"replies":[{"embeddable":true,"href":"https:\/\/www.fuldaernachrichten.de\/index.php?rest_route=%2Fwp%2Fv2%2Fcomments&post=19311"}],"version-history":[{"count":4,"href":"https:\/\/www.fuldaernachrichten.de\/index.php?rest_route=\/wp\/v2\/posts\/19311\/revisions"}],"predecessor-version":[{"id":19345,"href":"https:\/\/www.fuldaernachrichten.de\/index.php?rest_route=\/wp\/v2\/posts\/19311\/revisions\/19345"}],"wp:attachment":[{"href":"https:\/\/www.fuldaernachrichten.de\/index.php?rest_route=%2Fwp%2Fv2%2Fmedia&parent=19311"}],"wp:term":[{"taxonomy":"category","embeddable":true,"href":"https:\/\/www.fuldaernachrichten.de\/index.php?rest_route=%2Fwp%2Fv2%2Fcategories&post=19311"},{"taxonomy":"post_tag","embeddable":true,"href":"https:\/\/www.fuldaernachrichten.de\/index.php?rest_route=%2Fwp%2Fv2%2Ftags&post=19311"}],"curies":[{"name":"wp","href":"https:\/\/api.w.org\/{rel}","templated":true}]}}