{"id":1921,"date":"2007-02-28T16:29:21","date_gmt":"2007-02-28T15:29:21","guid":{"rendered":"http:\/\/www.schoene-nachrichten.de\/?p=1921"},"modified":"2007-03-01T00:09:28","modified_gmt":"2007-02-28T23:09:28","slug":"ein-oscar-fuer-bad-hersfeld","status":"publish","type":"post","link":"https:\/\/www.fuldaernachrichten.de\/?p=1921","title":{"rendered":"Ein Oscar f\u00fcr Bad Hersfelder Festspiele"},"content":{"rendered":"<p><strong>Sch\u00f6nes aus Bad Hersfeld.<\/strong> Ein wenig Glanz und Glamour strahlte nach der f\u00fcr den deutschen Film so gloriosen Oscar &#8211; Nacht in Los Angeles auch auf die Festspielstadt Bad Hersfeld. Verlieh doch die Academy dem Stasi-Drama\u00c2\u00a0\u201eDas Leben der Anderen\u201c von Florian Henckel von Donnersmarck als\u00c2\u00a0\u201eBester fremdsprachiger Film\u201c den Oscar.\u00c2\u00a0Volker \u201eZACK\u201c Michalowski,\u00c2\u00a0Ensemblemitglied\u00c2\u00a0der diesj\u00e4hrigen Bad Hersfelder Festspiele und Darsteller in &#8220;Das Leben der Anderen&#8221;, freut sich\u00c2\u00a0 \u00fcber den Preis.\u00c2\u00a0<\/p>\n<p><a target=\"_blank\" href=\"http:\/\/www.schoene-nachrichten.de\/wp-content\/uploads\/2007\/02\/070228-michalowski.jpg\" title=\"Foto: Urzula Michalowska\"><img decoding=\"async\" src=\"http:\/\/www.schoene-nachrichten.de\/wp-content\/uploads\/2007\/02\/070228-michalowski.thumbnail.jpg\" alt=\"070228-michalowski.jpg\" \/><\/a><\/p>\n<p><!--more-->Michalowski, bekannt aus vielen Film- und Fernsehrollen und als Comedy-Star der SAT 1 Kult-Comedy \u201eZACK\u201c spielt in \u201eDas Leben der Anderen\u201c einen Stasimann \u2013 einen quirligen, kleinen Schriftexperten des Sicherheitsapparates, der das Originalmanuskript eines staatsfeindlichen Artikels im SPIEGEL untersucht und dem Vorgesetzten jetzt seinen Bericht abliefert.<\/p>\n<p>Auch wenn man den 36-j\u00e4hrigen geb\u00fcrtigen Dresdner gerne \u201eSachsens Antwort auf Mr. Bean\u201c nennt, wei\u00df die Filmkritik und die \u00d6ffentlichkeit seit Jahren,\u00c2\u00a0 dass \u201eZACK\u201c\u00c2\u00a0 neben seinen Comedy-Rollen\u00c2\u00a0 auch ein erfolgreicher ernsthafter Schauspieler ist. In mehreren Tatorten war er schon zu sehen, ebenso spielte er in &#8220;Der rote Kakadu&#8221;und \u201eNeuschwanstein Conspiracy\u201c\u00c2\u00a0 und auch im Kurzfilm \u201eDer Philanthrop\u201c.<\/p>\n<p>Auch auf der Theaterb\u00fchne ist er pr\u00e4sent, stand in mehreren\u00c2\u00a0 St\u00fccken im St. Pauli Theater in Hamburg auf der B\u00fchne. Seinen &#8220;Mittelnamen&#8221; &#8220;Zack&#8221; hat er \u00fcbrigens einem ehemaligen Musiklehrer zu verdanken, der ihn einer Figur aus Hoffmanns Erz\u00e4hlungen entlehnte und ihn dem damals schon flinken Burschen gab.\u00c2\u00a0\u00c2\u00a0<\/p>\n<p>Im Sommer wird er nun bei den Bad Hersfelder Festspielen den Narren Probstein in Shakespeares &#8220;Wie\u00c2\u00a0 es euch gef\u00e4llt&#8221; geben.\u00c2\u00a0Dazu mehr unter\u00c2\u00a0 <a target=\"_blank\" href=\"http:\/\/www.bad-hersfelder-festspiele.de\/\">http:\/\/www.bad-hersfelder-festspiele.de\/<\/a><\/p>\n","protected":false},"excerpt":{"rendered":"<div class=\"tmnf_excerpt\"><p>Sch\u00f6nes aus Bad Hersfeld. Ein wenig Glanz und Glamour strahlte nach der f\u00fcr den deutschen Film so gloriosen Oscar &#8211; Nacht in Los Angeles auch auf die Festspielstadt Bad Hersfeld. Verlieh doch die Academy dem Stasi-Drama\u00c2\u00a0\u201eDas Leben der Anderen\u201c von Florian Henckel von Donnersmarck als\u00c2\u00a0\u201eBester fremdsprachiger Film\u201c den Oscar.\u00c2\u00a0Volker \u201eZACK\u201c Michalowski,\u00c2\u00a0Ensemblemitglied\u00c2\u00a0der diesj\u00e4hrigen Bad Hersfelder Festspiele &hellip;<\/p>\n<\/div>","protected":false},"author":1,"featured_media":0,"comment_status":"closed","ping_status":"closed","sticky":false,"template":"","format":"standard","meta":{"footnotes":""},"categories":[1,44],"tags":[],"class_list":["post-1921","post","type-post","status-publish","format-standard","hentry","category-startseite","category-kultur"],"_links":{"self":[{"href":"https:\/\/www.fuldaernachrichten.de\/index.php?rest_route=\/wp\/v2\/posts\/1921","targetHints":{"allow":["GET"]}}],"collection":[{"href":"https:\/\/www.fuldaernachrichten.de\/index.php?rest_route=\/wp\/v2\/posts"}],"about":[{"href":"https:\/\/www.fuldaernachrichten.de\/index.php?rest_route=\/wp\/v2\/types\/post"}],"author":[{"embeddable":true,"href":"https:\/\/www.fuldaernachrichten.de\/index.php?rest_route=\/wp\/v2\/users\/1"}],"replies":[{"embeddable":true,"href":"https:\/\/www.fuldaernachrichten.de\/index.php?rest_route=%2Fwp%2Fv2%2Fcomments&post=1921"}],"version-history":[{"count":0,"href":"https:\/\/www.fuldaernachrichten.de\/index.php?rest_route=\/wp\/v2\/posts\/1921\/revisions"}],"wp:attachment":[{"href":"https:\/\/www.fuldaernachrichten.de\/index.php?rest_route=%2Fwp%2Fv2%2Fmedia&parent=1921"}],"wp:term":[{"taxonomy":"category","embeddable":true,"href":"https:\/\/www.fuldaernachrichten.de\/index.php?rest_route=%2Fwp%2Fv2%2Fcategories&post=1921"},{"taxonomy":"post_tag","embeddable":true,"href":"https:\/\/www.fuldaernachrichten.de\/index.php?rest_route=%2Fwp%2Fv2%2Ftags&post=1921"}],"curies":[{"name":"wp","href":"https:\/\/api.w.org\/{rel}","templated":true}]}}