{"id":1919,"date":"2007-02-28T16:17:26","date_gmt":"2007-02-28T15:17:26","guid":{"rendered":"http:\/\/www.schoene-nachrichten.de\/?p=1919"},"modified":"2007-02-28T16:17:26","modified_gmt":"2007-02-28T15:17:26","slug":"karosseriebauer-sind-gefragte-spezialisten","status":"publish","type":"post","link":"https:\/\/www.fuldaernachrichten.de\/?p=1919","title":{"rendered":"Karosseriebauer sind gefragte Spezialisten"},"content":{"rendered":"<p><strong>Sch\u00f6nes aus Fulda.<\/strong> \u201eIhre Zukunftsaussichten sind gut. Das Auto wird auch in Zukunft eine wichtige Rolle in unserer Gesellschaft spielen. Und der Bedarf an Spezial- und Sonderfahrzeugen wird weiter steigen\u201c, so Klaus Richter, Obermeister der Karosserie- und Fahrzeugbauer-Innung Osthessen, anl\u00e4sslich der Freisprechung von sieben Junggesellen, die nach dreieinhalbj\u00e4hriger Ausbildung erfolgreich ihre Pr\u00fcfung abgelegt hatten.<\/p>\n<p><a target=\"_blank\" href=\"http:\/\/www.schoene-nachrichten.de\/wp-content\/uploads\/2007\/02\/070228-karosseriebauer.jpg\" title=\"Foto: Kreishandwerkerschaft\"><img decoding=\"async\" src=\"http:\/\/www.schoene-nachrichten.de\/wp-content\/uploads\/2007\/02\/070228-karosseriebauer.thumbnail.jpg\" alt=\"070228-karosseriebauer.jpg\" \/><\/a><\/p>\n<p><!--more-->Allerdings d\u00fcrfe die Bereitschaft zur Weiterbildung nicht nachlassen, so Richter weiter. Denn gerade beim Automobil sei der technologische Fortschritt besonders schnell. Wer hier nicht st\u00e4ndig am Ball bleibe, k\u00f6nnte auch schnell mal seinen Arbeitsplatz verlieren. Computer w\u00fcrden zwar immer mehr die Arbeit erleichtern, den gut ausgebildeten Facharbeiter ersetzen k\u00f6nnten sie jedoch nicht.<\/p>\n<p>Gl\u00fcckw\u00fcnsche und Gru\u00dfworte an die jungen Leute \u00fcberbrachten auch Dietmar Weidenb\u00f6rner von der Kreishandwerkerschaft Fulda sowie Studiendirektor G\u00fcnter Strelitz, Abteilungsleiter an der Ferdinand Braun Schule. Der Klassenlehrer,\u00c2\u00a0 Oberstudienrat Rudolf Meyer, w\u00fcrdigte das insgesamt hohe Ausbildungsniveau seiner ehemaligen Z\u00f6glinge und dankte f\u00fcr die gute Zusammenarbeit mit den Ausbildungsbetrieben.<\/p>\n<p>Als Pr\u00fcfungsbester wurde Thomas Dehler aus dem Ausbildungsbetrieb DaimlerChrysler, Niederlassung Fulda, ausgezeichnet.<\/p>\n","protected":false},"excerpt":{"rendered":"<div class=\"tmnf_excerpt\"><p>Sch\u00f6nes aus Fulda. \u201eIhre Zukunftsaussichten sind gut. Das Auto wird auch in Zukunft eine wichtige Rolle in unserer Gesellschaft spielen. Und der Bedarf an Spezial- und Sonderfahrzeugen wird weiter steigen\u201c, so Klaus Richter, Obermeister der Karosserie- und Fahrzeugbauer-Innung Osthessen, anl\u00e4sslich der Freisprechung von sieben Junggesellen, die nach dreieinhalbj\u00e4hriger Ausbildung erfolgreich ihre Pr\u00fcfung abgelegt hatten.<\/p>\n<\/div>","protected":false},"author":1,"featured_media":0,"comment_status":"closed","ping_status":"closed","sticky":false,"template":"","format":"standard","meta":{"footnotes":""},"categories":[1,53],"tags":[],"class_list":["post-1919","post","type-post","status-publish","format-standard","hentry","category-startseite","category-bildung"],"_links":{"self":[{"href":"https:\/\/www.fuldaernachrichten.de\/index.php?rest_route=\/wp\/v2\/posts\/1919","targetHints":{"allow":["GET"]}}],"collection":[{"href":"https:\/\/www.fuldaernachrichten.de\/index.php?rest_route=\/wp\/v2\/posts"}],"about":[{"href":"https:\/\/www.fuldaernachrichten.de\/index.php?rest_route=\/wp\/v2\/types\/post"}],"author":[{"embeddable":true,"href":"https:\/\/www.fuldaernachrichten.de\/index.php?rest_route=\/wp\/v2\/users\/1"}],"replies":[{"embeddable":true,"href":"https:\/\/www.fuldaernachrichten.de\/index.php?rest_route=%2Fwp%2Fv2%2Fcomments&post=1919"}],"version-history":[{"count":0,"href":"https:\/\/www.fuldaernachrichten.de\/index.php?rest_route=\/wp\/v2\/posts\/1919\/revisions"}],"wp:attachment":[{"href":"https:\/\/www.fuldaernachrichten.de\/index.php?rest_route=%2Fwp%2Fv2%2Fmedia&parent=1919"}],"wp:term":[{"taxonomy":"category","embeddable":true,"href":"https:\/\/www.fuldaernachrichten.de\/index.php?rest_route=%2Fwp%2Fv2%2Fcategories&post=1919"},{"taxonomy":"post_tag","embeddable":true,"href":"https:\/\/www.fuldaernachrichten.de\/index.php?rest_route=%2Fwp%2Fv2%2Ftags&post=1919"}],"curies":[{"name":"wp","href":"https:\/\/api.w.org\/{rel}","templated":true}]}}