{"id":1909,"date":"2007-02-28T01:00:02","date_gmt":"2007-02-28T00:00:02","guid":{"rendered":"http:\/\/www.schoene-nachrichten.de\/?p=1909"},"modified":"2007-02-28T01:03:37","modified_gmt":"2007-02-28T00:03:37","slug":"fachvortraege-und-beratungs-angebote-auf-der-4-kuenzeller-baumesse","status":"publish","type":"post","link":"https:\/\/www.fuldaernachrichten.de\/?p=1909","title":{"rendered":"4. K\u00fcnzeller Baumesse &#8211; Vortr\u00e4ge und Beratungsangebote"},"content":{"rendered":"<p><strong>Termin.<\/strong> Von Samstag, 3. M\u00e4rz, bis Sonntag, 4. M\u00e4rz 2007, findet im K\u00fcnzeller Gemeindezentrum die 4. Baumesse der \u00f6rtlichen Handwerkergemeinschaft statt. Bauherren, Modernisierer und Bauinteressierte k\u00f6nnen sich\u00c2\u00a0\u00fcber Produkte und Dienstleistungen der heimischen Aussteller sowie die neuesten technischen Entwicklungen informieren. Auch\u00c2\u00a0der Energieversorger\u00c2\u00a0\u00dcWAG ist mit\u00c2\u00a0einem Beratungs- und Informationsangebot auf der Baumesse in K\u00fcnzell vertreten.<\/p>\n<p><!--more--><strong>Tipps und Infos zum Energiesparen<\/strong>\u00c2\u00a0<\/p>\n<p>Bei den Fachberatern der \u00dcWAG erfahren Besucher alles Wissenswerte rund um das Thema Energieeffizienz. Die Experten am \u00dcWAG-Messestand helfen bei Energiespar-Fragen mit Tipps und Informationen gerne weiter. Einen zweiten Beratungsschwerpunkt legt die \u00dcWAG w\u00e4hrend der K\u00fcnzeller Baumesse auf das Thema Umweltw\u00e4rme. Um das Thema Energiesparen mit der W\u00e4rmepumpe geht es auch in den beiden Vortr\u00e4gen, die die \u00dcWAG im Rahmen der Baumesse anbietet. Dabei arbeitet das Unternehmen mit dem Energie-Kreis Osthessen zusammen, in dem sich erfahrene regionale Fachbetriebe der Gewerke Elektro, Sanit\u00e4r, Heizung, Klima, Fachhandel und die \u00dcWAG zusammengeschlossen haben.<\/p>\n<p><strong>Heizkosten minimieren<\/strong><\/p>\n<p>Anhand praktischer Beispiele erfahren die Besucher alles \u00fcber die Kosten- und Umweltvorteile dieser zukunftsweisenden Heizalternative. Am Samstag pr\u00e4sentiert die \u00dcWAG zwischen 14:00 und 15:00 Uhr gemeinsam mit der Herget GmbH &amp; Co. KG aus Eichenzell einen Bericht aus der Praxis. Thema: \u201eHeizkosten minimieren \u2013 die M\u00f6glichkeiten der W\u00e4rmepumpe im Neubau\u201c. Einen Tag sp\u00e4ter zur gleichen Zeit zeigen die \u00dcWAG und die Firma Thiemann &amp; Seiferth aus Fulda in ihrem gemeinsam Vortrag anhand praktischer Beispiele aus dem Modernisierungs-Bereich, wie sich mit Umweltw\u00e4rme bis zu 50 % Heizkosten sparen lassen.<\/p>\n<p><strong>Gro\u00dfes Gewinnspiel<\/strong><\/p>\n<p>Eine Besonderheit der diesj\u00e4hrigen Baumesse ist das gro\u00dfe Gewinnspiel, das alle Aussteller gemeinsam den Besuchern pr\u00e4sentieren. St\u00fcndlich gibt es dabei Gutscheine f\u00fcr Produkte und Leistungen der teilnehmenden Unternehmen zu gewinnen. Die \u00dcWAG verlost als ersten und zweiten Preis jeweils eine pers\u00f6nliche Energieberatung inklusive eines Energiemessger\u00e4ts, mit dem sich der Stromverbrauch einzelner Elektroger\u00e4te genau bestimmen l\u00e4sst. Der dritte Preis ist eine Strom-Gutschrift \u00fcber 200 Kilowattstunden.<\/p>\n<p>F\u00fcr die kleinen Messebesucher steht am Samstag zwischen 14:00 und 16:00 Uhr au\u00dferdem der \u00dcWAG-Luftballonclown auf der Aktionsb\u00fchne im K\u00fcnzeller Gemeindezentrum. Der Eintritt zur Baummesse und den Fachvortr\u00e4gen ist frei.<\/p>\n","protected":false},"excerpt":{"rendered":"<div class=\"tmnf_excerpt\"><p>Termin. Von Samstag, 3. M\u00e4rz, bis Sonntag, 4. M\u00e4rz 2007, findet im K\u00fcnzeller Gemeindezentrum die 4. Baumesse der \u00f6rtlichen Handwerkergemeinschaft statt. Bauherren, Modernisierer und Bauinteressierte k\u00f6nnen sich\u00c2\u00a0\u00fcber Produkte und Dienstleistungen der heimischen Aussteller sowie die neuesten technischen Entwicklungen informieren. Auch\u00c2\u00a0der Energieversorger\u00c2\u00a0\u00dcWAG ist mit\u00c2\u00a0einem Beratungs- und Informationsangebot auf der Baumesse in K\u00fcnzell vertreten.<\/p>\n<\/div>","protected":false},"author":1,"featured_media":0,"comment_status":"closed","ping_status":"closed","sticky":false,"template":"","format":"standard","meta":{"footnotes":""},"categories":[1,52],"tags":[],"class_list":["post-1909","post","type-post","status-publish","format-standard","hentry","category-startseite","category-umwelt"],"_links":{"self":[{"href":"https:\/\/www.fuldaernachrichten.de\/index.php?rest_route=\/wp\/v2\/posts\/1909","targetHints":{"allow":["GET"]}}],"collection":[{"href":"https:\/\/www.fuldaernachrichten.de\/index.php?rest_route=\/wp\/v2\/posts"}],"about":[{"href":"https:\/\/www.fuldaernachrichten.de\/index.php?rest_route=\/wp\/v2\/types\/post"}],"author":[{"embeddable":true,"href":"https:\/\/www.fuldaernachrichten.de\/index.php?rest_route=\/wp\/v2\/users\/1"}],"replies":[{"embeddable":true,"href":"https:\/\/www.fuldaernachrichten.de\/index.php?rest_route=%2Fwp%2Fv2%2Fcomments&post=1909"}],"version-history":[{"count":0,"href":"https:\/\/www.fuldaernachrichten.de\/index.php?rest_route=\/wp\/v2\/posts\/1909\/revisions"}],"wp:attachment":[{"href":"https:\/\/www.fuldaernachrichten.de\/index.php?rest_route=%2Fwp%2Fv2%2Fmedia&parent=1909"}],"wp:term":[{"taxonomy":"category","embeddable":true,"href":"https:\/\/www.fuldaernachrichten.de\/index.php?rest_route=%2Fwp%2Fv2%2Fcategories&post=1909"},{"taxonomy":"post_tag","embeddable":true,"href":"https:\/\/www.fuldaernachrichten.de\/index.php?rest_route=%2Fwp%2Fv2%2Ftags&post=1909"}],"curies":[{"name":"wp","href":"https:\/\/api.w.org\/{rel}","templated":true}]}}