{"id":19021,"date":"2009-01-10T18:24:04","date_gmt":"2009-01-10T17:24:04","guid":{"rendered":"http:\/\/www.schoene-nachrichten.de\/?p=19021"},"modified":"2009-01-10T18:24:04","modified_gmt":"2009-01-10T17:24:04","slug":"spatenstich-fuer-familienzentrum-im-stadtteil-fulda-galerie","status":"publish","type":"post","link":"https:\/\/www.fuldaernachrichten.de\/?p=19021","title":{"rendered":"Spatenstich f\u00fcr Familienzentrum im Stadtteil Fulda-Galerie"},"content":{"rendered":"<p><strong>Fulda. <\/strong>Zum offiziellen Spatenstich des christlichen Familienzentrums mit Kinderkrippe im Stadtteil Fulda-Galerie trafen sich heute Oberbu\u00cc\u02c6rgermeister Gerhard M\u00f6ller, Fulda Galerie-Gesch\u00e4ftsfu\u00cc\u02c6hrer Werner Sch\u00e4fer, Carsten Sch\u00e4fer von der VR-Bank Fulda, Peter Schmitt, Gesch\u00e4ftsfu\u00cc\u02c6hrer der christlichen Familienzentrum Fulda Galerie GmbH sowie viele Interessierte.<\/p>\n<p><strong>Fotos<\/strong><strong>(17):<\/strong> Max Colin Heydenreich<\/p>\n<p><a title=\"Foto: Max Colin Heydenreich\" rel=\"lightbox[roadtrip]\" href=\"http:\/\/www.schoene-nachrichten.de\/wp-content\/uploads\/2009\/01\/090110_Kita_017.jpg\" target=\"_blank\"><img decoding=\"async\" src=\"http:\/\/www.schoene-nachrichten.de\/wp-content\/uploads\/2009\/01\/090110_Kita_017.thumbnail.jpg\" alt=\"090110_Kita_017.jpg\" width=\"265\" \/><\/a> <a title=\"Foto: Max Colin Heydenreich\" rel=\"lightbox[roadtrip]\" href=\"http:\/\/www.schoene-nachrichten.de\/wp-content\/uploads\/2009\/01\/090110_Kita_012.jpg\" target=\"_blank\"><img decoding=\"async\" src=\"http:\/\/www.schoene-nachrichten.de\/wp-content\/uploads\/2009\/01\/090110_Kita_012.thumbnail.jpg\" alt=\"090110_Kita_012.jpg\" width=\"265\" \/><\/a><\/p>\n<p><!--more--><\/p>\n<p>Das rund 1,2 Mio. Euro teure Projekt soll bis Ende August 2009 abgeschlossen sein. Zwanzig Betreuungpl\u00e4tze f\u00fcr unter Dreij\u00e4hrige soll das Familienzentrum bieten, erl\u00e4uterte Pastor Gerhard Senninger. Weiterhin soll es einen Gottesdienstraum und einen Mehrzweckraum geben.<\/p>\n<p><a title=\"Foto: Max Colin Heydenreich\" rel=\"lightbox[roadtrip]\" href=\"http:\/\/www.schoene-nachrichten.de\/wp-content\/uploads\/2009\/01\/090110_Kita_005.jpg\" target=\"_blank\"><img decoding=\"async\" src=\"http:\/\/www.schoene-nachrichten.de\/wp-content\/uploads\/2009\/01\/090110_Kita_005.thumbnail.jpg\" alt=\"090110_Kita_005.jpg\" width=\"265\" \/><\/a> <a title=\"Foto: Max Colin Heydenreich\" rel=\"lightbox[roadtrip]\" href=\"http:\/\/www.schoene-nachrichten.de\/wp-content\/uploads\/2009\/01\/090110_Kita_014.jpg\" target=\"_blank\"><img decoding=\"async\" src=\"http:\/\/www.schoene-nachrichten.de\/wp-content\/uploads\/2009\/01\/090110_Kita_014.thumbnail.jpg\" alt=\"090110_Kita_014.jpg\" width=\"265\" \/><\/a><\/p>\n<p>Bis 2013 muss die Quote f\u00fcr Krippepl\u00e4tze in Fulda auf 35 Prozent steigen. &#8220;Der derzeitige Stand sind 12 Prozent&#8221;, sagte OB M\u00f6ller. &#8220;In f\u00fcnf Jahren haben Eltern dann auch einen Rechtsanspruch auf einen Krippenplatz&#8221;.<\/p>\n<p><a title=\"Foto: Max Colin Heydenreich\" rel=\"lightbox[roadtrip]\" href=\"http:\/\/www.schoene-nachrichten.de\/wp-content\/uploads\/2009\/01\/090110_Kita_001.jpg\" target=\"_blank\"><img decoding=\"async\" src=\"http:\/\/www.schoene-nachrichten.de\/wp-content\/uploads\/2009\/01\/090110_Kita_001.thumbnail.jpg\" alt=\"090110_Kita_001.jpg\" width=\"265\" \/><\/a> <a title=\"Foto: Max Colin Heydenreich\" rel=\"lightbox[roadtrip]\" href=\"http:\/\/www.schoene-nachrichten.de\/wp-content\/uploads\/2009\/01\/090110_Kita_002.jpg\" target=\"_blank\"><img decoding=\"async\" src=\"http:\/\/www.schoene-nachrichten.de\/wp-content\/uploads\/2009\/01\/090110_Kita_002.thumbnail.jpg\" alt=\"090110_Kita_002.jpg\" width=\"265\" \/><\/a><\/p>\n<p>300.000 Euro konnte der Tr\u00e4ger &#8211; eine evangelische Freikirche &#8211; durch Spenden selbst aufbringen. Weitere 300.000 Euro werden durch Landesf\u00f6rdermittel finanziert. Den Rest von 600.000 Euro finanziert die VR-Bank in Form eines Kredits. Die Kosten f\u00fcr den laufende Betrieb werden von der Stadt Fulda zu 75% \u00fcber Landesgelder finanziert. Der Rest muss \u00fcber den Tr\u00e4ger, bzw. die Beitr\u00e4ge der Eltern finanziert werden.<\/p>\n<p>Sobald die Temperaturen es zulassen, soll mit dem Bau des Familienzentrums begonnen werden.<\/p>\n<p><a title=\"Foto: Max Colin Heydenreich\" rel=\"lightbox[roadtrip]\" href=\"http:\/\/www.schoene-nachrichten.de\/wp-content\/uploads\/2009\/01\/090110_Kita_003.jpg\" target=\"_blank\"><img decoding=\"async\" src=\"http:\/\/www.schoene-nachrichten.de\/wp-content\/uploads\/2009\/01\/090110_Kita_003.thumbnail.jpg\" alt=\"090110_Kita_003.jpg\" width=\"265\" \/><\/a> <a title=\"Foto: Max Colin Heydenreich\" rel=\"lightbox[roadtrip]\" href=\"http:\/\/www.schoene-nachrichten.de\/wp-content\/uploads\/2009\/01\/090110_Kita_004.jpg\" target=\"_blank\"><img decoding=\"async\" src=\"http:\/\/www.schoene-nachrichten.de\/wp-content\/uploads\/2009\/01\/090110_Kita_004.thumbnail.jpg\" alt=\"090110_Kita_004.jpg\" width=\"265\" \/><\/a><\/p>\n<p><a title=\"Foto: Max Colin Heydenreich\" rel=\"lightbox[roadtrip]\" href=\"http:\/\/www.schoene-nachrichten.de\/wp-content\/uploads\/2009\/01\/090110_Kita_013.jpg\" target=\"_blank\"><img decoding=\"async\" src=\"http:\/\/www.schoene-nachrichten.de\/wp-content\/uploads\/2009\/01\/090110_Kita_013.thumbnail.jpg\" alt=\"090110_Kita_013.jpg\" width=\"265\" \/><\/a> <a title=\"Foto: Max Colin Heydenreich\" rel=\"lightbox[roadtrip]\" href=\"http:\/\/www.schoene-nachrichten.de\/wp-content\/uploads\/2009\/01\/090110_Kita_006.jpg\" target=\"_blank\"><img decoding=\"async\" src=\"http:\/\/www.schoene-nachrichten.de\/wp-content\/uploads\/2009\/01\/090110_Kita_006.thumbnail.jpg\" alt=\"090110_Kita_006.jpg\" width=\"265\" \/><\/a><\/p>\n<p><a title=\"Foto: Max Colin Heydenreich\" rel=\"lightbox[roadtrip]\" href=\"http:\/\/www.schoene-nachrichten.de\/wp-content\/uploads\/2009\/01\/090110_Kita_007.jpg\" target=\"_blank\"><img decoding=\"async\" src=\"http:\/\/www.schoene-nachrichten.de\/wp-content\/uploads\/2009\/01\/090110_Kita_007.thumbnail.jpg\" alt=\"090110_Kita_007.jpg\" width=\"265\" \/><\/a> <a title=\"Foto: Max Colin Heydenreich\" rel=\"lightbox[roadtrip]\" href=\"http:\/\/www.schoene-nachrichten.de\/wp-content\/uploads\/2009\/01\/090110_Kita_008.jpg\" target=\"_blank\"><img decoding=\"async\" src=\"http:\/\/www.schoene-nachrichten.de\/wp-content\/uploads\/2009\/01\/090110_Kita_008.thumbnail.jpg\" alt=\"090110_Kita_008.jpg\" width=\"265\" \/><\/a><\/p>\n<p><a title=\"Foto: Max Colin Heydenreich\" rel=\"lightbox[roadtrip]\" href=\"http:\/\/www.schoene-nachrichten.de\/wp-content\/uploads\/2009\/01\/090110_Kita_009.jpg\" target=\"_blank\"><img decoding=\"async\" src=\"http:\/\/www.schoene-nachrichten.de\/wp-content\/uploads\/2009\/01\/090110_Kita_009.thumbnail.jpg\" alt=\"090110_Kita_009.jpg\" width=\"265\" \/><\/a> <a title=\"Foto: Max Colin Heydenreich\" rel=\"lightbox[roadtrip]\" href=\"http:\/\/www.schoene-nachrichten.de\/wp-content\/uploads\/2009\/01\/090110_Kita_010.jpg\" target=\"_blank\"><img decoding=\"async\" src=\"http:\/\/www.schoene-nachrichten.de\/wp-content\/uploads\/2009\/01\/090110_Kita_010.thumbnail.jpg\" alt=\"090110_Kita_010.jpg\" width=\"265\" \/><\/a><\/p>\n<p><a title=\"Foto: Max Colin Heydenreich\" rel=\"lightbox[roadtrip]\" href=\"http:\/\/www.schoene-nachrichten.de\/wp-content\/uploads\/2009\/01\/090110_Kita_015.jpg\" target=\"_blank\"><img decoding=\"async\" src=\"http:\/\/www.schoene-nachrichten.de\/wp-content\/uploads\/2009\/01\/090110_Kita_015.thumbnail.jpg\" alt=\"090110_Kita_015.jpg\" width=\"265\" \/><\/a> <a title=\"Foto: Max Colin Heydenreich\" rel=\"lightbox[roadtrip]\" href=\"http:\/\/www.schoene-nachrichten.de\/wp-content\/uploads\/2009\/01\/090110_Kita_016.jpg\" target=\"_blank\"><img decoding=\"async\" src=\"http:\/\/www.schoene-nachrichten.de\/wp-content\/uploads\/2009\/01\/090110_Kita_016.thumbnail.jpg\" alt=\"090110_Kita_016.jpg\" width=\"265\" \/><\/a><\/p>\n","protected":false},"excerpt":{"rendered":"<div class=\"tmnf_excerpt\"><p>Fulda. Zum offiziellen Spatenstich des christlichen Familienzentrums mit Kinderkrippe im Stadtteil Fulda-Galerie trafen sich heute Oberbu\u00cc\u02c6rgermeister Gerhard M\u00f6ller, Fulda Galerie-Gesch\u00e4ftsfu\u00cc\u02c6hrer Werner Sch\u00e4fer, Carsten Sch\u00e4fer von der VR-Bank Fulda, Peter Schmitt, Gesch\u00e4ftsfu\u00cc\u02c6hrer der christlichen Familienzentrum Fulda Galerie GmbH sowie viele Interessierte. Fotos(17): Max Colin Heydenreich<\/p>\n<\/div>","protected":false},"author":1,"featured_media":0,"comment_status":"closed","ping_status":"closed","sticky":false,"template":"","format":"standard","meta":{"footnotes":""},"categories":[1,54,72],"tags":[],"class_list":["post-19021","post","type-post","status-publish","format-standard","hentry","category-startseite","category-bildergalerien","category-jugend"],"_links":{"self":[{"href":"https:\/\/www.fuldaernachrichten.de\/index.php?rest_route=\/wp\/v2\/posts\/19021","targetHints":{"allow":["GET"]}}],"collection":[{"href":"https:\/\/www.fuldaernachrichten.de\/index.php?rest_route=\/wp\/v2\/posts"}],"about":[{"href":"https:\/\/www.fuldaernachrichten.de\/index.php?rest_route=\/wp\/v2\/types\/post"}],"author":[{"embeddable":true,"href":"https:\/\/www.fuldaernachrichten.de\/index.php?rest_route=\/wp\/v2\/users\/1"}],"replies":[{"embeddable":true,"href":"https:\/\/www.fuldaernachrichten.de\/index.php?rest_route=%2Fwp%2Fv2%2Fcomments&post=19021"}],"version-history":[{"count":9,"href":"https:\/\/www.fuldaernachrichten.de\/index.php?rest_route=\/wp\/v2\/posts\/19021\/revisions"}],"predecessor-version":[{"id":19048,"href":"https:\/\/www.fuldaernachrichten.de\/index.php?rest_route=\/wp\/v2\/posts\/19021\/revisions\/19048"}],"wp:attachment":[{"href":"https:\/\/www.fuldaernachrichten.de\/index.php?rest_route=%2Fwp%2Fv2%2Fmedia&parent=19021"}],"wp:term":[{"taxonomy":"category","embeddable":true,"href":"https:\/\/www.fuldaernachrichten.de\/index.php?rest_route=%2Fwp%2Fv2%2Fcategories&post=19021"},{"taxonomy":"post_tag","embeddable":true,"href":"https:\/\/www.fuldaernachrichten.de\/index.php?rest_route=%2Fwp%2Fv2%2Ftags&post=19021"}],"curies":[{"name":"wp","href":"https:\/\/api.w.org\/{rel}","templated":true}]}}