{"id":19013,"date":"2009-01-10T17:42:47","date_gmt":"2009-01-10T16:42:47","guid":{"rendered":"http:\/\/www.schoene-nachrichten.de\/?p=19013"},"modified":"2009-01-12T19:46:51","modified_gmt":"2009-01-12T18:46:51","slug":"landtagswahl-hessen-2009-videointerview-mit-margaretha-hoelldobler-heumueller","status":"publish","type":"post","link":"https:\/\/www.fuldaernachrichten.de\/?p=19013","title":{"rendered":"Landtagswahl Hessen 2009 &#8211; Videostatement von Margaretha Hoelldobler-Heum\u00fcller"},"content":{"rendered":"<p><strong><a href=\"http:\/\/www.schoene-nachrichten.de\/wp-content\/uploads\/2009\/01\/090110_wahl.jpg\"><img decoding=\"async\" class=\"alignleft size-medium wp-image-19014\" title=\"090110_wahl\" src=\"http:\/\/www.schoene-nachrichten.de\/wp-content\/uploads\/2009\/01\/090110_wahl-265x108.jpg\" alt=\"090110_wahl\" width=\"265\" height=\"108\" srcset=\"https:\/\/www.fuldaernachrichten.de\/wp-content\/uploads\/2009\/01\/090110_wahl-265x108.jpg 265w, https:\/\/www.fuldaernachrichten.de\/wp-content\/uploads\/2009\/01\/090110_wahl.jpg 560w\" sizes=\"(max-width: 265px) 100vw, 265px\" \/><\/a>Fulda.<\/strong> Wenige Tage vor der Landtagswahl in Hessen haben wir die Fuldaer Landtagsabgeordneten der Parteien CDU, SPD, B\u00fcndnis 90\/Die Gr\u00fcnen, FDP und Die Linke gebeten, unsere Leser in Form eines Videostatements \u00fcber ihr Wahlproramm und die politischen Positionen zu informieren. Sehen Sie heute Margaretha Hoelldobler-Heum\u00fcller von B\u00fcndnis 90\/Die Gr\u00fcnen.<\/p>\n","protected":false},"excerpt":{"rendered":"<div class=\"tmnf_excerpt\"><p>Fulda. Wenige Tage vor der Landtagswahl in Hessen haben wir die Fuldaer Landtagsabgeordneten der Parteien CDU, SPD, B\u00fcndnis 90\/Die Gr\u00fcnen, FDP und Die Linke gebeten, unsere Leser in Form eines Videostatements \u00fcber ihr Wahlproramm und die politischen Positionen zu informieren. Sehen Sie heute Margaretha Hoelldobler-Heum\u00fcller von B\u00fcndnis 90\/Die Gr\u00fcnen.<\/p>\n<\/div>","protected":false},"author":1,"featured_media":0,"comment_status":"closed","ping_status":"closed","sticky":false,"template":"","format":"standard","meta":{"footnotes":""},"categories":[1,79],"tags":[],"class_list":["post-19013","post","type-post","status-publish","format-standard","hentry","category-startseite","category-kino"],"_links":{"self":[{"href":"https:\/\/www.fuldaernachrichten.de\/index.php?rest_route=\/wp\/v2\/posts\/19013","targetHints":{"allow":["GET"]}}],"collection":[{"href":"https:\/\/www.fuldaernachrichten.de\/index.php?rest_route=\/wp\/v2\/posts"}],"about":[{"href":"https:\/\/www.fuldaernachrichten.de\/index.php?rest_route=\/wp\/v2\/types\/post"}],"author":[{"embeddable":true,"href":"https:\/\/www.fuldaernachrichten.de\/index.php?rest_route=\/wp\/v2\/users\/1"}],"replies":[{"embeddable":true,"href":"https:\/\/www.fuldaernachrichten.de\/index.php?rest_route=%2Fwp%2Fv2%2Fcomments&post=19013"}],"version-history":[{"count":9,"href":"https:\/\/www.fuldaernachrichten.de\/index.php?rest_route=\/wp\/v2\/posts\/19013\/revisions"}],"predecessor-version":[{"id":19246,"href":"https:\/\/www.fuldaernachrichten.de\/index.php?rest_route=\/wp\/v2\/posts\/19013\/revisions\/19246"}],"wp:attachment":[{"href":"https:\/\/www.fuldaernachrichten.de\/index.php?rest_route=%2Fwp%2Fv2%2Fmedia&parent=19013"}],"wp:term":[{"taxonomy":"category","embeddable":true,"href":"https:\/\/www.fuldaernachrichten.de\/index.php?rest_route=%2Fwp%2Fv2%2Fcategories&post=19013"},{"taxonomy":"post_tag","embeddable":true,"href":"https:\/\/www.fuldaernachrichten.de\/index.php?rest_route=%2Fwp%2Fv2%2Ftags&post=19013"}],"curies":[{"name":"wp","href":"https:\/\/api.w.org\/{rel}","templated":true}]}}