{"id":1901,"date":"2007-02-27T00:53:43","date_gmt":"2007-02-26T23:53:43","guid":{"rendered":"http:\/\/www.schoene-nachrichten.de\/?p=1901"},"modified":"2007-02-27T19:00:28","modified_gmt":"2007-02-27T18:00:28","slug":"meisterbriefe-und-auszeichnungen-im-esperanto","status":"publish","type":"post","link":"https:\/\/www.fuldaernachrichten.de\/?p=1901","title":{"rendered":"Meisterbriefe und Auszeichnungen im Esperanto"},"content":{"rendered":"<p><strong>Sch\u00f6nes aus Fulda.<\/strong> Im Rahmen\u00c2\u00a0einer Feierstunde erhielten gestern Abend rund 60 junge Handwerkerinnen und Handwerker ihre Meisterbriefe.\u00c2\u00a0Weiterhin wurden\u00c2\u00a014 Absolventen des Lehrgangs &#8220;Betriebswirt\/in des Handwerks&#8221; sowie die Landes-, Kammer- und Bundessieger im praktischen Leistungswettbewerb und der beste Auszubildende der Gesellenpr\u00fcfungen 2006 ausgezeichnet. Die Meisterbriefe wurden von Gerhard Repp, Pr\u00e4sident der Handwerkskammer und Kreishandwerksmeister Claus Gerhardt \u00fcberreicht.<\/p>\n<p><strong>Fotos (25):<\/strong> Alexander Mengel<\/p>\n<p><a target=\"_blank\" href=\"http:\/\/www.schoene-nachrichten.de\/wp-content\/uploads\/2007\/02\/070227_esperanto_23.jpg\" title=\"070227_esperanto_23.jpg\"><img decoding=\"async\" width=\"128\" src=\"http:\/\/www.schoene-nachrichten.de\/wp-content\/uploads\/2007\/02\/070227_esperanto_23.thumbnail.jpg\" alt=\"070227_esperanto_23.jpg\" height=\"85\" \/><\/a>\u00c2\u00a0<a target=\"_blank\" href=\"http:\/\/www.schoene-nachrichten.de\/wp-content\/uploads\/2007\/02\/070227_esperanto_19.jpg\" title=\"070227_esperanto_19.jpg\"><img decoding=\"async\" width=\"128\" src=\"http:\/\/www.schoene-nachrichten.de\/wp-content\/uploads\/2007\/02\/070227_esperanto_19.thumbnail.jpg\" alt=\"070227_esperanto_19.jpg\" height=\"85\" \/><\/a><a target=\"_blank\" href=\"http:\/\/www.schoene-nachrichten.de\/wp-content\/uploads\/2007\/02\/070227_esperanto_13.jpg\" title=\"070227_esperanto_13.jpg\"><img decoding=\"async\" width=\"128\" src=\"http:\/\/www.schoene-nachrichten.de\/wp-content\/uploads\/2007\/02\/070227_esperanto_13.thumbnail.jpg\" alt=\"070227_esperanto_13.jpg\" height=\"85\" \/><\/a>\u00c2\u00a0<\/p>\n<p><a target=\"_blank\" href=\"http:\/\/www.schoene-nachrichten.de\/wp-content\/uploads\/2007\/02\/070227_esperanto_17.jpg\" title=\"070227_esperanto_17.jpg\"><img loading=\"lazy\" decoding=\"async\" width=\"128\" src=\"http:\/\/www.schoene-nachrichten.de\/wp-content\/uploads\/2007\/02\/070227_esperanto_17.thumbnail.jpg\" alt=\"070227_esperanto_17.jpg\" height=\"85\" \/><\/a>\u00c2\u00a0<a target=\"_blank\" href=\"http:\/\/www.schoene-nachrichten.de\/wp-content\/uploads\/2007\/02\/070227_esperanto_22.jpg\" title=\"070227_esperanto_22.jpg\"><img loading=\"lazy\" decoding=\"async\" width=\"128\" src=\"http:\/\/www.schoene-nachrichten.de\/wp-content\/uploads\/2007\/02\/070227_esperanto_22.thumbnail.jpg\" alt=\"070227_esperanto_22.jpg\" height=\"85\" \/><\/a>\u00c2\u00a0<a target=\"_blank\" href=\"http:\/\/www.schoene-nachrichten.de\/wp-content\/uploads\/2007\/02\/070227_esperanto_02.jpg\" title=\"070227_esperanto_02.jpg\"><img loading=\"lazy\" decoding=\"async\" width=\"128\" src=\"http:\/\/www.schoene-nachrichten.de\/wp-content\/uploads\/2007\/02\/070227_esperanto_02.thumbnail.jpg\" alt=\"070227_esperanto_02.jpg\" height=\"85\" \/><\/a><\/p>\n<p><!--more--><a target=\"_blank\" href=\"http:\/\/www.schoene-nachrichten.de\/wp-content\/uploads\/2007\/02\/070227_esperanto_25.jpg\" title=\"070227_esperanto_25.jpg\"><img loading=\"lazy\" decoding=\"async\" width=\"128\" src=\"http:\/\/www.schoene-nachrichten.de\/wp-content\/uploads\/2007\/02\/070227_esperanto_25.thumbnail.jpg\" alt=\"070227_esperanto_25.jpg\" height=\"85\" \/><\/a>\u00c2\u00a0<a target=\"_blank\" href=\"http:\/\/www.schoene-nachrichten.de\/wp-content\/uploads\/2007\/02\/070227_esperanto_24.jpg\" title=\"070227_esperanto_24.jpg\"><img loading=\"lazy\" decoding=\"async\" width=\"128\" src=\"http:\/\/www.schoene-nachrichten.de\/wp-content\/uploads\/2007\/02\/070227_esperanto_24.thumbnail.jpg\" alt=\"070227_esperanto_24.jpg\" height=\"85\" \/><\/a>\u00c2\u00a0<a target=\"_blank\" href=\"http:\/\/www.schoene-nachrichten.de\/wp-content\/uploads\/2007\/02\/070227_esperanto_21.jpg\" title=\"070227_esperanto_21.jpg\"><img loading=\"lazy\" decoding=\"async\" width=\"128\" src=\"http:\/\/www.schoene-nachrichten.de\/wp-content\/uploads\/2007\/02\/070227_esperanto_21.thumbnail.jpg\" alt=\"070227_esperanto_21.jpg\" height=\"85\" \/><\/a><\/p>\n<p><a target=\"_blank\" href=\"http:\/\/www.schoene-nachrichten.de\/wp-content\/uploads\/2007\/02\/070227_esperanto_20.jpg\" title=\"070227_esperanto_20.jpg\"><img loading=\"lazy\" decoding=\"async\" width=\"128\" src=\"http:\/\/www.schoene-nachrichten.de\/wp-content\/uploads\/2007\/02\/070227_esperanto_20.thumbnail.jpg\" alt=\"070227_esperanto_20.jpg\" height=\"85\" \/><\/a>\u00c2\u00a0<a target=\"_blank\" href=\"http:\/\/www.schoene-nachrichten.de\/wp-content\/uploads\/2007\/02\/070227_esperanto_18.jpg\" title=\"070227_esperanto_18.jpg\"><img loading=\"lazy\" decoding=\"async\" width=\"128\" src=\"http:\/\/www.schoene-nachrichten.de\/wp-content\/uploads\/2007\/02\/070227_esperanto_18.thumbnail.jpg\" alt=\"070227_esperanto_18.jpg\" height=\"85\" \/><\/a>\u00c2\u00a0 <a target=\"_blank\" href=\"http:\/\/www.schoene-nachrichten.de\/wp-content\/uploads\/2007\/02\/070227_esperanto_16.jpg\" title=\"070227_esperanto_16.jpg\"><img loading=\"lazy\" decoding=\"async\" width=\"128\" src=\"http:\/\/www.schoene-nachrichten.de\/wp-content\/uploads\/2007\/02\/070227_esperanto_16.thumbnail.jpg\" alt=\"070227_esperanto_16.jpg\" height=\"85\" \/><\/a><\/p>\n<p>Die Meisterpr\u00fcfung bescheinige nicht nur praktische Kenntnisse,\u00c2\u00a0sie gelte auch als Nachweis f\u00fcr kaufm\u00e4nnische F\u00e4higkeiten, die zur F\u00fchrung eines Betriebes unerl\u00e4sslich sind, sagte Kreishandwerksmeister Claus Gerhardt. \u201eAuch wenn durch politische und nicht durch fachliche Entscheidung die Meisterpr\u00fcfung als Grundlage f\u00fcr die Selbst\u00e4ndigkeit in vielen Gewerken abgeschafft wurde: Der Meistertitel ist und bleibt ein Qualit\u00e4tssiegel\u201c,\u00c2\u00a0betonte der Kreishandwerksmeister.<\/p>\n<p><a target=\"_blank\" href=\"http:\/\/www.schoene-nachrichten.de\/wp-content\/uploads\/2007\/02\/070227_esperanto_15.jpg\" title=\"070227_esperanto_15.jpg\"><br \/>\n<img loading=\"lazy\" decoding=\"async\" width=\"128\" src=\"http:\/\/www.schoene-nachrichten.de\/wp-content\/uploads\/2007\/02\/070227_esperanto_15.thumbnail.jpg\" alt=\"070227_esperanto_15.jpg\" height=\"85\" \/><\/a> <a target=\"_blank\" href=\"http:\/\/www.schoene-nachrichten.de\/wp-content\/uploads\/2007\/02\/070227_esperanto_14.jpg\" title=\"070227_esperanto_14.jpg\"><img loading=\"lazy\" decoding=\"async\" width=\"128\" src=\"http:\/\/www.schoene-nachrichten.de\/wp-content\/uploads\/2007\/02\/070227_esperanto_14.thumbnail.jpg\" alt=\"070227_esperanto_14.jpg\" height=\"85\" \/><\/a> <a target=\"_blank\" href=\"http:\/\/www.schoene-nachrichten.de\/wp-content\/uploads\/2007\/02\/070227_esperanto_12.jpg\" title=\"070227_esperanto_12.jpg\"><img loading=\"lazy\" decoding=\"async\" width=\"128\" src=\"http:\/\/www.schoene-nachrichten.de\/wp-content\/uploads\/2007\/02\/070227_esperanto_12.thumbnail.jpg\" alt=\"070227_esperanto_12.jpg\" height=\"85\" \/><\/a><\/p>\n<p><a target=\"_blank\" href=\"http:\/\/www.schoene-nachrichten.de\/wp-content\/uploads\/2007\/02\/070227_esperanto_11.jpg\" title=\"070227_esperanto_11.jpg\"><img loading=\"lazy\" decoding=\"async\" width=\"128\" src=\"http:\/\/www.schoene-nachrichten.de\/wp-content\/uploads\/2007\/02\/070227_esperanto_11.thumbnail.jpg\" alt=\"070227_esperanto_11.jpg\" height=\"85\" \/><\/a> <a target=\"_blank\" href=\"http:\/\/www.schoene-nachrichten.de\/wp-content\/uploads\/2007\/02\/070227_esperanto_10.jpg\" title=\"070227_esperanto_10.jpg\"><img loading=\"lazy\" decoding=\"async\" width=\"128\" src=\"http:\/\/www.schoene-nachrichten.de\/wp-content\/uploads\/2007\/02\/070227_esperanto_10.thumbnail.jpg\" alt=\"070227_esperanto_10.jpg\" height=\"85\" \/><\/a>\u00c2\u00a0<a target=\"_blank\" href=\"http:\/\/www.schoene-nachrichten.de\/wp-content\/uploads\/2007\/02\/070227_esperanto_09.jpg\" title=\"070227_esperanto_09.jpg\"><img loading=\"lazy\" decoding=\"async\" width=\"128\" src=\"http:\/\/www.schoene-nachrichten.de\/wp-content\/uploads\/2007\/02\/070227_esperanto_09.thumbnail.jpg\" alt=\"070227_esperanto_09.jpg\" height=\"85\" \/><\/a><\/p>\n<p>Zur Feierstunde waren auch zahlreiche Pers\u00f6nlichkeiten aus dem \u00f6ffentlichen Leben gekommen unter ihnen Oberb\u00fcrgermeister Gerhard M\u00f6ller, Stadtverordnetenvorsteherin Margarete Hartmann, Kreistagsvorsitzender Franz Rupprecht, Regierungspr\u00e4sident Lutz Klein, der Chef der Fuldaer Arbeitagentur Waldemar Dombrowski, Schulamtsdirektor Peter Vater, Landtagsabgeordnete Margarete Ziegler-Raschdorf (CDU) und IHK-Hauptgesch\u00e4ftsf\u00fchrer Stefan Schunck.<\/p>\n<p><a target=\"_blank\" href=\"http:\/\/www.schoene-nachrichten.de\/wp-content\/uploads\/2007\/02\/070227_esperanto_08.jpg\" title=\"070227_esperanto_08.jpg\"><img loading=\"lazy\" decoding=\"async\" width=\"128\" src=\"http:\/\/www.schoene-nachrichten.de\/wp-content\/uploads\/2007\/02\/070227_esperanto_08.thumbnail.jpg\" alt=\"070227_esperanto_08.jpg\" height=\"85\" \/><\/a> <a target=\"_blank\" href=\"http:\/\/www.schoene-nachrichten.de\/wp-content\/uploads\/2007\/02\/070227_esperanto_07.jpg\" title=\"070227_esperanto_07.jpg\"><img loading=\"lazy\" decoding=\"async\" width=\"128\" src=\"http:\/\/www.schoene-nachrichten.de\/wp-content\/uploads\/2007\/02\/070227_esperanto_07.thumbnail.jpg\" alt=\"070227_esperanto_07.jpg\" height=\"85\" \/><\/a>\u00c2\u00a0<a target=\"_blank\" href=\"http:\/\/www.schoene-nachrichten.de\/wp-content\/uploads\/2007\/02\/070227_esperanto_06.jpg\" title=\"070227_esperanto_06.jpg\"><img loading=\"lazy\" decoding=\"async\" width=\"128\" src=\"http:\/\/www.schoene-nachrichten.de\/wp-content\/uploads\/2007\/02\/070227_esperanto_06.thumbnail.jpg\" alt=\"070227_esperanto_06.jpg\" height=\"85\" \/><\/a><\/p>\n<p><a target=\"_blank\" href=\"http:\/\/www.schoene-nachrichten.de\/wp-content\/uploads\/2007\/02\/070227_esperanto_05.jpg\" title=\"070227_esperanto_05.jpg\"><img loading=\"lazy\" decoding=\"async\" width=\"128\" src=\"http:\/\/www.schoene-nachrichten.de\/wp-content\/uploads\/2007\/02\/070227_esperanto_05.thumbnail.jpg\" alt=\"070227_esperanto_05.jpg\" height=\"85\" \/><\/a> <a target=\"_blank\" href=\"http:\/\/www.schoene-nachrichten.de\/wp-content\/uploads\/2007\/02\/070227_esperanto_04.jpg\" title=\"070227_esperanto_04.jpg\"><img loading=\"lazy\" decoding=\"async\" width=\"128\" src=\"http:\/\/www.schoene-nachrichten.de\/wp-content\/uploads\/2007\/02\/070227_esperanto_04.thumbnail.jpg\" alt=\"070227_esperanto_04.jpg\" height=\"85\" \/><\/a>\u00c2\u00a0<a target=\"_blank\" href=\"http:\/\/www.schoene-nachrichten.de\/wp-content\/uploads\/2007\/02\/070227_esperanto_03.jpg\" title=\"070227_esperanto_03.jpg\"><img loading=\"lazy\" decoding=\"async\" width=\"128\" src=\"http:\/\/www.schoene-nachrichten.de\/wp-content\/uploads\/2007\/02\/070227_esperanto_03.thumbnail.jpg\" alt=\"070227_esperanto_03.jpg\" height=\"85\" \/><\/a>\u00c2\u00a0 <a target=\"_blank\" href=\"http:\/\/www.schoene-nachrichten.de\/wp-content\/uploads\/2007\/02\/070227_esperanto_01.jpg\" title=\"070227_esperanto_01.jpg\"><\/a><\/p>\n","protected":false},"excerpt":{"rendered":"<div class=\"tmnf_excerpt\"><p>Sch\u00f6nes aus Fulda. Im Rahmen\u00c2\u00a0einer Feierstunde erhielten gestern Abend rund 60 junge Handwerkerinnen und Handwerker ihre Meisterbriefe.\u00c2\u00a0Weiterhin wurden\u00c2\u00a014 Absolventen des Lehrgangs &#8220;Betriebswirt\/in des Handwerks&#8221; sowie die Landes-, Kammer- und Bundessieger im praktischen Leistungswettbewerb und der beste Auszubildende der Gesellenpr\u00fcfungen 2006 ausgezeichnet. Die Meisterbriefe wurden von Gerhard Repp, Pr\u00e4sident der Handwerkskammer und Kreishandwerksmeister Claus Gerhardt \u00fcberreicht. &hellip;<\/p>\n<\/div>","protected":false},"author":1,"featured_media":0,"comment_status":"closed","ping_status":"closed","sticky":false,"template":"","format":"standard","meta":{"footnotes":""},"categories":[1,54,53],"tags":[],"class_list":["post-1901","post","type-post","status-publish","format-standard","hentry","category-startseite","category-bildergalerien","category-bildung"],"_links":{"self":[{"href":"https:\/\/www.fuldaernachrichten.de\/index.php?rest_route=\/wp\/v2\/posts\/1901","targetHints":{"allow":["GET"]}}],"collection":[{"href":"https:\/\/www.fuldaernachrichten.de\/index.php?rest_route=\/wp\/v2\/posts"}],"about":[{"href":"https:\/\/www.fuldaernachrichten.de\/index.php?rest_route=\/wp\/v2\/types\/post"}],"author":[{"embeddable":true,"href":"https:\/\/www.fuldaernachrichten.de\/index.php?rest_route=\/wp\/v2\/users\/1"}],"replies":[{"embeddable":true,"href":"https:\/\/www.fuldaernachrichten.de\/index.php?rest_route=%2Fwp%2Fv2%2Fcomments&post=1901"}],"version-history":[{"count":0,"href":"https:\/\/www.fuldaernachrichten.de\/index.php?rest_route=\/wp\/v2\/posts\/1901\/revisions"}],"wp:attachment":[{"href":"https:\/\/www.fuldaernachrichten.de\/index.php?rest_route=%2Fwp%2Fv2%2Fmedia&parent=1901"}],"wp:term":[{"taxonomy":"category","embeddable":true,"href":"https:\/\/www.fuldaernachrichten.de\/index.php?rest_route=%2Fwp%2Fv2%2Fcategories&post=1901"},{"taxonomy":"post_tag","embeddable":true,"href":"https:\/\/www.fuldaernachrichten.de\/index.php?rest_route=%2Fwp%2Fv2%2Ftags&post=1901"}],"curies":[{"name":"wp","href":"https:\/\/api.w.org\/{rel}","templated":true}]}}