{"id":18985,"date":"2009-01-12T09:08:06","date_gmt":"2009-01-12T08:08:06","guid":{"rendered":"http:\/\/www.schoene-nachrichten.de\/?p=18985"},"modified":"2009-01-12T15:25:12","modified_gmt":"2009-01-12T14:25:12","slug":"bundesfamilienministerin-besucht-das-mehrgenerationenhaus-in-fulda","status":"publish","type":"post","link":"https:\/\/www.fuldaernachrichten.de\/?p=18985","title":{"rendered":"Bundesfamilienministerin besucht das Mehrgenerationenhaus in Fulda &#8211; VIDEO"},"content":{"rendered":"<p><a title=\"Foto: Alexander Mengel\" rel=\"lightbox[roadtrip]\" href=\"http:\/\/www.schoene-nachrichten.de\/wp-content\/uploads\/2009\/01\/090109_MGH_039.jpg\" target=\"_blank\"><img decoding=\"async\" src=\"http:\/\/www.schoene-nachrichten.de\/wp-content\/uploads\/2009\/01\/090109_MGH_039.jpg\" alt=\"090109_MGH_039.jpg\" width=\"560\" \/><\/a><\/p>\n<p><strong>Fulda.<\/strong> \u201eWir legen in ganz Deutschland den Grundstein f\u00fcr ein neues Miteinander der Generationen\u201c, erkl\u00e4rte die Bundesministerin f\u00fcr Familie, Senioren, Frauen und Jugend, Ursula von der Leyen, heute beim Besuch des Mehrgenerationenhauses Fulda. \u201e2006 habe ich das Aktionsprogramm Mehrgenerationenh\u00e4user ins Leben gerufen, mit dem Ziel, bundesweit in jedem Landkreis und jeder kreisfreien Stadt Mehrgenerationenh\u00e4user zu schaffen. Meine Erwartungen sind \u00fcbertroffen: Inzwischen haben wir eine Landkarte mit 500 Mehrgenerationenh\u00e4usern. Nicht nur auf diese beeindruckende Zahl k\u00f6nnen wir stolz sein, sondern auch auf die Erfolge jedes einzelnen Hauses. Es entstehen fl\u00e4chendeckend Drehscheiben f\u00fcr Dienstleistungen, die allen Generationen im Alltag helfen. Mit ihren attraktiven Angeboten kn\u00fcpfen die H\u00e4user ein regionales Netz, das alle unterst\u00fctzt und von dem alle profitieren: Kinder, \u00c4ltere, Familien, Unternehmen, die Region und<\/p>\n<p>das Land.\u201c<\/p>\n<p><strong><\/strong><\/p>\n<p><strong>Fotos (48):<\/strong> Alexander Mengel \/ <strong>Video:<\/strong> Dorit &amp; Max Colin Heydenreich<\/p>\n<p><a title=\"Foto: Alexander Mengel\" rel=\"lightbox[roadtrip]\" href=\"http:\/\/www.schoene-nachrichten.de\/wp-content\/uploads\/2009\/01\/090109_MGH_010.jpg\" target=\"_blank\"><img decoding=\"async\" src=\"http:\/\/www.schoene-nachrichten.de\/wp-content\/uploads\/2009\/01\/090109_MGH_010.thumbnail.jpg\" alt=\"090109_MGH_010.jpg\" width=\"265\" \/><\/a> <a title=\"Foto: Alexander Mengel\" rel=\"lightbox[roadtrip]\" href=\"http:\/\/www.schoene-nachrichten.de\/wp-content\/uploads\/2009\/01\/090109_MGH_027.jpg\" target=\"_blank\"><img decoding=\"async\" src=\"http:\/\/www.schoene-nachrichten.de\/wp-content\/uploads\/2009\/01\/090109_MGH_027.thumbnail.jpg\" alt=\"090109_MGH_027.jpg\" width=\"265\" \/><\/a><\/p>\n<p><a title=\"Foto: Alexander Mengel\" rel=\"lightbox[roadtrip]\" href=\"http:\/\/www.schoene-nachrichten.de\/wp-content\/uploads\/2009\/01\/090109_MGH_025.jpg\" target=\"_blank\"><img decoding=\"async\" src=\"http:\/\/www.schoene-nachrichten.de\/wp-content\/uploads\/2009\/01\/090109_MGH_025.thumbnail.jpg\" alt=\"090109_MGH_025.jpg\" width=\"265\" \/><\/a> <a title=\"Foto: Alexander Mengel\" rel=\"lightbox[roadtrip]\" href=\"http:\/\/www.schoene-nachrichten.de\/wp-content\/uploads\/2009\/01\/090109_MGH_045.jpg\" target=\"_blank\"><img decoding=\"async\" src=\"http:\/\/www.schoene-nachrichten.de\/wp-content\/uploads\/2009\/01\/090109_MGH_045.thumbnail.jpg\" alt=\"090109_MGH_045.jpg\" width=\"265\" \/><\/a><\/p>\n<p><!--more--><\/p>\n<p>Seit mehr als einem Jahr bildet das Mehrgenerationenhaus Fulda das Herzst\u00fcck des Quartiers Josefsgarten, einer Einrichtung der Unternehmensgruppe Mediana. Mehr als 20 Vereine und Gruppen haben seitdem ihren Weg ins Mehrgenerationenhaus gefunden, um die R\u00e4umlichkeiten f\u00fcr Schulungen, Kurse und organisierte Freizeitaktivit\u00e4ten zu nutzen. F\u00fcr den Gedankenaustausch zwischen den Generationen steht das Bistro mit Fr\u00fchst\u00fcck und Mittagsimbiss zur Verf\u00fcgung. Besonders stolz ist das Mehrgenerationenhaus Fulda auf die Vermittlung von Gro\u00dfelternpatenschaften. So k\u00f6nnen bei gemeinsamen Spiel- und Bastelnachmittagen Freudschaften geschlossen, Erfahrungen ausgetauscht und Geschichten erz\u00e4hlt werden. Ist eine vertrauensvolle Basis gelegt, unterst\u00fctzen die Patengro\u00dfeltern und Familien sich auch gegenseitig im Alltag. \u201eIch finde es ganz eindrucksvoll, wie sich die Generationen im Mehrgenerationenhaus Fulda begegnen.<\/p>\n<p><a title=\"Foto: Alexander Mengel\" rel=\"lightbox[roadtrip]\" href=\"http:\/\/www.schoene-nachrichten.de\/wp-content\/uploads\/2009\/01\/090109_MGH_007.jpg\" target=\"_blank\"><img decoding=\"async\" src=\"http:\/\/www.schoene-nachrichten.de\/wp-content\/uploads\/2009\/01\/090109_MGH_007.thumbnail.jpg\" alt=\"090109_MGH_007.jpg\" width=\"265\" \/><\/a> <a title=\"Foto: Alexander Mengel\" rel=\"lightbox[roadtrip]\" href=\"http:\/\/www.schoene-nachrichten.de\/wp-content\/uploads\/2009\/01\/090109_MGH_008.jpg\" target=\"_blank\"><img decoding=\"async\" src=\"http:\/\/www.schoene-nachrichten.de\/wp-content\/uploads\/2009\/01\/090109_MGH_008.thumbnail.jpg\" alt=\"090109_MGH_008.jpg\" width=\"265\" \/><\/a><\/p>\n<p>Die Menschen, die sich hier einfinden, haben ein gro\u00dfes Bed\u00fcrfnis, sich gegenseitig im Alltag aktiv zu unterst\u00fctzen und voneinander zu lernen. Damit leisten sie einen wertvollen Beitrag f\u00fcr unsere gesamte Gesellschaft\u201c, sagte Bundesfamilienministerin Ursula von der Leyen. \u201eDie menschliche Begegnung mehrerer Generationen und die professionelle Zusammenarbeit von hauptamtlichen mit ehrenamtlichen Helferinnen und Helfern machen das Mehrgenerationenhaus zu einem besonderen Leuchtturm f\u00fcr Zusammenleben und Zusammenhalt in unserer Gesellschaft\u201c, hob der Fuldaer Bundestagsabgeordnete Michael Brand den besonderen Charakter des Mehrgenerationenhauses hervor. Er freue sich, \u201edass diesem gro\u00dfartigen Beispiel bereits weitere vor Ort folgen konnten\u201c und betonte die \u201eSignalwirkung dieses Leuchtturms innerhalb und au\u00dferhalb der Region Osthessen.\u201c<\/p>\n<p><a title=\"Foto: Alexander Mengel\" rel=\"lightbox[roadtrip]\" href=\"http:\/\/www.schoene-nachrichten.de\/wp-content\/uploads\/2009\/01\/090109_MGH_047.jpg\" target=\"_blank\"><img decoding=\"async\" src=\"http:\/\/www.schoene-nachrichten.de\/wp-content\/uploads\/2009\/01\/090109_MGH_047.thumbnail.jpg\" alt=\"090109_MGH_047.jpg\" width=\"265\" \/><\/a> <a title=\"Foto: Alexander Mengel\" rel=\"lightbox[roadtrip]\" href=\"http:\/\/www.schoene-nachrichten.de\/wp-content\/uploads\/2009\/01\/090109_MGH_048.jpg\" target=\"_blank\"><img decoding=\"async\" src=\"http:\/\/www.schoene-nachrichten.de\/wp-content\/uploads\/2009\/01\/090109_MGH_048.thumbnail.jpg\" alt=\"090109_MGH_048.jpg\" width=\"265\" \/><\/a><\/p>\n<p>\u201eDie Stadt Fulda hat von Anbeginn die Idee des Mehrgenerationenhauses begr\u00fc\u00dft. Nach einem Jahr Erfahrung k\u00f6nnen wir feststellen, dass vielf\u00e4ltige Aktivit\u00e4ten mittlerweile fest verankert sind. Das Mehrgenerationenhaus am Josefsgarten ist zu einem Treffpunkt der Generationen geworden\u201c, sagte Gerhard M\u00f6ller, Oberb\u00fcrgermeister der Stadt Fulda.<\/p>\n<p><a title=\"Foto: Alexander Mengel\" rel=\"lightbox[roadtrip]\" href=\"http:\/\/www.schoene-nachrichten.de\/wp-content\/uploads\/2009\/01\/090109_MGH_000.jpg\" target=\"_blank\"><img decoding=\"async\" src=\"http:\/\/www.schoene-nachrichten.de\/wp-content\/uploads\/2009\/01\/090109_MGH_000.thumbnail.jpg\" alt=\"090109_MGH_000.jpg\" width=\"265\" \/><\/a> <a title=\"Foto: Alexander Mengel\" rel=\"lightbox[roadtrip]\" href=\"http:\/\/www.schoene-nachrichten.de\/wp-content\/uploads\/2009\/01\/090109_MGH_002.jpg\" target=\"_blank\"><img decoding=\"async\" src=\"http:\/\/www.schoene-nachrichten.de\/wp-content\/uploads\/2009\/01\/090109_MGH_002.thumbnail.jpg\" alt=\"090109_MGH_002.jpg\" width=\"265\" \/><\/a><\/p>\n<p>\u201eWir vom Mehrgenerationenhaus Fulda-Josefsgarten pr\u00e4sentieren vielf\u00e4ltige Programme, Angebote und Veranstaltungen. Um die Begegnung zwischen den Generationen und den verschiedenen Nutzern des Mehrgenerationenhauses zu erleichtern, bieten wir mit dem Bistro im Offenen Treff eine ideale Plattform f\u00fcr Gespr\u00e4che und Austausch beim gemeinsamen Essen und Trinken. Desweiteren bietet zum Beispiel das Angebot Patengro\u00dfeltern eine gute Basis, dass sich Jung und Alt finden um einander zu unterst\u00fctzen und gleichzeitig auch die Vereinbarkeit von Familie und Beruf erleichtert wird\u201c, sagte Markus Otto, Leiter des Mehrgenerationenhauses Fulda.<\/p>\n<p><a title=\"Foto: Alexander Mengel\" rel=\"lightbox[roadtrip]\" href=\"http:\/\/www.schoene-nachrichten.de\/wp-content\/uploads\/2009\/01\/090109_MGH_003.jpg\" target=\"_blank\"><img decoding=\"async\" src=\"http:\/\/www.schoene-nachrichten.de\/wp-content\/uploads\/2009\/01\/090109_MGH_003.thumbnail.jpg\" alt=\"090109_MGH_003.jpg\" width=\"265\" \/><\/a> <a title=\"Foto: Alexander Mengel\" rel=\"lightbox[roadtrip]\" href=\"http:\/\/www.schoene-nachrichten.de\/wp-content\/uploads\/2009\/01\/090109_MGH_004.jpg\" target=\"_blank\"><img decoding=\"async\" src=\"http:\/\/www.schoene-nachrichten.de\/wp-content\/uploads\/2009\/01\/090109_MGH_004.thumbnail.jpg\" alt=\"090109_MGH_004.jpg\" width=\"265\" \/><\/a><\/p>\n<p>Seit Januar 2008 haben alle 500 Mehrgenerationenh\u00e4user ihre Arbeit aufgenommen. Damit sind im Rahmen des Aktionsprogramms fl\u00e4chendeckend in ganz Deutschland Dienstleistungsdrehscheiben entstanden, die das Miteinander der Generationen intensivieren. \u00dcber einen Zeitraum von f\u00fcnf Jahren erh\u00e4lt jedes Haus j\u00e4hrlich 40.000 Euro an F\u00f6rderung. Insgesamt profitieren 200 der 500 H\u00e4user im Aktionsprogramm Mehrgenerationenh\u00e4user des Bundesministeriums f\u00fcr Familie, Senioren, Frauen und Jugend von der F\u00f6rderung aus dem Europ\u00e4ischen Sozialfonds (ESF). Einen \u00dcberblick \u00fcber alle derzeit gef\u00f6rderten Projekte bietet Ihnen die Website www.mehrgenerationenhaeuser.de sowie die beiliegende CD-Rom. Hier finden Sie auch s\u00e4mtliche Pressematerialien sowie Logo und Kampagnenmotiv des Aktionsprogramms Mehrgenerationenh\u00e4user.<\/p>\n<p><a title=\"Foto: Alexander Mengel\" rel=\"lightbox[roadtrip]\" href=\"http:\/\/www.schoene-nachrichten.de\/wp-content\/uploads\/2009\/01\/090109_MGH_005.jpg\" target=\"_blank\"><img decoding=\"async\" src=\"http:\/\/www.schoene-nachrichten.de\/wp-content\/uploads\/2009\/01\/090109_MGH_005.thumbnail.jpg\" alt=\"090109_MGH_005.jpg\" width=\"265\" \/><\/a> <a title=\"Foto: Alexander Mengel\" rel=\"lightbox[roadtrip]\" href=\"http:\/\/www.schoene-nachrichten.de\/wp-content\/uploads\/2009\/01\/090109_MGH_006.jpg\" target=\"_blank\"><img decoding=\"async\" src=\"http:\/\/www.schoene-nachrichten.de\/wp-content\/uploads\/2009\/01\/090109_MGH_006.thumbnail.jpg\" alt=\"090109_MGH_006.jpg\" width=\"265\" \/><\/a><\/p>\n<p><a title=\"Foto: Alexander Mengel\" rel=\"lightbox[roadtrip]\" href=\"http:\/\/www.schoene-nachrichten.de\/wp-content\/uploads\/2009\/01\/090109_MGH_011.jpg\" target=\"_blank\"><img decoding=\"async\" src=\"http:\/\/www.schoene-nachrichten.de\/wp-content\/uploads\/2009\/01\/090109_MGH_011.thumbnail.jpg\" alt=\"090109_MGH_011.jpg\" width=\"265\" \/><\/a> <a title=\"Foto: Alexander Mengel\" rel=\"lightbox[roadtrip]\" href=\"http:\/\/www.schoene-nachrichten.de\/wp-content\/uploads\/2009\/01\/090109_MGH_012.jpg\" target=\"_blank\"><img decoding=\"async\" src=\"http:\/\/www.schoene-nachrichten.de\/wp-content\/uploads\/2009\/01\/090109_MGH_012.thumbnail.jpg\" alt=\"090109_MGH_012.jpg\" width=\"265\" \/><\/a><\/p>\n<p><a title=\"Foto: Alexander Mengel\" rel=\"lightbox[roadtrip]\" href=\"http:\/\/www.schoene-nachrichten.de\/wp-content\/uploads\/2009\/01\/090109_MGH_013.jpg\" target=\"_blank\"><img decoding=\"async\" src=\"http:\/\/www.schoene-nachrichten.de\/wp-content\/uploads\/2009\/01\/090109_MGH_013.thumbnail.jpg\" alt=\"090109_MGH_013.jpg\" width=\"265\" \/><\/a> <a title=\"Foto: Alexander Mengel\" rel=\"lightbox[roadtrip]\" href=\"http:\/\/www.schoene-nachrichten.de\/wp-content\/uploads\/2009\/01\/090109_MGH_014.jpg\" target=\"_blank\"><img decoding=\"async\" src=\"http:\/\/www.schoene-nachrichten.de\/wp-content\/uploads\/2009\/01\/090109_MGH_014.thumbnail.jpg\" alt=\"090109_MGH_014.jpg\" width=\"265\" \/><\/a><\/p>\n<p><a title=\"Foto: Alexander Mengel\" rel=\"lightbox[roadtrip]\" href=\"http:\/\/www.schoene-nachrichten.de\/wp-content\/uploads\/2009\/01\/090109_MGH_015.jpg\" target=\"_blank\"><img decoding=\"async\" src=\"http:\/\/www.schoene-nachrichten.de\/wp-content\/uploads\/2009\/01\/090109_MGH_015.thumbnail.jpg\" alt=\"090109_MGH_015.jpg\" width=\"265\" \/><\/a> <a title=\"Foto: Alexander Mengel\" rel=\"lightbox[roadtrip]\" href=\"http:\/\/www.schoene-nachrichten.de\/wp-content\/uploads\/2009\/01\/090109_MGH_016.jpg\" target=\"_blank\"><img decoding=\"async\" src=\"http:\/\/www.schoene-nachrichten.de\/wp-content\/uploads\/2009\/01\/090109_MGH_016.thumbnail.jpg\" alt=\"090109_MGH_016.jpg\" width=\"265\" \/><\/a><\/p>\n<p><a title=\"Foto: Alexander Mengel\" rel=\"lightbox[roadtrip]\" href=\"http:\/\/www.schoene-nachrichten.de\/wp-content\/uploads\/2009\/01\/090109_MGH_017.jpg\" target=\"_blank\"><img decoding=\"async\" src=\"http:\/\/www.schoene-nachrichten.de\/wp-content\/uploads\/2009\/01\/090109_MGH_017.thumbnail.jpg\" alt=\"090109_MGH_017.jpg\" width=\"265\" \/><\/a> <a title=\"Foto: Alexander Mengel\" rel=\"lightbox[roadtrip]\" href=\"http:\/\/www.schoene-nachrichten.de\/wp-content\/uploads\/2009\/01\/090109_MGH_018.jpg\" target=\"_blank\"><img decoding=\"async\" src=\"http:\/\/www.schoene-nachrichten.de\/wp-content\/uploads\/2009\/01\/090109_MGH_018.thumbnail.jpg\" alt=\"090109_MGH_018.jpg\" width=\"265\" \/><\/a><\/p>\n<p><a title=\"Foto: Alexander Mengel\" rel=\"lightbox[roadtrip]\" href=\"http:\/\/www.schoene-nachrichten.de\/wp-content\/uploads\/2009\/01\/090109_MGH_019.jpg\" target=\"_blank\"><img decoding=\"async\" src=\"http:\/\/www.schoene-nachrichten.de\/wp-content\/uploads\/2009\/01\/090109_MGH_019.thumbnail.jpg\" alt=\"090109_MGH_019.jpg\" width=\"265\" \/><\/a> <a title=\"Foto: Alexander Mengel\" rel=\"lightbox[roadtrip]\" href=\"http:\/\/www.schoene-nachrichten.de\/wp-content\/uploads\/2009\/01\/090109_MGH_020.jpg\" target=\"_blank\"><img decoding=\"async\" src=\"http:\/\/www.schoene-nachrichten.de\/wp-content\/uploads\/2009\/01\/090109_MGH_020.thumbnail.jpg\" alt=\"090109_MGH_020.jpg\" width=\"265\" \/><\/a><\/p>\n<p><a title=\"Foto: Alexander Mengel\" rel=\"lightbox[roadtrip]\" href=\"http:\/\/www.schoene-nachrichten.de\/wp-content\/uploads\/2009\/01\/090109_MGH_021.jpg\" target=\"_blank\"><img decoding=\"async\" src=\"http:\/\/www.schoene-nachrichten.de\/wp-content\/uploads\/2009\/01\/090109_MGH_021.thumbnail.jpg\" alt=\"090109_MGH_021.jpg\" width=\"265\" \/><\/a> <a title=\"Foto: Alexander Mengel\" rel=\"lightbox[roadtrip]\" href=\"http:\/\/www.schoene-nachrichten.de\/wp-content\/uploads\/2009\/01\/090109_MGH_022.jpg\" target=\"_blank\"><img decoding=\"async\" src=\"http:\/\/www.schoene-nachrichten.de\/wp-content\/uploads\/2009\/01\/090109_MGH_022.thumbnail.jpg\" alt=\"090109_MGH_022.jpg\" width=\"265\" \/><\/a><\/p>\n<p><a title=\"Foto: Alexander Mengel\" rel=\"lightbox[roadtrip]\" href=\"http:\/\/www.schoene-nachrichten.de\/wp-content\/uploads\/2009\/01\/090109_MGH_024.jpg\" target=\"_blank\"><img decoding=\"async\" src=\"http:\/\/www.schoene-nachrichten.de\/wp-content\/uploads\/2009\/01\/090109_MGH_024.thumbnail.jpg\" alt=\"090109_MGH_024.jpg\" width=\"265\" \/><\/a> <a title=\"Foto: Alexander Mengel\" rel=\"lightbox[roadtrip]\" href=\"http:\/\/www.schoene-nachrichten.de\/wp-content\/uploads\/2009\/01\/090109_MGH_026.jpg\" target=\"_blank\"><img decoding=\"async\" src=\"http:\/\/www.schoene-nachrichten.de\/wp-content\/uploads\/2009\/01\/090109_MGH_026.thumbnail.jpg\" alt=\"090109_MGH_026.jpg\" width=\"265\" \/><\/a><\/p>\n<p><a title=\"Foto: Alexander Mengel\" rel=\"lightbox[roadtrip]\" href=\"http:\/\/www.schoene-nachrichten.de\/wp-content\/uploads\/2009\/01\/090109_MGH_029.jpg\" target=\"_blank\"><img decoding=\"async\" src=\"http:\/\/www.schoene-nachrichten.de\/wp-content\/uploads\/2009\/01\/090109_MGH_029.thumbnail.jpg\" alt=\"090109_MGH_029.jpg\" width=\"265\" \/><\/a> <a title=\"Foto: Alexander Mengel\" rel=\"lightbox[roadtrip]\" href=\"http:\/\/www.schoene-nachrichten.de\/wp-content\/uploads\/2009\/01\/090109_MGH_030.jpg\" target=\"_blank\"><img decoding=\"async\" src=\"http:\/\/www.schoene-nachrichten.de\/wp-content\/uploads\/2009\/01\/090109_MGH_030.thumbnail.jpg\" alt=\"090109_MGH_030.jpg\" width=\"265\" \/><\/a><\/p>\n<p><a title=\"Foto: Alexander Mengel\" rel=\"lightbox[roadtrip]\" href=\"http:\/\/www.schoene-nachrichten.de\/wp-content\/uploads\/2009\/01\/090109_MGH_031.jpg\" target=\"_blank\"><img decoding=\"async\" src=\"http:\/\/www.schoene-nachrichten.de\/wp-content\/uploads\/2009\/01\/090109_MGH_031.thumbnail.jpg\" alt=\"090109_MGH_031.jpg\" width=\"265\" \/><\/a> <a title=\"Foto: Alexander Mengel\" rel=\"lightbox[roadtrip]\" href=\"http:\/\/www.schoene-nachrichten.de\/wp-content\/uploads\/2009\/01\/090109_MGH_032.jpg\" target=\"_blank\"><img decoding=\"async\" src=\"http:\/\/www.schoene-nachrichten.de\/wp-content\/uploads\/2009\/01\/090109_MGH_032.thumbnail.jpg\" alt=\"090109_MGH_032.jpg\" width=\"265\" \/><\/a><\/p>\n<p><a title=\"Foto: Alexander Mengel\" rel=\"lightbox[roadtrip]\" href=\"http:\/\/www.schoene-nachrichten.de\/wp-content\/uploads\/2009\/01\/090109_MGH_033.jpg\" target=\"_blank\"><img decoding=\"async\" src=\"http:\/\/www.schoene-nachrichten.de\/wp-content\/uploads\/2009\/01\/090109_MGH_033.thumbnail.jpg\" alt=\"090109_MGH_033.jpg\" width=\"265\" \/><\/a> <a title=\"Foto: Alexander Mengel\" rel=\"lightbox[roadtrip]\" href=\"http:\/\/www.schoene-nachrichten.de\/wp-content\/uploads\/2009\/01\/090109_MGH_034.jpg\" target=\"_blank\"><img decoding=\"async\" src=\"http:\/\/www.schoene-nachrichten.de\/wp-content\/uploads\/2009\/01\/090109_MGH_034.thumbnail.jpg\" alt=\"090109_MGH_034.jpg\" width=\"265\" \/><\/a><\/p>\n<p><a title=\"Foto: Alexander Mengel\" rel=\"lightbox[roadtrip]\" href=\"http:\/\/www.schoene-nachrichten.de\/wp-content\/uploads\/2009\/01\/090109_MGH_035.jpg\" target=\"_blank\"><img decoding=\"async\" src=\"http:\/\/www.schoene-nachrichten.de\/wp-content\/uploads\/2009\/01\/090109_MGH_035.thumbnail.jpg\" alt=\"090109_MGH_035.jpg\" width=\"265\" \/><\/a> <a title=\"Foto: Alexander Mengel\" rel=\"lightbox[roadtrip]\" href=\"http:\/\/www.schoene-nachrichten.de\/wp-content\/uploads\/2009\/01\/090109_MGH_036.jpg\" target=\"_blank\"><img decoding=\"async\" src=\"http:\/\/www.schoene-nachrichten.de\/wp-content\/uploads\/2009\/01\/090109_MGH_036.thumbnail.jpg\" alt=\"090109_MGH_036.jpg\" width=\"265\" \/><\/a><\/p>\n<p><a title=\"Foto: Alexander Mengel\" rel=\"lightbox[roadtrip]\" href=\"http:\/\/www.schoene-nachrichten.de\/wp-content\/uploads\/2009\/01\/090109_MGH_037.jpg\" target=\"_blank\"><img decoding=\"async\" src=\"http:\/\/www.schoene-nachrichten.de\/wp-content\/uploads\/2009\/01\/090109_MGH_037.thumbnail.jpg\" alt=\"090109_MGH_037.jpg\" width=\"265\" \/><\/a> <a title=\"Foto: Alexander Mengel\" rel=\"lightbox[roadtrip]\" href=\"http:\/\/www.schoene-nachrichten.de\/wp-content\/uploads\/2009\/01\/090109_MGH_038.jpg\" target=\"_blank\"><img decoding=\"async\" src=\"http:\/\/www.schoene-nachrichten.de\/wp-content\/uploads\/2009\/01\/090109_MGH_038.thumbnail.jpg\" alt=\"090109_MGH_038.jpg\" width=\"265\" \/><\/a><\/p>\n<p><a title=\"Foto: Alexander Mengel\" rel=\"lightbox[roadtrip]\" href=\"http:\/\/www.schoene-nachrichten.de\/wp-content\/uploads\/2009\/01\/090109_MGH_040.jpg\" target=\"_blank\"><img decoding=\"async\" src=\"http:\/\/www.schoene-nachrichten.de\/wp-content\/uploads\/2009\/01\/090109_MGH_040.thumbnail.jpg\" alt=\"090109_MGH_040.jpg\" width=\"265\" \/><\/a><a title=\"Foto: Alexander Mengel\" rel=\"lightbox[roadtrip]\" href=\"http:\/\/www.schoene-nachrichten.de\/wp-content\/uploads\/2009\/01\/090109_MGH_028.jpg\" target=\"_blank\"><img decoding=\"async\" src=\"http:\/\/www.schoene-nachrichten.de\/wp-content\/uploads\/2009\/01\/090109_MGH_028.thumbnail.jpg\" alt=\"090109_MGH_028.jpg\" width=\"265\" \/><\/a><\/p>\n<p><a title=\"Foto: Alexander Mengel\" rel=\"lightbox[roadtrip]\" href=\"http:\/\/www.schoene-nachrichten.de\/wp-content\/uploads\/2009\/01\/090109_MGH_041.jpg\" target=\"_blank\"><img decoding=\"async\" src=\"http:\/\/www.schoene-nachrichten.de\/wp-content\/uploads\/2009\/01\/090109_MGH_041.thumbnail.jpg\" alt=\"090109_MGH_041.jpg\" width=\"265\" \/><\/a> <a title=\"Foto: Alexander Mengel\" rel=\"lightbox[roadtrip]\" href=\"http:\/\/www.schoene-nachrichten.de\/wp-content\/uploads\/2009\/01\/090109_MGH_042.jpg\" target=\"_blank\"><img decoding=\"async\" src=\"http:\/\/www.schoene-nachrichten.de\/wp-content\/uploads\/2009\/01\/090109_MGH_042.thumbnail.jpg\" alt=\"090109_MGH_042.jpg\" width=\"265\" \/><\/a><\/p>\n<p><a title=\"Foto: Alexander Mengel\" rel=\"lightbox[roadtrip]\" href=\"http:\/\/www.schoene-nachrichten.de\/wp-content\/uploads\/2009\/01\/090109_MGH_043.jpg\" target=\"_blank\"><img decoding=\"async\" src=\"http:\/\/www.schoene-nachrichten.de\/wp-content\/uploads\/2009\/01\/090109_MGH_043.thumbnail.jpg\" alt=\"090109_MGH_043.jpg\" width=\"265\" \/><\/a> <a title=\"Foto: Alexander Mengel\" rel=\"lightbox[roadtrip]\" href=\"http:\/\/www.schoene-nachrichten.de\/wp-content\/uploads\/2009\/01\/090109_MGH_044.jpg\" target=\"_blank\"><img decoding=\"async\" src=\"http:\/\/www.schoene-nachrichten.de\/wp-content\/uploads\/2009\/01\/090109_MGH_044.thumbnail.jpg\" alt=\"090109_MGH_044.jpg\" width=\"265\" \/><\/a><\/p>\n<p><a title=\"Foto: Alexander Mengel\" rel=\"lightbox[roadtrip]\" href=\"http:\/\/www.schoene-nachrichten.de\/wp-content\/uploads\/2009\/01\/090109_MGH_046.jpg\" target=\"_blank\"><img decoding=\"async\" src=\"http:\/\/www.schoene-nachrichten.de\/wp-content\/uploads\/2009\/01\/090109_MGH_046.thumbnail.jpg\" alt=\"090109_MGH_046.jpg\" width=\"265\" \/><\/a> <a title=\"Foto: Alexander Mengel\" rel=\"lightbox[roadtrip]\" href=\"http:\/\/www.schoene-nachrichten.de\/wp-content\/uploads\/2009\/01\/090109_MGH_009.jpg\" target=\"_blank\"><img decoding=\"async\" src=\"http:\/\/www.schoene-nachrichten.de\/wp-content\/uploads\/2009\/01\/090109_MGH_009.thumbnail.jpg\" alt=\"090109_MGH_009.jpg\" width=\"265\" \/><\/a><\/p>\n<p><a title=\"Foto: Alexander Mengel\" rel=\"lightbox[roadtrip]\" href=\"http:\/\/www.schoene-nachrichten.de\/wp-content\/uploads\/2009\/01\/090109_MGH_049.jpg\" target=\"_blank\"><img decoding=\"async\" src=\"http:\/\/www.schoene-nachrichten.de\/wp-content\/uploads\/2009\/01\/090109_MGH_049.thumbnail.jpg\" alt=\"090109_MGH_049.jpg\" width=\"265\" \/><\/a><\/p>\n","protected":false},"excerpt":{"rendered":"<div class=\"tmnf_excerpt\"><p>Fulda. \u201eWir legen in ganz Deutschland den Grundstein f\u00fcr ein neues Miteinander der Generationen\u201c, erkl\u00e4rte die Bundesministerin f\u00fcr Familie, Senioren, Frauen und Jugend, Ursula von der Leyen, heute beim Besuch des Mehrgenerationenhauses Fulda. \u201e2006 habe ich das Aktionsprogramm Mehrgenerationenh\u00e4user ins Leben gerufen, mit dem Ziel, bundesweit in jedem Landkreis und jeder kreisfreien Stadt Mehrgenerationenh\u00e4user zu &hellip;<\/p>\n<\/div>","protected":false},"author":1,"featured_media":0,"comment_status":"closed","ping_status":"closed","sticky":false,"template":"","format":"standard","meta":{"footnotes":""},"categories":[1,54,53,72,79,50,44,29,78],"tags":[],"class_list":["post-18985","post","type-post","status-publish","format-standard","hentry","category-startseite","category-bildergalerien","category-bildung","category-jugend","category-kino","category-kirche","category-kultur","category-politik","category-topthema"],"_links":{"self":[{"href":"https:\/\/www.fuldaernachrichten.de\/index.php?rest_route=\/wp\/v2\/posts\/18985","targetHints":{"allow":["GET"]}}],"collection":[{"href":"https:\/\/www.fuldaernachrichten.de\/index.php?rest_route=\/wp\/v2\/posts"}],"about":[{"href":"https:\/\/www.fuldaernachrichten.de\/index.php?rest_route=\/wp\/v2\/types\/post"}],"author":[{"embeddable":true,"href":"https:\/\/www.fuldaernachrichten.de\/index.php?rest_route=\/wp\/v2\/users\/1"}],"replies":[{"embeddable":true,"href":"https:\/\/www.fuldaernachrichten.de\/index.php?rest_route=%2Fwp%2Fv2%2Fcomments&post=18985"}],"version-history":[{"count":8,"href":"https:\/\/www.fuldaernachrichten.de\/index.php?rest_route=\/wp\/v2\/posts\/18985\/revisions"}],"predecessor-version":[{"id":19127,"href":"https:\/\/www.fuldaernachrichten.de\/index.php?rest_route=\/wp\/v2\/posts\/18985\/revisions\/19127"}],"wp:attachment":[{"href":"https:\/\/www.fuldaernachrichten.de\/index.php?rest_route=%2Fwp%2Fv2%2Fmedia&parent=18985"}],"wp:term":[{"taxonomy":"category","embeddable":true,"href":"https:\/\/www.fuldaernachrichten.de\/index.php?rest_route=%2Fwp%2Fv2%2Fcategories&post=18985"},{"taxonomy":"post_tag","embeddable":true,"href":"https:\/\/www.fuldaernachrichten.de\/index.php?rest_route=%2Fwp%2Fv2%2Ftags&post=18985"}],"curies":[{"name":"wp","href":"https:\/\/api.w.org\/{rel}","templated":true}]}}