{"id":1882,"date":"2007-03-04T00:05:30","date_gmt":"2007-03-03T23:05:30","guid":{"rendered":"http:\/\/www.schoene-nachrichten.de\/?p=1882"},"modified":"2007-03-04T00:06:36","modified_gmt":"2007-03-03T23:06:36","slug":"superstars-aus-roenshausen-sind-im-recall","status":"publish","type":"post","link":"https:\/\/www.fuldaernachrichten.de\/?p=1882","title":{"rendered":"&#8220;Superstars&#8221; aus R\u00f6nshausen im Recall"},"content":{"rendered":"<p><strong>Schon in der FZ gelesen?<\/strong> Neue Stars braucht das Land. Und vielleicht kommen weitere bald aus dem Eichenzeller Ortsteil R\u00f6nshausen. Das \u201eOriginal Rh\u00f6ntal Quintett\u201c mit Carolin und Yvonne hat sich n\u00e4mlich bei der Casting-Show \u201eDeutschland sucht den Superstar der Volksmusik\u201c beworben und die erste H\u00fcrde bereits genommen.<\/p>\n<p><strong>Foto:<\/strong> Max Colin Heydenreich<\/p>\n<p><strong>Audiobeispiel:<\/strong> <a target=\"_blank\" href=\"http:\/\/www.schoene-nachrichten.de\/Audio\/070227_kleines_land.mp3\">Kleines Land<\/a><\/p>\n<p><a target=\"_blank\" href=\"http:\/\/www.schoene-nachrichten.de\/wp-content\/uploads\/2007\/02\/070227_musik.jpg\" title=\"Foto: Max Colin Heydenreich\"><img decoding=\"async\" src=\"http:\/\/www.schoene-nachrichten.de\/wp-content\/uploads\/2007\/02\/070227_musik.thumbnail.jpg\" alt=\"070227_musik.jpg\" \/><\/a><\/p>\n<p><!--more-->Sie sind mit weiteren 14 Bewerbern im Recall, oder besser im Regionalausscheid, gelandet. Jetzt hei\u00dft es f\u00fcr die Musiker \u00fcben, \u00fcben, \u00fcben wenn sie zu den f\u00fcnf besten aus Hessen geh\u00f6ren wollen. Die Musiker haben sich dem Oberkrainer-Sound verschrieben. In originalen Outfits spielen sie Slowenische Volksmusik, die stark an die Hintergrundmusik der Sendung \u201eAlpenpanorama\u201c auf 3sat erinnert. Obwohl die f\u00fcnf M\u00e4nner und zwei Frauen mittlerweile schon einige gemeinsame Auftritte hinter sich haben, ist es doch ein anderes Kaliber, vor einer vierk\u00f6pfigen Jury zu stehen, sagen sie. Zum Gl\u00fcck ist Volksmusik nicht die Baustelle von Dieter Bohlen. Und wer wei\u00df, auf welchem Kontinent die aufgehenden Sterne bald unterwegs sind. In den USA haben sie jedenfalls schon aufgespielt.\u00c2\u00a0 \u00c2\u00a0<\/p>\n<p>Unter der Nummer (01 37) 900 12 04 kann man \u00fcbrigens f\u00fcr das \u201eRh\u00f6ntal Quintett\u201c\u00c2\u00a0voten. <a target=\"_blank\" href=\"http:\/\/www.schoene-nachrichten.de\/wp-content\/uploads\/2007\/02\/070227_musik.jpg\" title=\"Foto: Max Colin Heydenreich\"><\/a><\/p>\n","protected":false},"excerpt":{"rendered":"<div class=\"tmnf_excerpt\"><p>Schon in der FZ gelesen? Neue Stars braucht das Land. Und vielleicht kommen weitere bald aus dem Eichenzeller Ortsteil R\u00f6nshausen. Das \u201eOriginal Rh\u00f6ntal Quintett\u201c mit Carolin und Yvonne hat sich n\u00e4mlich bei der Casting-Show \u201eDeutschland sucht den Superstar der Volksmusik\u201c beworben und die erste H\u00fcrde bereits genommen. Foto: Max Colin Heydenreich Audiobeispiel: Kleines Land<\/p>\n<\/div>","protected":false},"author":1,"featured_media":0,"comment_status":"closed","ping_status":"closed","sticky":false,"template":"","format":"standard","meta":{"footnotes":""},"categories":[1,44],"tags":[],"class_list":["post-1882","post","type-post","status-publish","format-standard","hentry","category-startseite","category-kultur"],"_links":{"self":[{"href":"https:\/\/www.fuldaernachrichten.de\/index.php?rest_route=\/wp\/v2\/posts\/1882","targetHints":{"allow":["GET"]}}],"collection":[{"href":"https:\/\/www.fuldaernachrichten.de\/index.php?rest_route=\/wp\/v2\/posts"}],"about":[{"href":"https:\/\/www.fuldaernachrichten.de\/index.php?rest_route=\/wp\/v2\/types\/post"}],"author":[{"embeddable":true,"href":"https:\/\/www.fuldaernachrichten.de\/index.php?rest_route=\/wp\/v2\/users\/1"}],"replies":[{"embeddable":true,"href":"https:\/\/www.fuldaernachrichten.de\/index.php?rest_route=%2Fwp%2Fv2%2Fcomments&post=1882"}],"version-history":[{"count":0,"href":"https:\/\/www.fuldaernachrichten.de\/index.php?rest_route=\/wp\/v2\/posts\/1882\/revisions"}],"wp:attachment":[{"href":"https:\/\/www.fuldaernachrichten.de\/index.php?rest_route=%2Fwp%2Fv2%2Fmedia&parent=1882"}],"wp:term":[{"taxonomy":"category","embeddable":true,"href":"https:\/\/www.fuldaernachrichten.de\/index.php?rest_route=%2Fwp%2Fv2%2Fcategories&post=1882"},{"taxonomy":"post_tag","embeddable":true,"href":"https:\/\/www.fuldaernachrichten.de\/index.php?rest_route=%2Fwp%2Fv2%2Ftags&post=1882"}],"curies":[{"name":"wp","href":"https:\/\/api.w.org\/{rel}","templated":true}]}}