{"id":18773,"date":"2009-01-06T07:49:19","date_gmt":"2009-01-06T06:49:19","guid":{"rendered":"http:\/\/www.schoene-nachrichten.de\/?p=18773"},"modified":"2009-01-06T09:49:41","modified_gmt":"2009-01-06T08:49:41","slug":"bundeskanzlerin-angela-merkel-empfaengt-sternsinger-aus-fulda-in-berlin","status":"publish","type":"post","link":"https:\/\/www.fuldaernachrichten.de\/?p=18773","title":{"rendered":"Bundeskanzlerin Angela Merkel empf\u00e4ngt Sternsinger aus Fulda in Berlin"},"content":{"rendered":"<p><a href=\"http:\/\/www.schoene-nachrichten.de\/wp-content\/uploads\/2009\/01\/090106_berlin.jpg\"><img fetchpriority=\"high\" decoding=\"async\" class=\"alignnone size-full wp-image-18774\" title=\"Sternsinger in Berlin\" src=\"http:\/\/www.schoene-nachrichten.de\/wp-content\/uploads\/2009\/01\/090106_berlin.jpg\" alt=\"Sternsinger in Berlin\" width=\"550\" height=\"253\" srcset=\"https:\/\/www.fuldaernachrichten.de\/wp-content\/uploads\/2009\/01\/090106_berlin.jpg 550w, https:\/\/www.fuldaernachrichten.de\/wp-content\/uploads\/2009\/01\/090106_berlin-265x121.jpg 265w\" sizes=\"(max-width: 550px) 100vw, 550px\" \/><\/a><\/p>\n<p><strong>Berlin. <\/strong> Bundeskanzlerin Angela Merkel hat heute die Sternsinger im Bundeskanzleramt empfangen. Jeweils vier Sternsinger aus allen 27 deutschen Di\u00f6zesen vertraten in Berlin die 500.000 M\u00e4dchen und Jungen, die sich in diesen Tagen bundesweit an der 51. Aktion Dreik\u00f6nigssingen beteiligen.<!--more--><\/p>\n<p>Die Sternsinger Theresa Witzel (13), Vanessa G\u00fcnder (10), Martin Hartung (12) und Johannes Habermehl (13) sowie Begleiter Julian Ruhl (22) aus der Pfarrgemeinde St. Johannes der T\u00e4ufer in Fulda vertraten im Bundeskanzleramt das Bistum Fulda.<\/p>\n<p>Neben den 108 Sternsingern aus den deutschen Bist\u00fcmern war erneut eine Gruppe aus dem deutschsprachigen Ostbelgien mit dabei. Der heutige Besuch der kleinen K\u00f6nige war gleichzeitig ein Jubil\u00e4um. Seit 25 Jahren bringen die Sternsinger ihren Segen \u201eChristus mansionem benedicat \u2013 Christus segne dieses Haus\u201c jedes Jahr ins Bundeskanzleramt.<\/p>\n<p>Zum Dreik\u00f6nigsfest am 6. Januar 1984 hatte der damalige Bundeskanzler Helmut Kohl (CDU) die Sternsinger erstmals im Bundeskanzleramt begr\u00fc\u00dft, damals noch in Bonn. Bis zum Ende seiner Amtszeit 1998 setzte Kohl diese Tradition fort. Auch sein Nachfolger Gerhard Schr\u00f6der (SPD) empfing die Sternsinger in deren Aktionsjahren 1999 bis 2005 im Kanzleramt. Bei Kanzlerin Angela Merkel (CDU) waren sie nun zum vierten Mal seit ihrer Aktion 2006 zu Gast.<\/p>\n<p>\u201eKinder suchen Frieden\u201c hei\u00dft das Leitwort der aktuellen Aktion, das Beispielland ist Kolumbien. Vier Sternsinger aus der Pfarrgemeinde St. Wolfgang in Augsburg stellten der Bundeskanzlerin die Lebenssituation von Kindern in dem s\u00fcdamerikanischen Land in einem kleinen Theaterst\u00fcck vor. Sternsinger aus der Pfarrgemeinde St. Hubertus in Stolberg (Bistum Aachen) schrieben den Segen im Kanzleramt an.<br \/>\n<strong><br \/>\nZum Bild:<\/strong> Die Sternsinger Theresa Witzel (13), Vanessa G\u00fcnder (10), Martin Hartung (12) und Johannes Habermehl (13) sowie Begleiter Julian Ruhl (22) aus der Pfarrgemeinde St. Johannes der T\u00e4ufer in Fulda vertraten im Bundeskanzleramt das Bistum Fulda. Zum Gruppenfoto mit Bundeskanzlerin Angela Merkel stellten sie sich gemeinsam mit Msgr. Winfried Pilz, Pr\u00e4sident des Kindermissionswerks \u201eDie Sternsinger\u201c, und Pfr. Andreas Mauritz, Bundespr\u00e4ses des Bundes der Deutschen Katholischen Jugend (BDKJ), auf. Foto: PictureInfo<\/p>\n","protected":false},"excerpt":{"rendered":"<div class=\"tmnf_excerpt\"><p>Berlin. Bundeskanzlerin Angela Merkel hat heute die Sternsinger im Bundeskanzleramt empfangen. Jeweils vier Sternsinger aus allen 27 deutschen Di\u00f6zesen vertraten in Berlin die 500.000 M\u00e4dchen und Jungen, die sich in diesen Tagen bundesweit an der 51. Aktion Dreik\u00f6nigssingen beteiligen.<\/p>\n<\/div>","protected":false},"author":1,"featured_media":0,"comment_status":"closed","ping_status":"closed","sticky":false,"template":"","format":"standard","meta":{"footnotes":""},"categories":[1,50,29,78],"tags":[],"class_list":["post-18773","post","type-post","status-publish","format-standard","hentry","category-startseite","category-kirche","category-politik","category-topthema"],"_links":{"self":[{"href":"https:\/\/www.fuldaernachrichten.de\/index.php?rest_route=\/wp\/v2\/posts\/18773","targetHints":{"allow":["GET"]}}],"collection":[{"href":"https:\/\/www.fuldaernachrichten.de\/index.php?rest_route=\/wp\/v2\/posts"}],"about":[{"href":"https:\/\/www.fuldaernachrichten.de\/index.php?rest_route=\/wp\/v2\/types\/post"}],"author":[{"embeddable":true,"href":"https:\/\/www.fuldaernachrichten.de\/index.php?rest_route=\/wp\/v2\/users\/1"}],"replies":[{"embeddable":true,"href":"https:\/\/www.fuldaernachrichten.de\/index.php?rest_route=%2Fwp%2Fv2%2Fcomments&post=18773"}],"version-history":[{"count":3,"href":"https:\/\/www.fuldaernachrichten.de\/index.php?rest_route=\/wp\/v2\/posts\/18773\/revisions"}],"predecessor-version":[{"id":18776,"href":"https:\/\/www.fuldaernachrichten.de\/index.php?rest_route=\/wp\/v2\/posts\/18773\/revisions\/18776"}],"wp:attachment":[{"href":"https:\/\/www.fuldaernachrichten.de\/index.php?rest_route=%2Fwp%2Fv2%2Fmedia&parent=18773"}],"wp:term":[{"taxonomy":"category","embeddable":true,"href":"https:\/\/www.fuldaernachrichten.de\/index.php?rest_route=%2Fwp%2Fv2%2Fcategories&post=18773"},{"taxonomy":"post_tag","embeddable":true,"href":"https:\/\/www.fuldaernachrichten.de\/index.php?rest_route=%2Fwp%2Fv2%2Ftags&post=18773"}],"curies":[{"name":"wp","href":"https:\/\/api.w.org\/{rel}","templated":true}]}}