{"id":1873,"date":"2007-02-27T07:58:23","date_gmt":"2007-02-27T06:58:23","guid":{"rendered":"http:\/\/www.schoene-nachrichten.de\/?p=1873"},"modified":"2007-02-27T08:05:40","modified_gmt":"2007-02-27T07:05:40","slug":"kaffee-oder-tee-barbara-imhof-bevorzugt-kleine-kraftwerke","status":"publish","type":"post","link":"https:\/\/www.fuldaernachrichten.de\/?p=1873","title":{"rendered":"Kaffee oder Tee? Barbara Imhof bevorzugt &#8220;kleine Kraftwerke&#8221;"},"content":{"rendered":"<p><strong>Schon in der FZ gelesen?<\/strong> Barbara Imhof ist ohne Zweifel eine Kaffee-Expertin. Erst k\u00fcrzlich wurde sie Deutsche Vize-R\u00f6ster-Meisterin. Doch ob sich die ehemalige SPD-Bundestagsabgeordnete auch mit Tee auskennt? Immerhin hat sie einen Lieblingstee: den Earl Grey. Und einige Erinnerungen an ihre pers\u00f6nliche \u201eTeetrinkerzeit\u201c.<\/p>\n<p><strong>Foto:<\/strong> Max Colin Heydenreich<\/p>\n<p><a target=\"_blank\" href=\"http:\/\/www.schoene-nachrichten.de\/wp-content\/uploads\/2007\/02\/070227_imhof.jpg\" title=\"Foto: Max Colin Heydenreich\"><img decoding=\"async\" src=\"http:\/\/www.schoene-nachrichten.de\/wp-content\/uploads\/2007\/02\/070227_imhof.thumbnail.jpg\" alt=\"070227_imhof.jpg\" \/><\/a><\/p>\n<p><!--more-->Die 70er Jahre fallen ihr im Interview ein, der Auszug aus dem Elternhaus, die Teestube in der Leipziger Stra\u00dfe. Und das war\u00e2\u20ac\u2122s auch schon mit Tee. Ihre gro\u00dfe Leidenschaft ist und bleibt der Kaffee. \u201eTee\u201c, sagt Barbara Imhof, \u201eist irgendwie nur wie Fl\u00fcssigkeit trinken, Kaffee hingegen, das sind lauter kleine Kraftwerke.\u201c Energie hat die studierte Sozialp\u00e4dagogin jedenfalls f\u00fcr drei. Und wenn sie sich an ihre aktive Zeit als Politikerin erinnert, dann wei\u00df sie, Kaffee war damals \u201eein Teil des \u00dcberlebens\u201c. Heute sind Kaffee und ihre eigene R\u00f6sterei Gecko ihr ganzes Leben.<\/p>\n","protected":false},"excerpt":{"rendered":"<div class=\"tmnf_excerpt\"><p>Schon in der FZ gelesen? Barbara Imhof ist ohne Zweifel eine Kaffee-Expertin. Erst k\u00fcrzlich wurde sie Deutsche Vize-R\u00f6ster-Meisterin. Doch ob sich die ehemalige SPD-Bundestagsabgeordnete auch mit Tee auskennt? Immerhin hat sie einen Lieblingstee: den Earl Grey. Und einige Erinnerungen an ihre pers\u00f6nliche \u201eTeetrinkerzeit\u201c. Foto: Max Colin Heydenreich<\/p>\n<\/div>","protected":false},"author":1,"featured_media":0,"comment_status":"closed","ping_status":"closed","sticky":false,"template":"","format":"standard","meta":{"footnotes":""},"categories":[1],"tags":[],"class_list":["post-1873","post","type-post","status-publish","format-standard","hentry","category-startseite"],"_links":{"self":[{"href":"https:\/\/www.fuldaernachrichten.de\/index.php?rest_route=\/wp\/v2\/posts\/1873","targetHints":{"allow":["GET"]}}],"collection":[{"href":"https:\/\/www.fuldaernachrichten.de\/index.php?rest_route=\/wp\/v2\/posts"}],"about":[{"href":"https:\/\/www.fuldaernachrichten.de\/index.php?rest_route=\/wp\/v2\/types\/post"}],"author":[{"embeddable":true,"href":"https:\/\/www.fuldaernachrichten.de\/index.php?rest_route=\/wp\/v2\/users\/1"}],"replies":[{"embeddable":true,"href":"https:\/\/www.fuldaernachrichten.de\/index.php?rest_route=%2Fwp%2Fv2%2Fcomments&post=1873"}],"version-history":[{"count":0,"href":"https:\/\/www.fuldaernachrichten.de\/index.php?rest_route=\/wp\/v2\/posts\/1873\/revisions"}],"wp:attachment":[{"href":"https:\/\/www.fuldaernachrichten.de\/index.php?rest_route=%2Fwp%2Fv2%2Fmedia&parent=1873"}],"wp:term":[{"taxonomy":"category","embeddable":true,"href":"https:\/\/www.fuldaernachrichten.de\/index.php?rest_route=%2Fwp%2Fv2%2Fcategories&post=1873"},{"taxonomy":"post_tag","embeddable":true,"href":"https:\/\/www.fuldaernachrichten.de\/index.php?rest_route=%2Fwp%2Fv2%2Ftags&post=1873"}],"curies":[{"name":"wp","href":"https:\/\/api.w.org\/{rel}","templated":true}]}}