{"id":1870,"date":"2007-02-28T00:02:57","date_gmt":"2007-02-27T23:02:57","guid":{"rendered":"http:\/\/www.schoene-nachrichten.de\/?p=1870"},"modified":"2007-02-28T00:13:12","modified_gmt":"2007-02-27T23:13:12","slug":"kar-und-ostertage-im-priesterseminar","status":"publish","type":"post","link":"https:\/\/www.fuldaernachrichten.de\/?p=1870","title":{"rendered":"Kar- und Ostertage im Priesterseminar"},"content":{"rendered":"<p><strong>Sch\u00f6nes aus Fulda.<\/strong> Auch dieses Jahr sind junge Menschen, die sich f\u00fcr den Priesterberuf interessieren, wieder eingeladen, die Karwoche in Form von \u201eStillen Tagen\u201c im Bisch\u00f6flichen Priesterseminar in Fulda mitzuerleben.<\/p>\n<p><!--more-->Beginn ist am Mittwoch, 4. April, um 15 Uhr, Abschlu\u00df am Ostersonntag, 8. April, nach dem Mittagessen. In dieser Zeit besteht die M\u00f6glichkeit, an den gottesdienstlichen Feiern und Diensten im Dom sowie an den Gebetszeiten der Hausgemeinschaft teilzunehmen. Au\u00dferdem steht Spiritual Dr. Wolfgang Hartmann f\u00fcr Gespr\u00e4che und kleinere Vortr\u00e4ge zur Verf\u00fcgung. Anmeldungen k\u00f6nnen an das Bisch\u00f6fliche Priesterseminar, Eduard-Schick-Platz 5, 36037 Fulda, Tel. 0661\/87-230, E-Mail: <a href=\"mailto:sekretariat@Priesterseminar-Fulda.de\">sekretariat@Priesterseminar-Fulda.de<\/a>, gerichtet werden. (bpf)<\/p>\n","protected":false},"excerpt":{"rendered":"<div class=\"tmnf_excerpt\"><p>Sch\u00f6nes aus Fulda. Auch dieses Jahr sind junge Menschen, die sich f\u00fcr den Priesterberuf interessieren, wieder eingeladen, die Karwoche in Form von \u201eStillen Tagen\u201c im Bisch\u00f6flichen Priesterseminar in Fulda mitzuerleben.<\/p>\n<\/div>","protected":false},"author":1,"featured_media":0,"comment_status":"closed","ping_status":"closed","sticky":false,"template":"","format":"standard","meta":{"footnotes":""},"categories":[1,53,50],"tags":[],"class_list":["post-1870","post","type-post","status-publish","format-standard","hentry","category-startseite","category-bildung","category-kirche"],"_links":{"self":[{"href":"https:\/\/www.fuldaernachrichten.de\/index.php?rest_route=\/wp\/v2\/posts\/1870","targetHints":{"allow":["GET"]}}],"collection":[{"href":"https:\/\/www.fuldaernachrichten.de\/index.php?rest_route=\/wp\/v2\/posts"}],"about":[{"href":"https:\/\/www.fuldaernachrichten.de\/index.php?rest_route=\/wp\/v2\/types\/post"}],"author":[{"embeddable":true,"href":"https:\/\/www.fuldaernachrichten.de\/index.php?rest_route=\/wp\/v2\/users\/1"}],"replies":[{"embeddable":true,"href":"https:\/\/www.fuldaernachrichten.de\/index.php?rest_route=%2Fwp%2Fv2%2Fcomments&post=1870"}],"version-history":[{"count":0,"href":"https:\/\/www.fuldaernachrichten.de\/index.php?rest_route=\/wp\/v2\/posts\/1870\/revisions"}],"wp:attachment":[{"href":"https:\/\/www.fuldaernachrichten.de\/index.php?rest_route=%2Fwp%2Fv2%2Fmedia&parent=1870"}],"wp:term":[{"taxonomy":"category","embeddable":true,"href":"https:\/\/www.fuldaernachrichten.de\/index.php?rest_route=%2Fwp%2Fv2%2Fcategories&post=1870"},{"taxonomy":"post_tag","embeddable":true,"href":"https:\/\/www.fuldaernachrichten.de\/index.php?rest_route=%2Fwp%2Fv2%2Ftags&post=1870"}],"curies":[{"name":"wp","href":"https:\/\/api.w.org\/{rel}","templated":true}]}}