{"id":1869,"date":"2007-02-26T20:44:28","date_gmt":"2007-02-26T19:44:28","guid":{"rendered":"http:\/\/www.schoene-nachrichten.de\/?p=1869"},"modified":"2007-02-26T20:44:28","modified_gmt":"2007-02-26T19:44:28","slug":"bischof-algermissen-im-heiligen-land","status":"publish","type":"post","link":"https:\/\/www.fuldaernachrichten.de\/?p=1869","title":{"rendered":"Bischof Algermissen im Heiligen Land"},"content":{"rendered":"<p><strong>Sch\u00f6nes aus Fulda.<\/strong> Erstmals in der Geschichte der Deutschen Bischofskonferenz reisen die katholischen Bisch\u00f6fe gemeinsam ins Heilige Land. Mit dabei ist auch Bischof Heinz Josef Algermissen aus Fulda. Zu den Stationen der siebent\u00e4gigen Pilgerreise, zu der die 27 Mitglieder des St\u00e4ndigen Rates der Bischofskonferenz vom 26. Februar bis zum 4. M\u00e4rz nach Israel und Pal\u00e4stina aufgebrochen sind, z\u00e4hlen Bethlehem, Nazareth, Jerusalem, die heiligen St\u00e4tten am See Genezareth und Ramallah. Nie zuvor reiste eine nationale Bischofskonferenz in einer so gro\u00dfen Runde ins Land Jesu.<\/p>\n<p><!--more--><\/p>\n<p>Geplant sind politische Gespr\u00e4che mit dem stellvertretenden israelischen Ministerpr\u00e4sidenten Schimon Peres und dem Pr\u00e4sidenten der pal\u00e4stinensischen Autonomiebeh\u00f6rde, Mahmud Abbas. Auf dem Programm stehen aber auch Begegnungen mit dem Lateinischen Patriarchen von Jerusalem, Erzbischof Michel Sabbah, den Bisch\u00f6fen der mit Rom unierten Kirchen sowie Vertretern der \u00d6kumene. Zu den H\u00f6hepunkten der Reise geh\u00f6rt am 2. M\u00e4rz der Besuch der Holocaust-Gedenkst\u00e4tte Jad Vaschem. Anschlie\u00dfend besuchen die Bisch\u00f6fe die Gedenktafel f\u00fcr den fr\u00fcheren K\u00f6lner Kardinal Josef H\u00f6ffner in der \u201eAllee der Gerechten\u201c. H\u00f6ffner hatte w\u00e4hrend der NS-Zeit Juden versteckt.<\/p>\n<p>Die Bisch\u00f6fe und Di\u00f6zesanadministratoren aus allen 27 deutschen Bist\u00fcmern werden dar\u00fcber hinaus Gottesdienste an bedeutenden christlichen Wallfahrtsst\u00e4tten feiern sowie kirchliche Einrichtungen besuchen. Mit ihrer Pilgerfahrt wollen die Bisch\u00f6fe ein Zeichen der Solidarit\u00e4t mit den Christen im Heiligen Land setzen, die knapp zwei Prozent der Bev\u00f6lkerung ausmachen.<\/p>\n<p>In Tabgha am See Genezareth nehmen die Bisch\u00f6fe unter anderem an der Grundsteinsegnung f\u00fcr den Neubau des Benediktinerklosters teil. In Nazareth feiern sie vor der Verk\u00fcndigungsgrotte mit der einheimischen christlichen Bev\u00f6lkerung eine Messe und besuchen die Schule der Salvatorianerinnen. In Bethlehem sind nach einem Gebet in der Geburtsgrotte und einer Eucharistiefeier in der Katharinenkirche Besuche in der Katholischen Universit\u00e4t und im Caritas-Babyhospital geplant. (kna\/bpf).<\/p>\n","protected":false},"excerpt":{"rendered":"<div class=\"tmnf_excerpt\"><p>Sch\u00f6nes aus Fulda. Erstmals in der Geschichte der Deutschen Bischofskonferenz reisen die katholischen Bisch\u00f6fe gemeinsam ins Heilige Land. Mit dabei ist auch Bischof Heinz Josef Algermissen aus Fulda. Zu den Stationen der siebent\u00e4gigen Pilgerreise, zu der die 27 Mitglieder des St\u00e4ndigen Rates der Bischofskonferenz vom 26. Februar bis zum 4. M\u00e4rz nach Israel und Pal\u00e4stina &hellip;<\/p>\n<\/div>","protected":false},"author":1,"featured_media":0,"comment_status":"closed","ping_status":"closed","sticky":false,"template":"","format":"standard","meta":{"footnotes":""},"categories":[1,50],"tags":[],"class_list":["post-1869","post","type-post","status-publish","format-standard","hentry","category-startseite","category-kirche"],"_links":{"self":[{"href":"https:\/\/www.fuldaernachrichten.de\/index.php?rest_route=\/wp\/v2\/posts\/1869","targetHints":{"allow":["GET"]}}],"collection":[{"href":"https:\/\/www.fuldaernachrichten.de\/index.php?rest_route=\/wp\/v2\/posts"}],"about":[{"href":"https:\/\/www.fuldaernachrichten.de\/index.php?rest_route=\/wp\/v2\/types\/post"}],"author":[{"embeddable":true,"href":"https:\/\/www.fuldaernachrichten.de\/index.php?rest_route=\/wp\/v2\/users\/1"}],"replies":[{"embeddable":true,"href":"https:\/\/www.fuldaernachrichten.de\/index.php?rest_route=%2Fwp%2Fv2%2Fcomments&post=1869"}],"version-history":[{"count":0,"href":"https:\/\/www.fuldaernachrichten.de\/index.php?rest_route=\/wp\/v2\/posts\/1869\/revisions"}],"wp:attachment":[{"href":"https:\/\/www.fuldaernachrichten.de\/index.php?rest_route=%2Fwp%2Fv2%2Fmedia&parent=1869"}],"wp:term":[{"taxonomy":"category","embeddable":true,"href":"https:\/\/www.fuldaernachrichten.de\/index.php?rest_route=%2Fwp%2Fv2%2Fcategories&post=1869"},{"taxonomy":"post_tag","embeddable":true,"href":"https:\/\/www.fuldaernachrichten.de\/index.php?rest_route=%2Fwp%2Fv2%2Ftags&post=1869"}],"curies":[{"name":"wp","href":"https:\/\/api.w.org\/{rel}","templated":true}]}}