{"id":1864,"date":"2007-02-27T00:01:49","date_gmt":"2007-02-26T23:01:49","guid":{"rendered":"http:\/\/www.schoene-nachrichten.de\/?p=1864"},"modified":"2007-02-27T00:02:10","modified_gmt":"2007-02-26T23:02:10","slug":"krokusfest-der-spd-in-burghaun","status":"publish","type":"post","link":"https:\/\/www.fuldaernachrichten.de\/?p=1864","title":{"rendered":"Krokusfest der SPD in Burghaun"},"content":{"rendered":"<p><strong>Termin.<\/strong> Am Sonntag, dem 04.03.2007, veranstaltet der SPD-Ortsverein Burghaun sein traditionelles Krokusfest in der Weiheranlage in Burghaun. Einige zehntausend verschiedenfarbige Krokusse, die in den zur\u00fcckliegenden Jahren durch Mitglieder der Burghauner SPD gesteckt wurden, bilden den farbenpr\u00e4chtigen Rahmen f\u00fcr des Fest. Ab 14.00 Uhr versorgt der Ortsverein seine G\u00e4ste mit Kaffee und Kuchen. Daneben bietet der \u201eWeiherwirt\u201c Otmar Ditzel seine bekannte Palette an Speisen und Getr\u00e4nke zu familienfreundlichen Preisen an.<\/p>\n<p><a target=\"_blank\" href=\"http:\/\/www.schoene-nachrichten.de\/wp-content\/uploads\/2007\/02\/070226-krokusse1.jpg\" title=\"Foto: Gemeinde Burghaun\"><img decoding=\"async\" src=\"http:\/\/www.schoene-nachrichten.de\/wp-content\/uploads\/2007\/02\/070226-krokusse1.thumbnail.jpg\" alt=\"070226-krokusse1.jpg\" \/><\/a>\u00c2\u00a0<a target=\"_blank\" href=\"http:\/\/www.schoene-nachrichten.de\/wp-content\/uploads\/2007\/02\/070226-krokusse2.jpg\" title=\"Foto: Gemeinde Burghaun\"><img decoding=\"async\" src=\"http:\/\/www.schoene-nachrichten.de\/wp-content\/uploads\/2007\/02\/070226-krokusse2.thumbnail.jpg\" alt=\"070226-krokusse2.jpg\" \/><\/a><\/p>\n","protected":false},"excerpt":{"rendered":"<div class=\"tmnf_excerpt\"><p>Termin. Am Sonntag, dem 04.03.2007, veranstaltet der SPD-Ortsverein Burghaun sein traditionelles Krokusfest in der Weiheranlage in Burghaun. Einige zehntausend verschiedenfarbige Krokusse, die in den zur\u00fcckliegenden Jahren durch Mitglieder der Burghauner SPD gesteckt wurden, bilden den farbenpr\u00e4chtigen Rahmen f\u00fcr des Fest. Ab 14.00 Uhr versorgt der Ortsverein seine G\u00e4ste mit Kaffee und Kuchen. Daneben bietet der &hellip;<\/p>\n<\/div>","protected":false},"author":1,"featured_media":0,"comment_status":"closed","ping_status":"closed","sticky":false,"template":"","format":"standard","meta":{"footnotes":""},"categories":[1,29],"tags":[],"class_list":["post-1864","post","type-post","status-publish","format-standard","hentry","category-startseite","category-politik"],"_links":{"self":[{"href":"https:\/\/www.fuldaernachrichten.de\/index.php?rest_route=\/wp\/v2\/posts\/1864","targetHints":{"allow":["GET"]}}],"collection":[{"href":"https:\/\/www.fuldaernachrichten.de\/index.php?rest_route=\/wp\/v2\/posts"}],"about":[{"href":"https:\/\/www.fuldaernachrichten.de\/index.php?rest_route=\/wp\/v2\/types\/post"}],"author":[{"embeddable":true,"href":"https:\/\/www.fuldaernachrichten.de\/index.php?rest_route=\/wp\/v2\/users\/1"}],"replies":[{"embeddable":true,"href":"https:\/\/www.fuldaernachrichten.de\/index.php?rest_route=%2Fwp%2Fv2%2Fcomments&post=1864"}],"version-history":[{"count":0,"href":"https:\/\/www.fuldaernachrichten.de\/index.php?rest_route=\/wp\/v2\/posts\/1864\/revisions"}],"wp:attachment":[{"href":"https:\/\/www.fuldaernachrichten.de\/index.php?rest_route=%2Fwp%2Fv2%2Fmedia&parent=1864"}],"wp:term":[{"taxonomy":"category","embeddable":true,"href":"https:\/\/www.fuldaernachrichten.de\/index.php?rest_route=%2Fwp%2Fv2%2Fcategories&post=1864"},{"taxonomy":"post_tag","embeddable":true,"href":"https:\/\/www.fuldaernachrichten.de\/index.php?rest_route=%2Fwp%2Fv2%2Ftags&post=1864"}],"curies":[{"name":"wp","href":"https:\/\/api.w.org\/{rel}","templated":true}]}}