{"id":1861,"date":"2007-02-26T00:05:37","date_gmt":"2007-02-25T23:05:37","guid":{"rendered":"http:\/\/www.schoene-nachrichten.de\/?p=1861"},"modified":"2007-02-26T00:06:38","modified_gmt":"2007-02-25T23:06:38","slug":"unterm-apfelbaum-ist-rauchfreie-zone","status":"publish","type":"post","link":"https:\/\/www.fuldaernachrichten.de\/?p=1861","title":{"rendered":"\u201eUnterm Apfelbaum\u201c ist rauchfreie Zone"},"content":{"rendered":"<p><strong>Sch\u00f6nes aus Fulda.<\/strong> N\u00e4gel mit K\u00f6pfen haben Inhaber und Stammg\u00e4ste des Fuldaer Lokals \u201eUnterm Apfelbaum\u201c gemacht. Dort wird n\u00e4mlich nicht mehr \u00fcber rauchfreie Gastst\u00e4tten diskutiert, sondern definitiv nicht mehr gequalmt. Das Lokal am Rosenbad ist seit einiger Zeit ein komplettes Nichtraucherlokal.<\/p>\n<p><!--more-->Wirt Stefan Fischer sagt dazu: \u201eDie G\u00e4ste bzw. die Raucher haben es selbst eingesehen, dass beste Rh\u00f6ner Spezialit\u00e4ten und der blaue Dunst nicht gut zusammen passen. Oder meinen Sie, eine Blutwurst-Pizza oder eine Portion St\u00f6pper schmecken so richtig, wenn am Nebentisch eine Marlboro angez\u00fcndet wird?\u201c<\/p>\n<p>Wir meinen, in verqualmten Lokalit\u00e4ten schmeckt eigentlich gar nichts, deshalb freut sich die nichtrauchende Redaktion \u00fcber diese wirklich sch\u00f6ne Nachricht.<\/p>\n","protected":false},"excerpt":{"rendered":"<div class=\"tmnf_excerpt\"><p>Sch\u00f6nes aus Fulda. N\u00e4gel mit K\u00f6pfen haben Inhaber und Stammg\u00e4ste des Fuldaer Lokals \u201eUnterm Apfelbaum\u201c gemacht. Dort wird n\u00e4mlich nicht mehr \u00fcber rauchfreie Gastst\u00e4tten diskutiert, sondern definitiv nicht mehr gequalmt. Das Lokal am Rosenbad ist seit einiger Zeit ein komplettes Nichtraucherlokal.<\/p>\n<\/div>","protected":false},"author":1,"featured_media":0,"comment_status":"closed","ping_status":"closed","sticky":false,"template":"","format":"standard","meta":{"footnotes":""},"categories":[1,44],"tags":[],"class_list":["post-1861","post","type-post","status-publish","format-standard","hentry","category-startseite","category-kultur"],"_links":{"self":[{"href":"https:\/\/www.fuldaernachrichten.de\/index.php?rest_route=\/wp\/v2\/posts\/1861","targetHints":{"allow":["GET"]}}],"collection":[{"href":"https:\/\/www.fuldaernachrichten.de\/index.php?rest_route=\/wp\/v2\/posts"}],"about":[{"href":"https:\/\/www.fuldaernachrichten.de\/index.php?rest_route=\/wp\/v2\/types\/post"}],"author":[{"embeddable":true,"href":"https:\/\/www.fuldaernachrichten.de\/index.php?rest_route=\/wp\/v2\/users\/1"}],"replies":[{"embeddable":true,"href":"https:\/\/www.fuldaernachrichten.de\/index.php?rest_route=%2Fwp%2Fv2%2Fcomments&post=1861"}],"version-history":[{"count":0,"href":"https:\/\/www.fuldaernachrichten.de\/index.php?rest_route=\/wp\/v2\/posts\/1861\/revisions"}],"wp:attachment":[{"href":"https:\/\/www.fuldaernachrichten.de\/index.php?rest_route=%2Fwp%2Fv2%2Fmedia&parent=1861"}],"wp:term":[{"taxonomy":"category","embeddable":true,"href":"https:\/\/www.fuldaernachrichten.de\/index.php?rest_route=%2Fwp%2Fv2%2Fcategories&post=1861"},{"taxonomy":"post_tag","embeddable":true,"href":"https:\/\/www.fuldaernachrichten.de\/index.php?rest_route=%2Fwp%2Fv2%2Ftags&post=1861"}],"curies":[{"name":"wp","href":"https:\/\/api.w.org\/{rel}","templated":true}]}}