{"id":185583,"date":"2026-04-28T09:42:25","date_gmt":"2026-04-28T07:42:25","guid":{"rendered":"https:\/\/www.fuldaernachrichten.de\/?p=185583"},"modified":"2026-04-28T09:42:25","modified_gmt":"2026-04-28T07:42:25","slug":"nachtmarkt-bei-gemeinsam-leben-gemeinsam-lernen-e-v","status":"publish","type":"post","link":"https:\/\/www.fuldaernachrichten.de\/?p=185583","title":{"rendered":"Nachtmarkt bei \u201eGemeinsam Leben \u2013 Gemeinsam Lernen e.?V.\u201c"},"content":{"rendered":"<p>Am Freitag, den 05.06.2026, l\u00e4dt der Verein Gemeinsam Leben \u2013 Gemeinsam Lernen e.?V. zu einem Nachtmarkt auf das Gel\u00e4nde im Liedeweg 65 in K\u00fcnzell ein. Die Veranstaltung findet von 18:00 bis 22:00 Uhr statt.<\/p>\n<p>In entspannter Abendatmosph\u00e4re k\u00f6nnen Besucherinnen und Besucher durch verschiedene Kleiderflohmarktst\u00e4nde st\u00f6bern. Musikalisch wird der Abend von DJ?Sounds begleitet. F\u00fcr das leibliche Wohl ist ebenfalls gesorgt: Neben Getr\u00e4nken und Cocktails steht auch eine Salatbar zur Verf\u00fcgung.<\/p>\n<p>Bei dem Nachtmarkt handelt es sich um einen Kleiderflohmarkt f\u00fcr Erwachsene. Angeboten werden unter anderem Kleidung, Schuhe, Kopfbedeckungen, Taschen und Schmuck. Der Markt richtet sich an alle Interessierten und bietet Gelegenheit zum Austausch, zum gemeinsamen Verweilen und zum Entdecken sch\u00f6ner Fundst\u00fccke.<\/p>\n<p>Der Eintritt ist frei. Der Verein freut sich auf zahlreiche Besucherinnen und Besucher und einen gelungenen Abend in gemeinsamer Runde.<\/p>\n","protected":false},"excerpt":{"rendered":"<div class=\"tmnf_excerpt\"><p>Am Freitag, den 05.06.2026, l\u00e4dt der Verein Gemeinsam Leben \u2013 Gemeinsam Lernen e.?V. zu einem Nachtmarkt auf das Gel\u00e4nde im Liedeweg 65 in K\u00fcnzell ein. Die Veranstaltung findet von 18:00 bis 22:00 Uhr statt. In entspannter Abendatmosph\u00e4re k\u00f6nnen Besucherinnen und Besucher durch verschiedene Kleiderflohmarktst\u00e4nde st\u00f6bern. Musikalisch wird der Abend von DJ?Sounds begleitet. F\u00fcr das leibliche &hellip;<\/p>\n<\/div>","protected":false},"author":1,"featured_media":0,"comment_status":"closed","ping_status":"closed","sticky":false,"template":"","format":"standard","meta":{"footnotes":""},"categories":[1],"tags":[],"class_list":["post-185583","post","type-post","status-publish","format-standard","hentry","category-startseite"],"_links":{"self":[{"href":"https:\/\/www.fuldaernachrichten.de\/index.php?rest_route=\/wp\/v2\/posts\/185583","targetHints":{"allow":["GET"]}}],"collection":[{"href":"https:\/\/www.fuldaernachrichten.de\/index.php?rest_route=\/wp\/v2\/posts"}],"about":[{"href":"https:\/\/www.fuldaernachrichten.de\/index.php?rest_route=\/wp\/v2\/types\/post"}],"author":[{"embeddable":true,"href":"https:\/\/www.fuldaernachrichten.de\/index.php?rest_route=\/wp\/v2\/users\/1"}],"replies":[{"embeddable":true,"href":"https:\/\/www.fuldaernachrichten.de\/index.php?rest_route=%2Fwp%2Fv2%2Fcomments&post=185583"}],"version-history":[{"count":1,"href":"https:\/\/www.fuldaernachrichten.de\/index.php?rest_route=\/wp\/v2\/posts\/185583\/revisions"}],"predecessor-version":[{"id":185584,"href":"https:\/\/www.fuldaernachrichten.de\/index.php?rest_route=\/wp\/v2\/posts\/185583\/revisions\/185584"}],"wp:attachment":[{"href":"https:\/\/www.fuldaernachrichten.de\/index.php?rest_route=%2Fwp%2Fv2%2Fmedia&parent=185583"}],"wp:term":[{"taxonomy":"category","embeddable":true,"href":"https:\/\/www.fuldaernachrichten.de\/index.php?rest_route=%2Fwp%2Fv2%2Fcategories&post=185583"},{"taxonomy":"post_tag","embeddable":true,"href":"https:\/\/www.fuldaernachrichten.de\/index.php?rest_route=%2Fwp%2Fv2%2Ftags&post=185583"}],"curies":[{"name":"wp","href":"https:\/\/api.w.org\/{rel}","templated":true}]}}