{"id":185578,"date":"2026-04-28T09:37:43","date_gmt":"2026-04-28T07:37:43","guid":{"rendered":"https:\/\/www.fuldaernachrichten.de\/?p=185578"},"modified":"2026-04-28T09:37:43","modified_gmt":"2026-04-28T07:37:43","slug":"der-chaos-computer-club-fulda-laedt-zu-einer-veranstaltung-zum-digitalen-unabhaengigkeitstag","status":"publish","type":"post","link":"https:\/\/www.fuldaernachrichten.de\/?p=185578","title":{"rendered":"Der Chaos Computer Club Fulda l\u00e4dt zu einer Veranstaltung zum Digitalen  Unabh\u00e4ngigkeitstag"},"content":{"rendered":"<p>Einmal im Monat \u2013 am ersten Sonntag \u2013 setzen wir gemeinsam einen kleinen, machbaren Schritt Richtung digitale Unabh\u00e4ngigkeit. F\u00fcr den Mai geht es um das Fediverse, eine offene Alternative zu traditionellen Sozialen Medien wie Facebook, Twitter, Instagram und co.<\/p>\n<p>Der Digitale Unabh\u00e4ngigkeitstag steht f\u00fcr pragmatische Schritte raus aus gro\u00dfen, geschlossenen Plattformen \u2013 ohne Perfektionismus, aber mit Fokus auf alltagstaugliche Alternativen. Und nichts spiegelt den Abschied zu den geschlossenen Plattformen besser wieder als das Fediverse: Ein dezentralisiertes Social Media, ohne Walled Garden und r\u00fccksichtslose Algorithmen. Wir zeigen euch was das Fediverse ist, warum man es nutzen sollte und wie man Teil davon wird.<\/p>\n<p>Wann: 3. Mai 2026 13:00 Uhr<br \/>\nWo: Lindenstra\u00dfe 14, 36037 Fulda<\/p>\n<p>Eintritt kostenfrei<\/p>\n<p>Mit freundlichen Gr\u00fc\u00dfen,<br \/>\nDer CCC Fulda<br \/>\nMagrathea Laboratories e.V.<\/p>\n","protected":false},"excerpt":{"rendered":"<div class=\"tmnf_excerpt\"><p>Einmal im Monat \u2013 am ersten Sonntag \u2013 setzen wir gemeinsam einen kleinen, machbaren Schritt Richtung digitale Unabh\u00e4ngigkeit. F\u00fcr den Mai geht es um das Fediverse, eine offene Alternative zu traditionellen Sozialen Medien wie Facebook, Twitter, Instagram und co. Der Digitale Unabh\u00e4ngigkeitstag steht f\u00fcr pragmatische Schritte raus aus gro\u00dfen, geschlossenen Plattformen \u2013 ohne Perfektionismus, aber &hellip;<\/p>\n<\/div>","protected":false},"author":1,"featured_media":0,"comment_status":"closed","ping_status":"closed","sticky":false,"template":"","format":"standard","meta":{"footnotes":""},"categories":[1],"tags":[],"class_list":["post-185578","post","type-post","status-publish","format-standard","hentry","category-startseite"],"_links":{"self":[{"href":"https:\/\/www.fuldaernachrichten.de\/index.php?rest_route=\/wp\/v2\/posts\/185578","targetHints":{"allow":["GET"]}}],"collection":[{"href":"https:\/\/www.fuldaernachrichten.de\/index.php?rest_route=\/wp\/v2\/posts"}],"about":[{"href":"https:\/\/www.fuldaernachrichten.de\/index.php?rest_route=\/wp\/v2\/types\/post"}],"author":[{"embeddable":true,"href":"https:\/\/www.fuldaernachrichten.de\/index.php?rest_route=\/wp\/v2\/users\/1"}],"replies":[{"embeddable":true,"href":"https:\/\/www.fuldaernachrichten.de\/index.php?rest_route=%2Fwp%2Fv2%2Fcomments&post=185578"}],"version-history":[{"count":1,"href":"https:\/\/www.fuldaernachrichten.de\/index.php?rest_route=\/wp\/v2\/posts\/185578\/revisions"}],"predecessor-version":[{"id":185579,"href":"https:\/\/www.fuldaernachrichten.de\/index.php?rest_route=\/wp\/v2\/posts\/185578\/revisions\/185579"}],"wp:attachment":[{"href":"https:\/\/www.fuldaernachrichten.de\/index.php?rest_route=%2Fwp%2Fv2%2Fmedia&parent=185578"}],"wp:term":[{"taxonomy":"category","embeddable":true,"href":"https:\/\/www.fuldaernachrichten.de\/index.php?rest_route=%2Fwp%2Fv2%2Fcategories&post=185578"},{"taxonomy":"post_tag","embeddable":true,"href":"https:\/\/www.fuldaernachrichten.de\/index.php?rest_route=%2Fwp%2Fv2%2Ftags&post=185578"}],"curies":[{"name":"wp","href":"https:\/\/api.w.org\/{rel}","templated":true}]}}