{"id":185534,"date":"2026-03-02T15:33:07","date_gmt":"2026-03-02T14:33:07","guid":{"rendered":"https:\/\/www.fuldaernachrichten.de\/?p=185534"},"modified":"2026-03-02T15:33:07","modified_gmt":"2026-03-02T14:33:07","slug":"baumesse-hausplus-fulda-waechst-und-ist-ausgebucht","status":"publish","type":"post","link":"https:\/\/www.fuldaernachrichten.de\/?p=185534","title":{"rendered":"Baumesse &#8220;hausplus Fulda&#8221; w\u00e4chst &#8211; und ist ausgebucht"},"content":{"rendered":"<div>Exakt 100 Ausstellungsbetriebe haben sich dieses Jahr angemeldet zur Baumesse &#8220;hausplus Fulda&#8221;. Damit ist die Messe komplett ausgebucht. Vor allem Handwerksbetriebe und Dienstleister aus der Region versammeln sich auf dem Messegel\u00e4nde Fulda-Galerie. Die Messe dauert drei Tage: von Freitag, 20. M\u00e4rz, bis Sonntag, 22. M\u00e4rz. Sie hat an allen drei Tagen von 10 bis 17 Uhr ge\u00f6ffnet.<\/div>\n<div><\/div>\n<div>Die erste &#8220;hausplus Fulda&#8221; war 2024. Seither w\u00e4chst die Messe von Jahr zu Jahr. Auch im dritten Jahr ist der Zuwachs wieder deutlich. Bei den Ausstellern kamen 25 Prozent hinzu, nach 80 im Vorjahr sind es diesmal 100 angemeldete Betriebe. Auch die Ausstellungsfl\u00e4che wird gr\u00f6\u00dfer, hier liegt das Plus bei zehn Prozent. Die Veranstalterin der &#8220;hausplus Fulda&#8221; ist die Ravensburger Veranstaltungsgesellschaft (RVG). Sie l\u00e4sst eigens f\u00fcr die &#8220;hausplus&#8221; eine fast 3000 Quadratmeter gro\u00dfe Leichtbauhalle auf dem Messegel\u00e4nde in Fulda-Galerie errichten.<\/div>\n<div><\/div>\n<div>&#8220;Unsere Halle ist seit einigen Wochen ausgebucht&#8221;, sagt Messechef Stephan Drescher von der RVG. &#8220;Wir hatten noch mehr Anfragen und f\u00fchren derzeit eine Warteliste. Wenn wir f\u00fcr n\u00e4chstes Jahr planen, werden wir die Halle gern erneut vergr\u00f6\u00dfern. Dann k\u00f6nnen wir noch mehr Unternehmen aus der Region die Chance geben, sich auf der Messe einem gro\u00dfen Publikum zu pr\u00e4sentieren.&#8221;<\/div>\n<div><\/div>\n<div><strong>Viele Infos und viel Auswahl rund ums Bauen und Sanieren<\/strong><\/div>\n<div><\/div>\n<div>Wer bauen oder sanieren will, findet auf der &#8220;hausplus&#8221; viele Infos und Angebote. Das gilt auch f\u00fcr alle, die es sich daheim sch\u00f6ner machen wollen, im Wohnbereich oder im Garten. Ob Fenster oder Fertigh\u00e4user, ob Finanzierung oder neue Heizung &#8211; zu den meisten Themen sind mehrere Anbieter pr\u00e4sent. Die Messeg\u00e4ste k\u00f6nnen vergleichen.<\/div>\n<div><\/div>\n<div>Ein gro\u00dfer Themenschwerpunkt: Zum Bereich &#8220;Erneuerbare Energien&#8221; z\u00e4hlt etwa ein F\u00fcnftel der Aussteller. Viele haben W\u00e4rmepumpen am Stand und Infos zu Photovoltaik. Au\u00dferdem geht es darum, den selbst erzeugten Strom in Systeme einzubinden, die Energie-Erzeugung mit Speichern und E-Ladestationen zu kombinieren. Auch rund ums Thema Neubau kann man sich breit informieren. Vorgestellt werden beispielsweise Fertigh\u00e4user, Holzh\u00e4user, Massivh\u00e4user und Selbstbauh\u00e4user. Wer sich f\u00fcr Baustoffe interessiert, findet Infos zu Holz- und Lehmbau oder D\u00e4mmstoffen. K\u00fchlung und Klimatisierung wird immer wichtiger, seitdem die Sommer so hei\u00df werden. Aussteller zeigen auch Dachfenster und Balkongel\u00e4nder, Kamine und Treppen, K\u00fcchen und Raumgestaltung, Infrarot-Kabinen und Schlafsysteme, Insektenschutz und Luftreinigung, Carports, Gartenh\u00e4user und Terrassen-\u00dcberdachungen. Die Stadt Fulda, der Landkreis Fulda, die Kreishandwerkerschaft und die AOK haben eigene St\u00e4nde.<\/div>\n<div><\/div>\n<div><strong>Zahlreiche Fachleute dicht beieinander<\/strong><\/div>\n<div><\/div>\n<div>An den Messest\u00e4nden nimmt man sich Zeit f\u00fcr kompetente Beratung. Und in der Messehalle sind die Wege kurz, sagt Brigitte Schlottig, die Projektleiterin der RVG. &#8220;Bei uns versammeln sich unfassbar viele Themen und Fachleute. Wenn man sich dieselben Infos im Alltag zusammensuchen wollte, w\u00e4re man sehr lange unterwegs und m\u00fcsste kreuz und quer durch die Region.&#8221; Am Messe-Wochenende gen\u00fcgen wenige Stunden, um ein Bau-Projekt voranzubringen &#8211; egal, ob Sanierung oder Neubau, das sagt auch Messechef Drescher.<\/div>\n<div>Noch eine zweite Quelle f\u00fcr Infos bietet die Messe: das Vortrags-Forum. Die Vortr\u00e4ge sind f\u00fcr alle Messeg\u00e4ste gratis. 34 verschiedene Termine wurden an den drei Messetagen im 30-Minuten-Takt hintereinander gepackt, viele aktuelle Themen stehen im Programm. Auf der B\u00fchne des separaten Vortragsraums geben die Experten einander quasi die Klinke in die Hand. Sie sprechen \u00fcber Photovoltaik und W\u00e4rmepumpe, Einbruchschutz und Immobilien-Finanzierung, \u00fcber Sanierungs-Fahrpl\u00e4ne und F\u00f6rdergelder. Handwerker und Fachberater sind mit dabei, Polizei und Energieversorger, au\u00dferdem Banken, Massivhaus-Anbieter und Baustoff-Hersteller.<\/div>\n<div><\/div>\n<div><strong>Viel pers\u00f6nlicher als im Internet<\/strong><\/div>\n<div><\/div>\n<div>Ob Beratung am Messestand, ob Vortrag: Die Messe ist nicht zuletzt eine Chance, einander kennenzulernen, sagt der Messechef. &#8220;Wenn man an einen Stand geht oder einen Vortrag h\u00f6rt, begegnet man oft den Inhabern, den Meistern und Experten der Betriebe. Das ist eine tolle Gelegenheit, an gute Infos zu kommen und auch Vertrauen aufzubauen. Wer baut, gibt ja oft eine Menge Geld aus. Bevor man einen Auftrag erteilt, will man wissen, wem man dieses Geld anvertraut. Auf der Messe kann man miteinander ins Gespr\u00e4ch kommen und sehen, ob man zusammenpasst. Sowas kann das Internet einfach nicht!&#8221;<\/div>\n<div>90 Prozent der aktuellen Aussteller kommen direkt aus der Region, berichtet Projektleiterin Schlottig. 30 der 100 angemeldeten Betriebe sind diesmal neu dabei. &#8220;Einige Aussteller der Vorjahre pausieren diesmal. Sie wollen lieber nur alle zwei Jahre kommen&#8221;, hat sie in Gespr\u00e4chen erfahren. &#8220;Manche brauchen zwei Jahre, um die Auftr\u00e4ge abzuarbeiten. Andere, vor allem kleinere Betriebe b\u00fcndeln ihre Kr\u00e4fte lieber jedes zweite Jahr f\u00fcr einen Messeauftritt.&#8221; Sie freut sich besonders, dass die Stadt Fulda und die Kreishandwerkerschaft als neue Aussteller mit eigenen Messest\u00e4nden hinzu gekommen sind. &#8220;Daran merkt man, dass unsere Messe zu einer anerkannten Institution f\u00fcr die ganze Region wird.&#8221;<\/div>\n<div><\/div>\n<div><strong>Fester Termin und kostenlose Parkpl\u00e4tze in Fulda-Galerie<\/strong><\/div>\n<div><\/div>\n<div>Die &#8220;hausplus&#8221; bleibt auf dem Messegel\u00e4nde Fulda-Galerie. Dorthin war sie im zweiten Jahr umgezogen, nach ihrer Premiere im Esperanto Kultur- und Kongresszentrum. &#8220;Fulda-Galerie passt zu uns. Dort k\u00f6nnen wir stetig wachsen und sind immer flexibel mit der Hallengr\u00f6\u00dfe&#8221;, sagt Messechef Stephan Drescher von der Ravensburger Veranstaltungsgesellschaft (RVG). &#8220;Was fast noch wichtiger ist: In Fulda-Galerie haben wir uns \u00fcber Jahre hinweg unseren festen Messe-Termin sichern k\u00f6nnen, immer im M\u00e4rz. So ein fester Termin ist richtig wertvoll, f\u00fcr alle Beteiligten. F\u00fcr die Betriebe in der Region, weil sie dank des festen Termins mit der Messe ihre Jahresplanung machen k\u00f6nnen. Und ebenso auch f\u00fcr die Menschen in der Region. Wer ein Bauprojekt vor sich hat, wei\u00df nun genau: Jedes Jahr im M\u00e4rz kann ich ein Wochenende lang viele Anbieter geb\u00fcndelt an einem Ort antreffen.&#8221; Ein weiteres Plus f\u00fcr den Standort: Auf dem Gel\u00e4nde gibt es kostenlose Parkpl\u00e4tze. Die sind bei den Messeg\u00e4sten ebenso beliebt wie bei den Ausstellungsbetrieben.<\/div>\n<div><\/div>\n<div><img fetchpriority=\"high\" decoding=\"async\" class=\"size-medium wp-image-185535 alignleft\" src=\"https:\/\/www.fuldaernachrichten.de\/wp-content\/uploads\/2026\/03\/RVG-Hausplus-Fulda-2025-2_Foto-Marzena-Seidel-1-300x199.jpg\" alt=\"\" width=\"300\" height=\"199\" srcset=\"https:\/\/www.fuldaernachrichten.de\/wp-content\/uploads\/2026\/03\/RVG-Hausplus-Fulda-2025-2_Foto-Marzena-Seidel-1-300x199.jpg 300w, https:\/\/www.fuldaernachrichten.de\/wp-content\/uploads\/2026\/03\/RVG-Hausplus-Fulda-2025-2_Foto-Marzena-Seidel-1-1024x680.jpg 1024w, https:\/\/www.fuldaernachrichten.de\/wp-content\/uploads\/2026\/03\/RVG-Hausplus-Fulda-2025-2_Foto-Marzena-Seidel-1-768x510.jpg 768w, https:\/\/www.fuldaernachrichten.de\/wp-content\/uploads\/2026\/03\/RVG-Hausplus-Fulda-2025-2_Foto-Marzena-Seidel-1-1536x1021.jpg 1536w, https:\/\/www.fuldaernachrichten.de\/wp-content\/uploads\/2026\/03\/RVG-Hausplus-Fulda-2025-2_Foto-Marzena-Seidel-1-2048x1361.jpg 2048w, https:\/\/www.fuldaernachrichten.de\/wp-content\/uploads\/2026\/03\/RVG-Hausplus-Fulda-2025-2_Foto-Marzena-Seidel-1-463x308.jpg 463w\" sizes=\"(max-width: 300px) 100vw, 300px\" \/>Infos zur &#8220;hausplus Fulda 2026&#8221;:<\/div>\n<div>Die &#8220;hausplus Fulda 2026&#8221; dauert von Freitag, 20. M\u00e4rz, bis Sonntag, 22. M\u00e4rz. Sie ist t\u00e4glich von 10 bis 17 Uhr ge\u00f6ffnet.<\/div>\n<div><\/div>\n<div>Tickets f\u00fcr Erwachsene kosten 9 Euro. Kinder und Jugendliche bis zum 18. Geburtstag haben freien Eintritt. Das Zwei-Tages-Ticket erh\u00e4lt man f\u00fcr 12 Euro.<\/div>\n<div><\/div>\n<div>Tickets, Infos zur Messe, zu Ausstellern und Vortr\u00e4gen gibt es auf der Internetseite der Messe: <a href=\"http:\/\/www.hausplus-fulda.de\" target=\"_blank\" rel=\"noopener\">www.hausplus-fulda.de<\/a>.<\/div>\n","protected":false},"excerpt":{"rendered":"<div class=\"tmnf_excerpt\"><p>Exakt 100 Ausstellungsbetriebe haben sich dieses Jahr angemeldet zur Baumesse &#8220;hausplus Fulda&#8221;. Damit ist die Messe komplett ausgebucht. Vor allem Handwerksbetriebe und Dienstleister aus der Region versammeln sich auf dem Messegel\u00e4nde Fulda-Galerie. Die Messe dauert drei Tage: von Freitag, 20. M\u00e4rz, bis Sonntag, 22. M\u00e4rz. Sie hat an allen drei Tagen von 10 bis 17 &hellip;<\/p>\n<\/div>","protected":false},"author":1,"featured_media":185536,"comment_status":"closed","ping_status":"closed","sticky":false,"template":"","format":"standard","meta":{"footnotes":""},"categories":[1],"tags":[],"class_list":["post-185534","post","type-post","status-publish","format-standard","has-post-thumbnail","hentry","category-startseite"],"_links":{"self":[{"href":"https:\/\/www.fuldaernachrichten.de\/index.php?rest_route=\/wp\/v2\/posts\/185534","targetHints":{"allow":["GET"]}}],"collection":[{"href":"https:\/\/www.fuldaernachrichten.de\/index.php?rest_route=\/wp\/v2\/posts"}],"about":[{"href":"https:\/\/www.fuldaernachrichten.de\/index.php?rest_route=\/wp\/v2\/types\/post"}],"author":[{"embeddable":true,"href":"https:\/\/www.fuldaernachrichten.de\/index.php?rest_route=\/wp\/v2\/users\/1"}],"replies":[{"embeddable":true,"href":"https:\/\/www.fuldaernachrichten.de\/index.php?rest_route=%2Fwp%2Fv2%2Fcomments&post=185534"}],"version-history":[{"count":1,"href":"https:\/\/www.fuldaernachrichten.de\/index.php?rest_route=\/wp\/v2\/posts\/185534\/revisions"}],"predecessor-version":[{"id":185537,"href":"https:\/\/www.fuldaernachrichten.de\/index.php?rest_route=\/wp\/v2\/posts\/185534\/revisions\/185537"}],"wp:featuredmedia":[{"embeddable":true,"href":"https:\/\/www.fuldaernachrichten.de\/index.php?rest_route=\/wp\/v2\/media\/185536"}],"wp:attachment":[{"href":"https:\/\/www.fuldaernachrichten.de\/index.php?rest_route=%2Fwp%2Fv2%2Fmedia&parent=185534"}],"wp:term":[{"taxonomy":"category","embeddable":true,"href":"https:\/\/www.fuldaernachrichten.de\/index.php?rest_route=%2Fwp%2Fv2%2Fcategories&post=185534"},{"taxonomy":"post_tag","embeddable":true,"href":"https:\/\/www.fuldaernachrichten.de\/index.php?rest_route=%2Fwp%2Fv2%2Ftags&post=185534"}],"curies":[{"name":"wp","href":"https:\/\/api.w.org\/{rel}","templated":true}]}}