{"id":1855,"date":"2007-02-26T00:08:22","date_gmt":"2007-02-25T23:08:22","guid":{"rendered":"http:\/\/www.schoene-nachrichten.de\/?p=1855"},"modified":"2008-12-15T13:13:00","modified_gmt":"2008-12-15T12:13:00","slug":"jenseits-des-mainstreams-edag-praesentiert-concept-car-luv","status":"publish","type":"post","link":"https:\/\/www.fuldaernachrichten.de\/?p=1855","title":{"rendered":"Jenseits des Mainstreams: EDAG pr\u00e4sentiert Concept Car &#8220;LUV&#8221;"},"content":{"rendered":"<p><strong>Sch\u00f6nes aus Fulda.<\/strong> Wenn in der n\u00e4chsten Woche der Genfer Autosalon seine Pforten \u00f6ffnet, dann\u00c2\u00a0hei\u00dft es \u201eLeinen Los\u201c f\u00fcr das neue Concept Car der EDAG Engineering + Design AG. Der \u201eEDAG LUV\u201c pr\u00e4sentiert sich n\u00e4mlich vom Bug bis zum Heck im maritimen Look. Er wurde von den Designern und Ingenieuren als Nischenfahrzeug konzipiert und soll Kunden ansprechen, die das Besondere sch\u00e4tzen.<\/p>\n<p><strong>Sehen Sie hier die ersten kurzen Videosequenzen vom EDAG-LUV:<\/strong> <a target=\"_blank\" href=\"http:\/\/www.schoene-nachrichten.de\/wp-content\/uploads\/2007\/02\/070224_luv.wmv\">Video EDAG-LUV<\/a><\/p>\n<p><strong>Fotos und Video:<\/strong> Max Colin Heydeneich<\/p>\n<p><a target=\"_blank\" href=\"http:\/\/www.schoene-nachrichten.de\/wp-content\/uploads\/2007\/02\/070223_edag_14.jpg\" title=\"Fotos und Video: Max Colin Heydeneich\"><img decoding=\"async\" src=\"http:\/\/www.schoene-nachrichten.de\/wp-content\/uploads\/2007\/02\/070223_edag_14.thumbnail.jpg\" alt=\"070223_edag_14.jpg\" \/><\/a>\u00c2\u00a0<a target=\"_blank\" href=\"http:\/\/www.schoene-nachrichten.de\/wp-content\/uploads\/2007\/02\/070223_edag_16.jpg\" title=\"Fotos und Video: Max Colin Heydeneich\"><img decoding=\"async\" src=\"http:\/\/www.schoene-nachrichten.de\/wp-content\/uploads\/2007\/02\/070223_edag_16.thumbnail.jpg\" alt=\"070223_edag_16.jpg\" \/><\/a>\u00c2\u00a0<a target=\"_blank\" href=\"http:\/\/www.schoene-nachrichten.de\/wp-content\/uploads\/2007\/02\/070223_edag_15.jpg\" title=\"Fotos und Video: Max Colin Heydeneich\"><img decoding=\"async\" src=\"http:\/\/www.schoene-nachrichten.de\/wp-content\/uploads\/2007\/02\/070223_edag_15.thumbnail.jpg\" alt=\"070223_edag_15.jpg\" \/><\/a><!--more--><\/p>\n<p>Der LUV\u00c2\u00a0&#8211; Luxury Utility Vehicle &#8211; hat imposante Ma\u00dfe: 5,70 Meter lang, 2 Meter breit, 1,80 Meter hoch.\u00c2\u00a0\u00c2\u00a0Auf der Motorhaube, im Innenraum und auf der\u00c2\u00a0Ladefl\u00e4che, auf der man auch praktische Verzurrhilfen findet,\u00c2\u00a0wurde ge\u00f6ltes Teakholz eingebaut.\u00c2\u00a0<\/p>\n<p>F\u00fcr die Ausf\u00fchrung der edlen Lederarbeiten im Interieur, f\u00fcr das Motortuning und f\u00fcr die R\u00e4deraustattung des &#8220;LUV&#8221; wurden die EDAG Ingenieure und Designer von den Spezialisten des renommierten Autoveredlers BRABUS unterst\u00fctzt.<\/p>\n<p>Das Projekt wurde nach Unternehmensangaben in nur drei Monaten realisiert und ist f\u00fcr eine Umsetzung in eine Premium Edition bereit.<\/p>\n<p><a href=\"http:\/\/www.schoene-nachrichten.de\/wp-content\/uploads\/2007\/02\/070223_kewog_3.jpg\" title=\"070223_kewog_3.jpg\"><\/a><a href=\"http:\/\/www.schoene-nachrichten.de\/wp-content\/uploads\/2007\/02\/070223_kewog_2.jpg\" title=\"070223_kewog_2.jpg\"><\/a><img decoding=\"async\" src=\"http:\/\/www.schoene-nachrichten.de\/wp-content\/uploads\/2007\/02\/x_sponsor.gif\" alt=\"x_sponsor.gif\" \/>[local \/wp-content\/uploads\/2007\/02\/070224_luv.wmv]<\/p>\n","protected":false},"excerpt":{"rendered":"<div class=\"tmnf_excerpt\"><p>Sch\u00f6nes aus Fulda. Wenn in der n\u00e4chsten Woche der Genfer Autosalon seine Pforten \u00f6ffnet, dann\u00c2\u00a0hei\u00dft es \u201eLeinen Los\u201c f\u00fcr das neue Concept Car der EDAG Engineering + Design AG. Der \u201eEDAG LUV\u201c pr\u00e4sentiert sich n\u00e4mlich vom Bug bis zum Heck im maritimen Look. Er wurde von den Designern und Ingenieuren als Nischenfahrzeug konzipiert und soll &hellip;<\/p>\n<\/div>","protected":false},"author":1,"featured_media":0,"comment_status":"closed","ping_status":"closed","sticky":false,"template":"","format":"standard","meta":{"footnotes":""},"categories":[1,35,79],"tags":[],"class_list":["post-1855","post","type-post","status-publish","format-standard","hentry","category-startseite","category-auto","category-kino"],"_links":{"self":[{"href":"https:\/\/www.fuldaernachrichten.de\/index.php?rest_route=\/wp\/v2\/posts\/1855","targetHints":{"allow":["GET"]}}],"collection":[{"href":"https:\/\/www.fuldaernachrichten.de\/index.php?rest_route=\/wp\/v2\/posts"}],"about":[{"href":"https:\/\/www.fuldaernachrichten.de\/index.php?rest_route=\/wp\/v2\/types\/post"}],"author":[{"embeddable":true,"href":"https:\/\/www.fuldaernachrichten.de\/index.php?rest_route=\/wp\/v2\/users\/1"}],"replies":[{"embeddable":true,"href":"https:\/\/www.fuldaernachrichten.de\/index.php?rest_route=%2Fwp%2Fv2%2Fcomments&post=1855"}],"version-history":[{"count":1,"href":"https:\/\/www.fuldaernachrichten.de\/index.php?rest_route=\/wp\/v2\/posts\/1855\/revisions"}],"predecessor-version":[{"id":17401,"href":"https:\/\/www.fuldaernachrichten.de\/index.php?rest_route=\/wp\/v2\/posts\/1855\/revisions\/17401"}],"wp:attachment":[{"href":"https:\/\/www.fuldaernachrichten.de\/index.php?rest_route=%2Fwp%2Fv2%2Fmedia&parent=1855"}],"wp:term":[{"taxonomy":"category","embeddable":true,"href":"https:\/\/www.fuldaernachrichten.de\/index.php?rest_route=%2Fwp%2Fv2%2Fcategories&post=1855"},{"taxonomy":"post_tag","embeddable":true,"href":"https:\/\/www.fuldaernachrichten.de\/index.php?rest_route=%2Fwp%2Fv2%2Ftags&post=1855"}],"curies":[{"name":"wp","href":"https:\/\/api.w.org\/{rel}","templated":true}]}}