{"id":185314,"date":"2023-09-27T11:51:04","date_gmt":"2023-09-27T09:51:04","guid":{"rendered":"https:\/\/www.fuldaer-nachrichten.de\/?p=185314"},"modified":"2023-09-27T11:51:04","modified_gmt":"2023-09-27T09:51:04","slug":"spd-ortsvereine-bilden-nach-fusion-den-neuen-ortsverein-flieden-rueckers-und-waehlen-neuen-gesamtvorstand","status":"publish","type":"post","link":"https:\/\/www.fuldaernachrichten.de\/?p=185314","title":{"rendered":"SPD-Ortsvereine bilden nach Fusion den neuen Ortsverein  Flieden &#038; R\u00fcckers und w\u00e4hlen neuen Gesamtvorstand"},"content":{"rendered":"<p>In einer gemeinsamen Mitgliederversammlung der beiden noch selbstst\u00e4ndigen SPD &#8211; Ortsvereine Flieden und R\u00fcckers haben sich die Mitglieder einstimmig daf\u00fcr ausgesprochen, die beiden Parteigliederungen ab 01.01.2024 zusammen zu legen und auf dem Gebiet der politischen Gro\u00dfgemeinde Flieden nach der beschlossenen Fusion k\u00fcnftig als ein Ortsverein mit dem neuen Namen Flieden &amp; R\u00fcckers gemeinsam zu agieren. Dadurch wird die seit Jahrzehnten ge\u00fcbte Praxis lediglich manifestiert, da man f\u00fcr Kommunalwahlen ohnehin immer schon gemeinsame Kandidatenlisten aufgestellt hat.<br \/>\nAndererseits d\u00fcrften beide ehemals eigenst\u00e4ndigen Ortsvereine mit nur noch einem Vorstandsgremium effektiver arbeiten k\u00f6nnen.<\/p>\n<p>Nach Er\u00f6ffnung und Gru\u00dfworten durch Unterbezirksvorsitzende und Landtagskandidatin Birgit K\u00f6mpel sowie den Landratskandidaten Andreas Maraun \u00fcbernahm UB &#8211; Gesch\u00e4ftsf\u00fchrer Jochen Hammerschick die Aufgabe der Versammlungsleitung und die Funktion des Wahlleiters.<\/p>\n<p>Die Vorstandswahlen ergaben durchweg einstimmige Beschl\u00fcsse und brachten folgende Ergebnisse:<br \/>\nAls gleichberechtigte Vorstands &#8211; Doppelspitze fungieren k\u00fcnftig der ehemalige Fliedener B\u00fcrgermeister Winfried Kre\u00df und der jetzige Vizeb\u00fcrgermeister Horst Vormwald. Ihnen zur Seite stehen als stellvertretende Vorsitze der R\u00fcckerser Ortsvorsteher Roland Besel und Stefan Schaub w\u00e4hrend Gabriele Heil und Alfred Selent als Kassiererin und stellvertretender Kassierer k\u00fcnftig f\u00fcr die Finanzen des Vereins zust\u00e4ndig sind, \u00fcbernehmen die Aufgaben der Schriftf\u00fchrung Dirk Leitschuh und dessen Stellvertreterin Gerlinde Hartmann. Als Beisitzerinnen bzw. Beisitzer wurden schlie\u00dflich noch Elisabeth Eckhardt, Renata Schirmer und Gerhard Fuchs gew\u00e4hlt.<\/p>\n<p>Der neue Vorsitzende Kre\u00df bedankte sich anschlie\u00dfend f\u00fcr das entgegengebrachte Vertrauen und f\u00fcr die tatkr\u00e4ftige Hilfe durch den Unterbezirksvorstand\u00c2\u00a0 bei den Neuwahlen und der Ausrichtung des anschlie\u00dfenden Familienfestes. Als Schwerpunkte der kommenden Arbeit bezeichnete er die am 25.Februar n\u00e4chsten Jahres stattfindenden\u00c2\u00a0 B\u00fcrgermeisterwahlen und die Vorbereitung der n\u00e4chsten Kommunalwahlen. Anschlie\u00dfend war bei Kaffee und Kuchen sowie Grillgerichten reichlich Gelegenheit f\u00fcr interessante Gespr\u00e4che und Begegnungen.<\/p>\n<p>So klang der Nachmittag bei herrlichem Sp\u00e4tsommerwetter und umrahmt von einigen akustischen Vorf\u00fchrungen durch das nebenan im Spielmannszugpavillon stattfindende Musikprogramm aus.<\/p>\n","protected":false},"excerpt":{"rendered":"<div class=\"tmnf_excerpt\"><p>In einer gemeinsamen Mitgliederversammlung der beiden noch selbstst\u00e4ndigen SPD &#8211; Ortsvereine Flieden und R\u00fcckers haben sich die Mitglieder einstimmig daf\u00fcr ausgesprochen, die beiden Parteigliederungen ab 01.01.2024 zusammen zu legen und auf dem Gebiet der politischen Gro\u00dfgemeinde Flieden nach der beschlossenen Fusion k\u00fcnftig als ein Ortsverein mit dem neuen Namen Flieden &amp; R\u00fcckers gemeinsam zu agieren. &hellip;<\/p>\n<\/div>","protected":false},"author":1,"featured_media":185315,"comment_status":"closed","ping_status":"closed","sticky":false,"template":"","format":"standard","meta":{"footnotes":""},"categories":[1],"tags":[],"class_list":["post-185314","post","type-post","status-publish","format-standard","has-post-thumbnail","hentry","category-startseite"],"_links":{"self":[{"href":"https:\/\/www.fuldaernachrichten.de\/index.php?rest_route=\/wp\/v2\/posts\/185314","targetHints":{"allow":["GET"]}}],"collection":[{"href":"https:\/\/www.fuldaernachrichten.de\/index.php?rest_route=\/wp\/v2\/posts"}],"about":[{"href":"https:\/\/www.fuldaernachrichten.de\/index.php?rest_route=\/wp\/v2\/types\/post"}],"author":[{"embeddable":true,"href":"https:\/\/www.fuldaernachrichten.de\/index.php?rest_route=\/wp\/v2\/users\/1"}],"replies":[{"embeddable":true,"href":"https:\/\/www.fuldaernachrichten.de\/index.php?rest_route=%2Fwp%2Fv2%2Fcomments&post=185314"}],"version-history":[{"count":1,"href":"https:\/\/www.fuldaernachrichten.de\/index.php?rest_route=\/wp\/v2\/posts\/185314\/revisions"}],"predecessor-version":[{"id":185316,"href":"https:\/\/www.fuldaernachrichten.de\/index.php?rest_route=\/wp\/v2\/posts\/185314\/revisions\/185316"}],"wp:featuredmedia":[{"embeddable":true,"href":"https:\/\/www.fuldaernachrichten.de\/index.php?rest_route=\/wp\/v2\/media\/185315"}],"wp:attachment":[{"href":"https:\/\/www.fuldaernachrichten.de\/index.php?rest_route=%2Fwp%2Fv2%2Fmedia&parent=185314"}],"wp:term":[{"taxonomy":"category","embeddable":true,"href":"https:\/\/www.fuldaernachrichten.de\/index.php?rest_route=%2Fwp%2Fv2%2Fcategories&post=185314"},{"taxonomy":"post_tag","embeddable":true,"href":"https:\/\/www.fuldaernachrichten.de\/index.php?rest_route=%2Fwp%2Fv2%2Ftags&post=185314"}],"curies":[{"name":"wp","href":"https:\/\/api.w.org\/{rel}","templated":true}]}}