{"id":185189,"date":"2022-09-08T10:11:53","date_gmt":"2022-09-08T08:11:53","guid":{"rendered":"https:\/\/www.fuldaer-nachrichten.de\/?p=185189"},"modified":"2022-09-08T10:11:53","modified_gmt":"2022-09-08T08:11:53","slug":"ausbildungsstart-bei-der-metzgerei-robert-mueller","status":"publish","type":"post","link":"https:\/\/www.fuldaernachrichten.de\/?p=185189","title":{"rendered":"Ausbildungsstart bei der Metzgerei Robert M\u00fcller"},"content":{"rendered":"<p>Vier junge Menschen starteten am 01. August\/01. September bei der Unternehmensgruppe Robert M\u00fcller ihre Ausbildung. Timo Nowotny zum Industriekaufmann, Philipp Pfeiffer zum Kaufmann f\u00fcr Gro\u00df- und Au\u00dfenhandelsmanagement sowie Jeff Junior Asonguem Natido zum Fleischer. Zudem wurde ein neuer FOS-Praktikant, Moritz Bagus, im Team begr\u00fc\u00dft. Man freut sich, den Azubis eine sichere Ausbildung zu garantieren.<\/p>\n<p>\u201eWir hei\u00dfen alle neuen Auszubildenden mit all ihren unterschiedlichen Interessen und Erfahrungen herzlich willkommen und freuen uns, mit ihnen die Zukunft des Unternehmens weiter voranzubringen. Wir w\u00fcnschen allen eine spannende und erfolgreiche Zeit.\u201c, Peter Schmitt (Gesch\u00e4ftsf\u00fchrer der Metzgerei Robert M\u00fcller).<\/p>\n<p>Besonders in der Produktion ist die Freude gro\u00df \u00fcber den neuen Auszubildenden. Um die hohen Anspr\u00fcche an die Qualit\u00e4t beibehalten zu k\u00f6nnen, sind die Nachwuchskr\u00e4fte von besonderer Bedeutung. Man ist stolz, dass ein Auszubildender, nach erfolgreich bestandener Gesellenpr\u00fcfung diesen Jahres, in ein unbefristetes Arbeitsverh\u00e4ltnis als Fleischer \u00fcbernommen werden konnte und zuversichtlich, zuk\u00fcnftig weitere junge Menschen f\u00fcr einen traditionellen Beruf in Kombination mit modernster Technik begeistern zu k\u00f6nnen.<\/p>\n<p><strong>F\u00fcr alle zuk\u00fcnftigen Bewerber und Interessenten stehen die Ansprechpartner der Metzgerei Robert M\u00fcller am 9. und 10. September auf der Bildungsmesse (Kongresszentrum Fulda, Stand Nr. 8) bereit und beantworten gerne alle Fragen rund um das Thema Ausbildung und Karriere.<\/strong><\/p>\n<p>Weitere Informationen zu unseren Ausbildungsberufen unter\u00c2\u00a0<a href=\"http:\/\/www.metzgerei-robert-mueller.de\/karriere\/ausbildung\/\">www.metzgerei-robert-mueller.de\/karriere\/ausbildung\/<\/a>.<\/p>\n","protected":false},"excerpt":{"rendered":"<div class=\"tmnf_excerpt\"><p>Vier junge Menschen starteten am 01. August\/01. September bei der Unternehmensgruppe Robert M\u00fcller ihre Ausbildung. Timo Nowotny zum Industriekaufmann, Philipp Pfeiffer zum Kaufmann f\u00fcr Gro\u00df- und Au\u00dfenhandelsmanagement sowie Jeff Junior Asonguem Natido zum Fleischer. Zudem wurde ein neuer FOS-Praktikant, Moritz Bagus, im Team begr\u00fc\u00dft. Man freut sich, den Azubis eine sichere Ausbildung zu garantieren. \u201eWir &hellip;<\/p>\n<\/div>","protected":false},"author":1,"featured_media":185190,"comment_status":"closed","ping_status":"closed","sticky":false,"template":"","format":"standard","meta":{"footnotes":""},"categories":[1],"tags":[],"class_list":["post-185189","post","type-post","status-publish","format-standard","has-post-thumbnail","hentry","category-startseite"],"_links":{"self":[{"href":"https:\/\/www.fuldaernachrichten.de\/index.php?rest_route=\/wp\/v2\/posts\/185189","targetHints":{"allow":["GET"]}}],"collection":[{"href":"https:\/\/www.fuldaernachrichten.de\/index.php?rest_route=\/wp\/v2\/posts"}],"about":[{"href":"https:\/\/www.fuldaernachrichten.de\/index.php?rest_route=\/wp\/v2\/types\/post"}],"author":[{"embeddable":true,"href":"https:\/\/www.fuldaernachrichten.de\/index.php?rest_route=\/wp\/v2\/users\/1"}],"replies":[{"embeddable":true,"href":"https:\/\/www.fuldaernachrichten.de\/index.php?rest_route=%2Fwp%2Fv2%2Fcomments&post=185189"}],"version-history":[{"count":1,"href":"https:\/\/www.fuldaernachrichten.de\/index.php?rest_route=\/wp\/v2\/posts\/185189\/revisions"}],"predecessor-version":[{"id":185191,"href":"https:\/\/www.fuldaernachrichten.de\/index.php?rest_route=\/wp\/v2\/posts\/185189\/revisions\/185191"}],"wp:featuredmedia":[{"embeddable":true,"href":"https:\/\/www.fuldaernachrichten.de\/index.php?rest_route=\/wp\/v2\/media\/185190"}],"wp:attachment":[{"href":"https:\/\/www.fuldaernachrichten.de\/index.php?rest_route=%2Fwp%2Fv2%2Fmedia&parent=185189"}],"wp:term":[{"taxonomy":"category","embeddable":true,"href":"https:\/\/www.fuldaernachrichten.de\/index.php?rest_route=%2Fwp%2Fv2%2Fcategories&post=185189"},{"taxonomy":"post_tag","embeddable":true,"href":"https:\/\/www.fuldaernachrichten.de\/index.php?rest_route=%2Fwp%2Fv2%2Ftags&post=185189"}],"curies":[{"name":"wp","href":"https:\/\/api.w.org\/{rel}","templated":true}]}}