{"id":18513,"date":"2009-01-01T11:27:14","date_gmt":"2009-01-01T10:27:14","guid":{"rendered":"http:\/\/www.schoene-nachrichten.de\/?p=18513"},"modified":"2009-01-01T11:33:13","modified_gmt":"2009-01-01T10:33:13","slug":"zentrale-holzhackschnitzel-heizanlage-in-betrieb","status":"publish","type":"post","link":"https:\/\/www.fuldaernachrichten.de\/?p=18513","title":{"rendered":"Zentrale Holzhackschnitzel-Heizanlage in Betrieb"},"content":{"rendered":"<p><a title=\"Foto: Max Colin Heydenreich\" rel=\"lightbox[roadtrip]\" href=\"http:\/\/www.schoene-nachrichten.de\/wp-content\/uploads\/2008\/11\/081105_Heizung_036.jpg\" target=\"_blank\"><img decoding=\"async\" src=\"http:\/\/www.schoene-nachrichten.de\/wp-content\/uploads\/2008\/11\/081105_Heizung_036.jpg\" alt=\"081105_Heizung_036.jpg\" width=\"560\" \/><\/a><\/p>\n<p><strong>Hofbieber.<\/strong> Nach rund siebenmonatiger Bauzeit hat die neue zentrale Holzhackschnitzel-Heizanlage in Hofbieber ihren Betrieb aufgenommen. Die Planung der Anlage hatte das \u00dcWAG-Tochterunternehmen SynEnergie GmbH aus Fulda \u00fcbernommen. Landrat Bernd Woide betonte, dass die bei der Kreisverwaltung vor fast zwei Jahren eingerichtete Koordinierungsstelle f\u00fcr die energetische Nutzung von Biomasse auch in Gestalt der Holzhackschnitzel-Heizanlage Hofbieber Fr\u00fcchte trage.<\/p>\n<p><strong>Fotos (6):<\/strong> Max Colin Heydenreich<\/p>\n<p><a title=\"Foto: Max Colin Heydenreich\" rel=\"lightbox[roadtrip]\" href=\"http:\/\/www.schoene-nachrichten.de\/wp-content\/uploads\/2008\/11\/081105_Heizung_018.jpg\" target=\"_blank\"><img decoding=\"async\" src=\"http:\/\/www.schoene-nachrichten.de\/wp-content\/uploads\/2008\/11\/081105_Heizung_018.thumbnail.jpg\" alt=\"081105_Heizung_018.jpg\" width=\"128\" \/><\/a> <a title=\"Foto: Max Colin Heydenreich\" rel=\"lightbox[roadtrip]\" href=\"http:\/\/www.schoene-nachrichten.de\/wp-content\/uploads\/2008\/11\/081105_Heizung_021.jpg\" target=\"_blank\"><img decoding=\"async\" src=\"http:\/\/www.schoene-nachrichten.de\/wp-content\/uploads\/2008\/11\/081105_Heizung_021.thumbnail.jpg\" alt=\"081105_Heizung_021.jpg\" width=\"128\" \/><\/a> <a title=\"Foto: Max Colin Heydenreich\" rel=\"lightbox[roadtrip]\" href=\"http:\/\/www.schoene-nachrichten.de\/wp-content\/uploads\/2008\/11\/081105_Heizung_028.jpg\" target=\"_blank\"><img decoding=\"async\" src=\"http:\/\/www.schoene-nachrichten.de\/wp-content\/uploads\/2008\/11\/081105_Heizung_028.thumbnail.jpg\" alt=\"081105_Heizung_028.jpg\" width=\"128\" \/><\/a><\/p>\n<p><a title=\"Foto: Max Colin Heydenreich\" rel=\"lightbox[roadtrip]\" href=\"http:\/\/www.schoene-nachrichten.de\/wp-content\/uploads\/2008\/11\/081105_Heizung_037.jpg\" target=\"_blank\"><img decoding=\"async\" src=\"http:\/\/www.schoene-nachrichten.de\/wp-content\/uploads\/2008\/11\/081105_Heizung_037.thumbnail.jpg\" alt=\"081105_Heizung_037.jpg\" width=\"128\" \/><\/a> <a title=\"Foto: Max Colin Heydenreich\" rel=\"lightbox[roadtrip]\" href=\"http:\/\/www.schoene-nachrichten.de\/wp-content\/uploads\/2008\/11\/081105_Heizung_035.jpg\" target=\"_blank\"><img decoding=\"async\" src=\"http:\/\/www.schoene-nachrichten.de\/wp-content\/uploads\/2008\/11\/081105_Heizung_035.thumbnail.jpg\" alt=\"081105_Heizung_035.jpg\" width=\"128\" \/><\/a> <a title=\"Foto: Max Colin Heydenreich\" rel=\"lightbox[roadtrip]\" href=\"http:\/\/www.schoene-nachrichten.de\/wp-content\/uploads\/2008\/11\/081105_Heizung_038.jpg\" target=\"_blank\"><img decoding=\"async\" src=\"http:\/\/www.schoene-nachrichten.de\/wp-content\/uploads\/2008\/11\/081105_Heizung_038.thumbnail.jpg\" alt=\"081105_Heizung_038.jpg\" width=\"128\" \/><\/a><\/p>\n<p><a title=\"Foto: Max Colin Heydenreich\" rel=\"lightbox[roadtrip]\" href=\"http:\/\/www.schoene-nachrichten.de\/wp-content\/uploads\/2008\/11\/081105_Heizung_021.jpg\" target=\"_blank\"> <\/a><!--more--><\/p>\n<p><strong>Umsetzung der Theorie in die Praxis gelungen<\/strong><\/p>\n<p>Der Landkreis wolle in seiner Funktion als Schultr\u00e4ger ein Zeichen setzen, dass theoretische Konzepte in der Praxis umsetzbar seien, um die Nutzung regenerativer Energien weiter voranzutreiben. Auf rund 340 000 Kilogramm j\u00e4hrlich \u2013 verglichen mit einer Anlage auf fossiler Basis \u2013 wird die erwartete Kohlendioxid-Ersparnis gesch\u00e4tzt. Rund 440 Tonnen Hackschnitzel aus Landschaftspflege-Holz des Wasser- und Bodenverbands Fulda werden j\u00e4hrlich im zentralen Heizhaus in der N\u00e4he des Hofbieberer Bauhofs verfeuert. \u00dcber ein 900 Meter langes Nahw\u00e4rmenetz gelangt die erzeugte W\u00e4rme zur Biebertalschule, dem Gemeindezentrum sowie verschiedenen kommunalen und privaten Geb\u00e4uden. Zuk\u00fcnftig soll au\u00dferdem der Neubau der Kreissporthalle angeschlossen werden. Mit einem zus\u00e4tzlichen Heizkessel sorgt die SynEnergie f\u00fcr ein H\u00f6chstma\u00df an Versorgungssicherheit. Der Kessel kann zur Entlastung zugeschaltet werden und bei Bedarf auch alleine die W\u00e4rmeversorgung \u00fcbernehmen. Die Gesamtinvestitionskosten f\u00fcr die Anlage betrugen rund 865 000 Euro, wobei sich das Land Hessen mit einer F\u00f6rderung von 177 600 Euro beteiligt hat.<\/p>\n","protected":false},"excerpt":{"rendered":"<div class=\"tmnf_excerpt\"><p>Hofbieber. Nach rund siebenmonatiger Bauzeit hat die neue zentrale Holzhackschnitzel-Heizanlage in Hofbieber ihren Betrieb aufgenommen. Die Planung der Anlage hatte das \u00dcWAG-Tochterunternehmen SynEnergie GmbH aus Fulda \u00fcbernommen. Landrat Bernd Woide betonte, dass die bei der Kreisverwaltung vor fast zwei Jahren eingerichtete Koordinierungsstelle f\u00fcr die energetische Nutzung von Biomasse auch in Gestalt der Holzhackschnitzel-Heizanlage Hofbieber Fr\u00fcchte &hellip;<\/p>\n<\/div>","protected":false},"author":1,"featured_media":0,"comment_status":"closed","ping_status":"closed","sticky":false,"template":"","format":"standard","meta":{"footnotes":""},"categories":[1,78,48],"tags":[],"class_list":["post-18513","post","type-post","status-publish","format-standard","hentry","category-startseite","category-topthema","category-forschung"],"_links":{"self":[{"href":"https:\/\/www.fuldaernachrichten.de\/index.php?rest_route=\/wp\/v2\/posts\/18513","targetHints":{"allow":["GET"]}}],"collection":[{"href":"https:\/\/www.fuldaernachrichten.de\/index.php?rest_route=\/wp\/v2\/posts"}],"about":[{"href":"https:\/\/www.fuldaernachrichten.de\/index.php?rest_route=\/wp\/v2\/types\/post"}],"author":[{"embeddable":true,"href":"https:\/\/www.fuldaernachrichten.de\/index.php?rest_route=\/wp\/v2\/users\/1"}],"replies":[{"embeddable":true,"href":"https:\/\/www.fuldaernachrichten.de\/index.php?rest_route=%2Fwp%2Fv2%2Fcomments&post=18513"}],"version-history":[{"count":5,"href":"https:\/\/www.fuldaernachrichten.de\/index.php?rest_route=\/wp\/v2\/posts\/18513\/revisions"}],"predecessor-version":[{"id":18557,"href":"https:\/\/www.fuldaernachrichten.de\/index.php?rest_route=\/wp\/v2\/posts\/18513\/revisions\/18557"}],"wp:attachment":[{"href":"https:\/\/www.fuldaernachrichten.de\/index.php?rest_route=%2Fwp%2Fv2%2Fmedia&parent=18513"}],"wp:term":[{"taxonomy":"category","embeddable":true,"href":"https:\/\/www.fuldaernachrichten.de\/index.php?rest_route=%2Fwp%2Fv2%2Fcategories&post=18513"},{"taxonomy":"post_tag","embeddable":true,"href":"https:\/\/www.fuldaernachrichten.de\/index.php?rest_route=%2Fwp%2Fv2%2Ftags&post=18513"}],"curies":[{"name":"wp","href":"https:\/\/api.w.org\/{rel}","templated":true}]}}