{"id":185118,"date":"2022-02-21T16:59:48","date_gmt":"2022-02-21T15:59:48","guid":{"rendered":"https:\/\/www.fuldaer-nachrichten.de\/?p=185118"},"modified":"2022-02-21T16:59:48","modified_gmt":"2022-02-21T15:59:48","slug":"ein-einzigartiges-entree-fuer-die-gaeste-der-stadt","status":"publish","type":"post","link":"https:\/\/www.fuldaernachrichten.de\/?p=185118","title":{"rendered":"Ein einzigartiges Entr\u00e9e f\u00fcr die G\u00e4ste der Stadt"},"content":{"rendered":"<p>Nach gut zwei Jahren Bauzeit ist jetzt die renovierte und erweiterte Tourist-Information der Stadt Fulda im historische Palais Buttlar offiziell wiederer\u00f6ffnet worden. Der Umbau und die Sanierung des Palais hat nicht nur ein v\u00f6llig neues und architektonisch wie k\u00fcnstlerisch einzigartiges Willkommens-Ambiente f\u00fcr Fuldas G\u00e4ste geschaffen, sondern das Geb\u00e4ude aus dem 18. Jahrhundert auch in Sachen Brandschutz, Rettungswege und Barrierefreiheit auf den neuesten Stand gebracht. Auf insgesamt gut 700 Quadratmetern Fl\u00e4che sind neben den repr\u00e4sentativen R\u00e4umen im Erdgeschoss diverse moderne B\u00fcror\u00e4ume in den oberen Geschossen entstanden, die von der Abteilung Tourismus und Kongressmanagement sowie vom Jugendamt der Stadt genutzt werden.<\/p>\n<p>Der neugestaltete Empfangsbereich im Erdgeschoss mit seinem zentralen \u201eSchaufenster\u201c, welches als Medienwand entwickelt wurde, hei\u00dft die G\u00e4ste mit vielf\u00e4ltigen Film- und Bild-Impressionen Fuldas willkommen. Oberb\u00fcrgermeister Dr. Heiko Wingenfeld sprach bei einem Presserundgang von einer Tourist-Information, \u201edie wohl deutschlandweit ihresgleichen suchen d\u00fcrfte\u201c. Die Kombination aus historischem Geb\u00e4ude, architektonisch aufwendiger Innengestaltung und den Kunstwerken von Prof. Franz Erhard Walther biete G\u00e4sten aus aller Welt ein ganz besonderes Entree, das die reiche Geschichte Fuldas, aber auch seine lebendige Gegenwart eindrucksvoll vor Augen f\u00fchre. Der OB erinnerte daran, dass die Tourist-Information vor 20 Jahren aus ihrem urspr\u00fcnglichen Domizil im Torbogen des Stadtschlosses ins Palais umgezogen war. Seither habe der Tourismus in Fulda eine rasante Entwicklung genommen, was schon an den \u00dcbernachtungszahlen ablesbar sei: von rund 260.000 im Jahr 2002 auf knapp 700.000 im Vor-Corona-Jahr 2019. \u201eAllein diese Zahlen machen deutlich, dass die Tourist-Information dringend eine Erweiterung und Modernisierung n\u00f6tig hatte\u201c, so Wingenfeld.<\/p>\n<p>Der besondere Dank des Oberb\u00fcrgermeisters galt neben dem Architekten Stephan Koch und dem engagierten Team des st\u00e4dtischen Geb\u00e4udemanagements um Amtsleiter Frank Volmer insbesondere Elisabeth Schrimpf, die bis Ende vergangenen Jahres die Tourist-Information geleitetet hatte und den Umbauprozess mit viel Herzblut, mit viel Kreativit\u00e4t und viel fachlicher Kompetenz angesto\u00dfen und bis zum Schluss begleitet habe. Gleichzeitig stellte der OB bei dieser Gelegenheit den neuen Leiter der Abteilung Tourismus und Kongressmanagement, Dominik H\u00f6hl, der \u00d6ffentlichkeit vor. H\u00f6hl ist jedoch kein Unbekannter: Er war schon zuvor an zentraler Stelle im Stadtmarketing t\u00e4tig und war unter anderem als einer der Hessentags-Beauftragen f\u00fcr die umfangreichen Vorbereitungen des Landesfests 2021 zust\u00e4ndig, das dann abgesagt werden musste.<\/p>\n<p>&nbsp;<\/p>\n<p>Der OB dankte auch dem Team der Tourist-Information, das w\u00e4hrend der Umbauzeit nicht nur die beengten Verh\u00e4ltnisse im Ausweich-Container auf dem Bonifatiusplatz erdulden musste, sondern auch durch die Folgen der Corona-Pandemie massiv in ihrer Arbeit getroffen wurden. Er gab seiner Hoffnugn Ausdruck, dass der Umzug in die neuen R\u00e4ume nun auch mit einem neuen Impuls f\u00fcr den Tourismus-Standort Fulda einher gehen werde. Architekt Koch erl\u00e4uterte, dass sich aufgrund der kurz nach Baustart im Februar 2020 beginnenden Corona-Pandemie und der daraus resultierenden Personalengp\u00e4sse und Lieferschwierigkeiten f\u00fcr bestimmte Materialien die geplante Fertigstellung um insgesamt acht Monate verz\u00f6gert habe. Gleichzeitig seien gewisse Verz\u00f6gerungen auch ein Chance gewesen, bestimmte Dinge noch einmal neu oder vertieft zu denken und dadurch optimale L\u00f6sungen zu finden.<\/p>\n<p>Durch den Umbau ist nun auch die Tourist-Information und das Palais Buttlar als ganzes barrierefrei erschlossen: Ein zentraler Lift im Foyerbereich erschlie\u00dft sowohl den Front- und Backoffice-Bereich im Erd- und im 1. Obergeschoss sowie das Behinderten-WC im Untergeschoss. F\u00fcr den Einbau des Aufzugs war ein massiver Eingriff in die Geb\u00e4udestruktur und -statik notwendig, die noch aus den 1970er Jahren stammte, als die St\u00e4dtische Sparkasse in dem Geb\u00e4ude untergebracht war. Um die unzureichende Rettungswegerschlie\u00dfung des 2. Obergeschosses im Bereich des Jugendamtes sicherzustellen, wurde ein zus\u00e4tzliches Treppenhaus an der Au\u00dfenwand zum Nachbarhaus geplant<br \/>\nund ausgef\u00fchrt, das vom 2. Obergeschoss direkt in den Innenhof f\u00fchrt.<br \/>\nDie Kosten f\u00fcr die Gesamtma\u00dfnahme belaufen sich auf 2,6 Millionen Euro. Als \u201eHessentagsprojekt\u201c wurde der Umbau mit knapp 1,4 Millionen Euro gef\u00f6rdert, insbesondere \u00fcber das Bund-L\u00e4nder-Programm \u201eAktive Kerne\u201c. OB Wingenfeld dankte den F\u00f6rdergebern, ohne deren Unterst\u00fctzung ein solches Projekt in einem historischen und denkmalgesch\u00fctzten Objekt kaum vorstellbar sei.<\/p>\n<p>Der Chef der hessischen Staatskanzlei, Staatsminister Axel Wintermeyer, \u00fcbermittelte aus Wiesbaden die besten W\u00fcnsche zur Er\u00f6ffnung der Tourist-Information: \u201eDer Hessentag ist ein starker Motor der Stadtentwicklung. Wie er mit einer F\u00f6rderung von bis zu 6,5 Millionen Euro Infrastrukturma\u00dfnahmen in unseren Ausrichter-St\u00e4dten ankurbelt, sieht man hier im Herzen von Fulda sehr deutlich. Die renovierte und erweiterte Tourismus-Information ist als zentrale Anlaufstelle f\u00fcr Besucherinnen und Besucher sowie Startpunkt f\u00fcr Stadtf\u00fchrungen ein Aush\u00e4ngeschild der Stadt. Ich freue mich, dass der Hessentag dieses Projekt erm\u00f6glicht hat. Diese Investition kommt dem Tourismus in der ganzen Region zugute und wird Osthessen st\u00e4rken\u201c, so Wintermeyer.<\/p>\n","protected":false},"excerpt":{"rendered":"<div class=\"tmnf_excerpt\"><p>Nach gut zwei Jahren Bauzeit ist jetzt die renovierte und erweiterte Tourist-Information der Stadt Fulda im historische Palais Buttlar offiziell wiederer\u00f6ffnet worden. Der Umbau und die Sanierung des Palais hat nicht nur ein v\u00f6llig neues und architektonisch wie k\u00fcnstlerisch einzigartiges Willkommens-Ambiente f\u00fcr Fuldas G\u00e4ste geschaffen, sondern das Geb\u00e4ude aus dem 18. Jahrhundert auch in Sachen &hellip;<\/p>\n<\/div>","protected":false},"author":1,"featured_media":185119,"comment_status":"closed","ping_status":"closed","sticky":false,"template":"","format":"standard","meta":{"footnotes":""},"categories":[1],"tags":[],"class_list":["post-185118","post","type-post","status-publish","format-standard","has-post-thumbnail","hentry","category-startseite"],"_links":{"self":[{"href":"https:\/\/www.fuldaernachrichten.de\/index.php?rest_route=\/wp\/v2\/posts\/185118","targetHints":{"allow":["GET"]}}],"collection":[{"href":"https:\/\/www.fuldaernachrichten.de\/index.php?rest_route=\/wp\/v2\/posts"}],"about":[{"href":"https:\/\/www.fuldaernachrichten.de\/index.php?rest_route=\/wp\/v2\/types\/post"}],"author":[{"embeddable":true,"href":"https:\/\/www.fuldaernachrichten.de\/index.php?rest_route=\/wp\/v2\/users\/1"}],"replies":[{"embeddable":true,"href":"https:\/\/www.fuldaernachrichten.de\/index.php?rest_route=%2Fwp%2Fv2%2Fcomments&post=185118"}],"version-history":[{"count":1,"href":"https:\/\/www.fuldaernachrichten.de\/index.php?rest_route=\/wp\/v2\/posts\/185118\/revisions"}],"predecessor-version":[{"id":185120,"href":"https:\/\/www.fuldaernachrichten.de\/index.php?rest_route=\/wp\/v2\/posts\/185118\/revisions\/185120"}],"wp:featuredmedia":[{"embeddable":true,"href":"https:\/\/www.fuldaernachrichten.de\/index.php?rest_route=\/wp\/v2\/media\/185119"}],"wp:attachment":[{"href":"https:\/\/www.fuldaernachrichten.de\/index.php?rest_route=%2Fwp%2Fv2%2Fmedia&parent=185118"}],"wp:term":[{"taxonomy":"category","embeddable":true,"href":"https:\/\/www.fuldaernachrichten.de\/index.php?rest_route=%2Fwp%2Fv2%2Fcategories&post=185118"},{"taxonomy":"post_tag","embeddable":true,"href":"https:\/\/www.fuldaernachrichten.de\/index.php?rest_route=%2Fwp%2Fv2%2Ftags&post=185118"}],"curies":[{"name":"wp","href":"https:\/\/api.w.org\/{rel}","templated":true}]}}