{"id":185116,"date":"2022-02-21T16:58:57","date_gmt":"2022-02-21T15:58:57","guid":{"rendered":"https:\/\/www.fuldaer-nachrichten.de\/?p=185116"},"modified":"2022-02-21T16:58:57","modified_gmt":"2022-02-21T15:58:57","slug":"startschuss-berufsorientierung-chancen-fuer-2022-2023-entdecken","status":"publish","type":"post","link":"https:\/\/www.fuldaernachrichten.de\/?p=185116","title":{"rendered":"Startschuss Berufsorientierung: Chancen f\u00fcr 2022 &#038; 2023 entdecken"},"content":{"rendered":"<p><b>Um die Fachkr\u00e4fte von morgen noch intensiver in Sachen Berufsorientierung zu unterst\u00fctzen, halten die Partner der Bildungsmesse sowie weitere regionale Akteure f\u00fcr die kommenden Monate zahlreiche spannende Angebote bereit. Darunter auch die Fuldaer Bildungsmesse am 9. und 10. September 2022.<\/b><\/p>\n<p>Mit der \u201eWoche der Ausbildung\u201c startet die Agentur f\u00fcr Arbeit vom 14. bis 18. M\u00e4rz ihr umfangreiches Angebot. Darunter beispielsweise der \u201eDigitale Elternabend\u201c, auf dem Eltern am 15. oder 17. M\u00e4rz jeweils ab 18:30 Uhr Antworten auf die Frage \u201eWie findet mein Kind seinen Weg in den Beruf?\u201c erhalten und erfahren, wie sie ihrem Nachwuchs den Einstieg in den Berufsauswahlprozess erleichtern k\u00f6nnen.<\/p>\n<p><b>Ausbildung bietet viele M\u00f6glichkeiten<\/b><br \/>\n\u201eWir wollen jungen Menschen zeigen, welche vielf\u00e4ltigen M\u00f6glichkeiten eine duale Ausbildung bereith\u00e4lt\u201c, so Julian Bolz, Azubi-Manager der Region Fulda. \u201eEin Beispiel ist der MINT-Bereich, der sowohl f\u00fcr Ausbildungs- als auch f\u00fcr Studieninteressierte attraktive Perspektiven bietet. Am 8. M\u00e4rz informieren wir deshalb ab 16:30 Uhr zum Hessen-Technikum \u2013 einem MINT-Schnupperstudium inklusive Betriebspraktika f\u00fcr junge Frauen mit Fachhochschulreife oder Abitur&#8221;, verr\u00e4t Corinna Schel, Koordinatorin des Programms an der Hochschule Fulda.<\/p>\n<p>Geplant sind zudem Praxisworkshops rund um das Handwerk: \u201eGemeinsam mit dem Bildungszentrum Bau Osthessen stellen wir am 21. und 22. April in verschiedenen Workshops Ausbildungsberufe des Handwerks vor und erl\u00e4utern die attraktiven Karrierem\u00f6glichkeiten\u201c, so Gabriele Leipold, Gesch\u00e4ftsf\u00fchrerin der Kreishandwerkerschaft Fulda. In einer Infoveranstaltung am 5. Mai zeigt die Arbeitsagentur, welche Chancen eine Ausbildung in der Pflegebranche bietet.<\/p>\n<p><b>Berufliche Zukunft zum Anfassen<\/b><br \/>\n\u201eDuale Ausbildung ist Vielfalt: Das machen wir zu unserem 200-j\u00e4hrigen Kreisjubil\u00e4um am Festwochenende erlebbar\u201c, verr\u00e4t Ulrich Nesemann vom Landkreis Fulda. \u201eUnmittelbar vor dem Schloss Fasanerie in Eichenzell k\u00f6nnen Interessierte vom 23. bis zum 26. Juni Ausbildungsberufe real und virtuell erkunden.\u201c \u201eNur ein paar Tage sp\u00e4ter geht\u00e2\u20ac\u2122s weiter mit unserer Last-Minute-Ausbildungsb\u00f6rse: Ausbildungssuchende lernen hier Betriebe und deren Karrierechancen kennen \u2013 und zwar noch f\u00fcr das Ausbildungsjahr 2022!\u201c, freut sich Waldemar Dombrowski von der Agentur f\u00fcr Arbeit auf den 30. Juni. \u201eDieses Angebot ist sowohl eine gro\u00dfe Chance f\u00fcr Sch\u00fclerinnen und Sch\u00fcler als auch f\u00fcr die Unternehmen der Region und gewinnt nicht zuletzt deshalb an Bedeutung, weil voraussichtlich auch im kommenden Ausbildungsjahr wieder viele Pl\u00e4tze unbesetzt sein werden\u201c, betont IHK-Ausbildungsleiter Armin Gerbeth.<\/p>\n<p>Last but not least wird die Bildungsmesse Fulda am 9. und 10. September veranstaltet. \u201eZwei Tage lang haben Sch\u00fclerinnen und Sch\u00fcler sowie deren Eltern die M\u00f6glichkeit, mehr als 120 verschiedene Unternehmen live kennenzulernen und sich mit einem ansprechenden Vortragsprogramm \u00fcber die eigene berufliche Zukunft zu informieren\u201c, blickt Gerbeth auf das Sp\u00e4tsommer-Event in der Esperantohalle Fulda.<\/p>\n<p><b>Neuer Eventkalender zur Berufsorientierung<\/b><br \/>\n\u201eWeitere Angebote reichen vom traditionellen Girl&#8217;s and Boy&#8217;s Day \u00fcber den Abi-Go-Tag der Richard-M\u00fcller-Schule bis hin zur Praktikumswoche Fulda in den Sommerferien. Diese und weitere Termine finden Interessierte in unserem neuen Veranstaltungskalender \u00fcber die regionale Berufsorientierungsplattform unter <a href=\"x-webdoc:\/\/4820EF50-EFE5-45ED-9985-2E305F60D7D2\/www.berufsorientierung-fulda.de\">www.berufsorientierung-fulda.de<\/a>, im Bereich \u00e2\u20ac\u0161Programm\u00e2\u20ac\u02dc. Reinschauen lohnt sich \u2013 nicht zuletzt auch deshalb, weil wir ihn in den kommenden Monaten stetig erweitern werden\u201c, verspricht Julian Heins vom Landkreis Fulda.<\/p>\n","protected":false},"excerpt":{"rendered":"<div class=\"tmnf_excerpt\"><p>Um die Fachkr\u00e4fte von morgen noch intensiver in Sachen Berufsorientierung zu unterst\u00fctzen, halten die Partner der Bildungsmesse sowie weitere regionale Akteure f\u00fcr die kommenden Monate zahlreiche spannende Angebote bereit. Darunter auch die Fuldaer Bildungsmesse am 9. und 10. September 2022. Mit der \u201eWoche der Ausbildung\u201c startet die Agentur f\u00fcr Arbeit vom 14. bis 18. M\u00e4rz &hellip;<\/p>\n<\/div>","protected":false},"author":1,"featured_media":0,"comment_status":"closed","ping_status":"closed","sticky":false,"template":"","format":"standard","meta":{"footnotes":""},"categories":[1],"tags":[],"class_list":["post-185116","post","type-post","status-publish","format-standard","hentry","category-startseite"],"_links":{"self":[{"href":"https:\/\/www.fuldaernachrichten.de\/index.php?rest_route=\/wp\/v2\/posts\/185116","targetHints":{"allow":["GET"]}}],"collection":[{"href":"https:\/\/www.fuldaernachrichten.de\/index.php?rest_route=\/wp\/v2\/posts"}],"about":[{"href":"https:\/\/www.fuldaernachrichten.de\/index.php?rest_route=\/wp\/v2\/types\/post"}],"author":[{"embeddable":true,"href":"https:\/\/www.fuldaernachrichten.de\/index.php?rest_route=\/wp\/v2\/users\/1"}],"replies":[{"embeddable":true,"href":"https:\/\/www.fuldaernachrichten.de\/index.php?rest_route=%2Fwp%2Fv2%2Fcomments&post=185116"}],"version-history":[{"count":1,"href":"https:\/\/www.fuldaernachrichten.de\/index.php?rest_route=\/wp\/v2\/posts\/185116\/revisions"}],"predecessor-version":[{"id":185117,"href":"https:\/\/www.fuldaernachrichten.de\/index.php?rest_route=\/wp\/v2\/posts\/185116\/revisions\/185117"}],"wp:attachment":[{"href":"https:\/\/www.fuldaernachrichten.de\/index.php?rest_route=%2Fwp%2Fv2%2Fmedia&parent=185116"}],"wp:term":[{"taxonomy":"category","embeddable":true,"href":"https:\/\/www.fuldaernachrichten.de\/index.php?rest_route=%2Fwp%2Fv2%2Fcategories&post=185116"},{"taxonomy":"post_tag","embeddable":true,"href":"https:\/\/www.fuldaernachrichten.de\/index.php?rest_route=%2Fwp%2Fv2%2Ftags&post=185116"}],"curies":[{"name":"wp","href":"https:\/\/api.w.org\/{rel}","templated":true}]}}