{"id":185107,"date":"2022-02-21T16:55:45","date_gmt":"2022-02-21T15:55:45","guid":{"rendered":"https:\/\/www.fuldaer-nachrichten.de\/?p=185107"},"modified":"2022-02-21T16:55:45","modified_gmt":"2022-02-21T15:55:45","slug":"was-kann-man-von-einem-podcast-lernen","status":"publish","type":"post","link":"https:\/\/www.fuldaernachrichten.de\/?p=185107","title":{"rendered":"Was kann man von einem Podcast lernen?"},"content":{"rendered":"<p>Bis 2023 werden 1 Milliarde Menschen mindestens einmal im Monat Podcasts h\u00f6ren: Podcasts (eine Art Kombination aus iPod und Radio) nehmen einen immer wichtigeren Platz in unserem Alltag ein.<\/p>\n<p>Die Welt der Podcasts w\u00e4chst weiter: Dank der t\u00e4glich wachsenden Zahl von Apps wie Spotify nehmen sie zunehmend ihren Platz neben dem traditionellen Radio ein.<br \/>\nIm Auto, auf dem Handy, in \u00f6ffentlichen Verkehrsmitteln: In vielen allt\u00e4glichen Momenten kann man einer Geschichte oder einem Vortrag lauschen, neue Sprachen lernen, sich in eine Untersuchung vertiefen oder eine historische Konferenz genie\u00dfen.<\/p>\n<p>Die St\u00e4rke von Podcasts liegt in ihrer Benutzerfreundlichkeit, und es gibt viele Unternehmen, die die entscheidende Bedeutung dieses wachsenden Marktes erkannt haben und in Podcaster oder Lautsprecher investieren, die in der Lage sind, Qualit\u00e4tsprodukte zu produzieren.<\/p>\n<p>Die Welt der Bildung und des Lernens selbst hat schnell erkannt, welche entscheidenden Vorteile das Zuh\u00f6ren f\u00fcr das Verst\u00e4ndnis, den Ged\u00e4chtnisprozess oder den Erwerb von F\u00e4higkeiten haben kann.<\/p>\n<p>Nicht nur leichte Themen: Edutainment-Podcasts (Bildung + Unterhaltung) werden immer h\u00e4ufiger geh\u00f6rt. Aus diesem Grund hat <a href=\"https:\/\/de.babbel.com\/\">Babbel<\/a> \u2013 eine der weilweit gr\u00f6\u00dften Sprachlern-Apps \u2013 <a href=\"https:\/\/de.babbel.com\/was-bedeutet-podcast\">die Infografik \u201eWas kann man von einem Podcast lernen?<\/a>\u201c erstellt, die das globale Ph\u00e4nomen mit viel Neugier und Daten erkl\u00e4rt, und gleichzeitig eine Reihe n\u00fctzlicher Tipps gibt, wie man durch das H\u00f6ren von Podcasts Sprachen lernen kann.<\/p>\n<p>Wie die Infografik erkl\u00e4rt, \u00fcbersteigt die Zahl der aktiven w\u00f6chentlichen Podcast-H\u00f6rer:innen 10 Millionen. Es gibt viele h\u00f6renswerte Podcasts: Die \u201eTagesschau in 100 Sekunden\u201c zum Beispiel erkl\u00e4rt in wenigen Sekunden das Tagesgeschehen. In \u201eZEIT &#8211; Verbrechen\u201c besprechen die Journalistin Sabine R\u00fcckert und ihr Kollege Andreas Sentker mehr oder weniger bekannte Kriminalf\u00e4lle.<\/p>\n<p>Auch Babbel hat zahlreiche Podcasts zur Unterst\u00fctzung des Sprachenlernens entwickelt. Das Anh\u00f6ren von Babbel-Podcasts hat viele p\u00e4dagogische Vorteile: Sie stellen relevante kulturelle Elemente vor, helfen bei der Aussprache und Konversation und erkl\u00e4ren neue nebenbei Grammatikregeln.<br \/>\nBist du bereit, deine Kopfh\u00f6rer aufzusetzen und auf Play zu dr\u00fccken?<\/p>\n<p>Photo by <a href=\"https:\/\/unsplash.com\/@soundtrap?utm_source=unsplash&amp;utm_medium=referral&amp;utm_content=creditCopyText\">Soundtrap<\/a> on <a href=\"https:\/\/unsplash.com\/?utm_source=unsplash&amp;utm_medium=referral&amp;utm_content=creditCopyText\">Unsplash<\/a><\/p>\n","protected":false},"excerpt":{"rendered":"<div class=\"tmnf_excerpt\"><p>Bis 2023 werden 1 Milliarde Menschen mindestens einmal im Monat Podcasts h\u00f6ren: Podcasts (eine Art Kombination aus iPod und Radio) nehmen einen immer wichtigeren Platz in unserem Alltag ein. Die Welt der Podcasts w\u00e4chst weiter: Dank der t\u00e4glich wachsenden Zahl von Apps wie Spotify nehmen sie zunehmend ihren Platz neben dem traditionellen Radio ein. Im &hellip;<\/p>\n<\/div>","protected":false},"author":1,"featured_media":185108,"comment_status":"closed","ping_status":"closed","sticky":false,"template":"","format":"standard","meta":{"footnotes":""},"categories":[1],"tags":[95,252],"class_list":["post-185107","post","type-post","status-publish","format-standard","has-post-thumbnail","hentry","category-startseite","tag-besonders-lesenswert","tag-moellerschs-christinegmail-com"],"_links":{"self":[{"href":"https:\/\/www.fuldaernachrichten.de\/index.php?rest_route=\/wp\/v2\/posts\/185107","targetHints":{"allow":["GET"]}}],"collection":[{"href":"https:\/\/www.fuldaernachrichten.de\/index.php?rest_route=\/wp\/v2\/posts"}],"about":[{"href":"https:\/\/www.fuldaernachrichten.de\/index.php?rest_route=\/wp\/v2\/types\/post"}],"author":[{"embeddable":true,"href":"https:\/\/www.fuldaernachrichten.de\/index.php?rest_route=\/wp\/v2\/users\/1"}],"replies":[{"embeddable":true,"href":"https:\/\/www.fuldaernachrichten.de\/index.php?rest_route=%2Fwp%2Fv2%2Fcomments&post=185107"}],"version-history":[{"count":1,"href":"https:\/\/www.fuldaernachrichten.de\/index.php?rest_route=\/wp\/v2\/posts\/185107\/revisions"}],"predecessor-version":[{"id":185109,"href":"https:\/\/www.fuldaernachrichten.de\/index.php?rest_route=\/wp\/v2\/posts\/185107\/revisions\/185109"}],"wp:featuredmedia":[{"embeddable":true,"href":"https:\/\/www.fuldaernachrichten.de\/index.php?rest_route=\/wp\/v2\/media\/185108"}],"wp:attachment":[{"href":"https:\/\/www.fuldaernachrichten.de\/index.php?rest_route=%2Fwp%2Fv2%2Fmedia&parent=185107"}],"wp:term":[{"taxonomy":"category","embeddable":true,"href":"https:\/\/www.fuldaernachrichten.de\/index.php?rest_route=%2Fwp%2Fv2%2Fcategories&post=185107"},{"taxonomy":"post_tag","embeddable":true,"href":"https:\/\/www.fuldaernachrichten.de\/index.php?rest_route=%2Fwp%2Fv2%2Ftags&post=185107"}],"curies":[{"name":"wp","href":"https:\/\/api.w.org\/{rel}","templated":true}]}}