{"id":185055,"date":"2022-01-11T12:02:56","date_gmt":"2022-01-11T11:02:56","guid":{"rendered":"http:\/\/www.fuldaer-nachrichten.de\/?p=185055"},"modified":"2022-01-11T12:02:56","modified_gmt":"2022-01-11T11:02:56","slug":"erfolgreicher-start-des-covid-diagnostik-zentrums-am-klinikum-fulda","status":"publish","type":"post","link":"https:\/\/www.fuldaernachrichten.de\/?p=185055","title":{"rendered":"Erfolgreicher Start des COVID-Diagnostik-Zentrums am Klinikum Fulda"},"content":{"rendered":"<p>Das Klinikum Fulda und das MVZ Osthessen haben zum Jahreswechsel das Corona-Kompetenz-Zentrum der Kassen\u00e4rztlichen Vereinigung (KV) \u00fcbernommen. An gleicher Stelle wurde nun das neue \u201eCOVID-Diagnostik-Zentrum\u201c am Klinikum Fulda er\u00f6ffnet. Dort besteht eine geb\u00fcndelte Anlaufstelle f\u00fcr B\u00fcrgertestungen sowie PCR-Tests asymptomatischer und symptomatischer Personen.<\/p>\n<p>Unterhalb des Hubschrauber-Hangars am Klinikum Fulda werden ab sofort verschiedene Corona-Tests angeboten: alle symptomfreien B\u00fcrgerinnen und B\u00fcrger k\u00f6nnen sich \u00fcber einen Antigen-Schnelltest kostenlos auf das Coronavirus testen lassen oder einen PCR-Test machen lassen. Personen mit Symptomen (z.B. Husten, Schnupfen, Geschmacksverlust) erhalten dort einen kostenfreien PCR-Test. \u201eMit dem COVID-Diagnostik-Zentrum werden alle Testaktivit\u00e4ten am Klinikum Fulda geb\u00fcndelt\u201c, erl\u00e4utert Burkhard Bingel, Vorstand Administration des Klinikums Fulda. Bingel weiter: \u201eDen B\u00fcrgerinnen und B\u00fcrgern der Region bieten wir damit ein umfassendes und komfortables Test-Angebot mit erweiterten \u00d6ffnungszeiten.\u201c In das neue COVID-Diagnostik-Zentrum (CDZ) ist auch das B\u00fcrgertest-Zentrum am Klinikum Fulda umgezogen. Damit entf\u00e4llt die bisherige Anlaufstelle vor dem Haupteingang des Klinikums Fulda. Eine umfangreiche und gut sichtbare Beschilderung auf dem Campus f\u00fchrt die Besucher zum CDZ. Aufgrund begrenzter Parkm\u00f6glichkeiten am Hubschrauber-Hangar bittet das Klinikum, die Parkfl\u00e4chen vor dem Klinikum Fulda zu nutzen.<\/p>\n<p>\u00d6ffnungszeiten\u00e2\u20ac\u00a8Personen ohne Symptome (asymptomatisch) erhalten Antigen-Schnelltests sowie PCR-Tests Montag bis Freitag zwischen 11:00 und 18:00 Uhr sowie Samstag, Sonntag und an den Feiertagen zwischen 11:00 und 17:00 Uhr.<\/p>\n<p>Personen mit Symptomen (z.B. Husten, Schnupfen, Fieber) k\u00f6nnen einen PCR-Test an folgenden Tagen erhalten: Montag, Dienstag und Donnerstag zwischen 09:00 und 16:00 Uhr, sowie Mittwoch und Freitag zwischen 11:00 und 13:00 Uhr. Samstags, sonntags und an den Feiertagen werden derzeit keine PCR-Testungen f\u00fcr symptomatische Personen angeboten.<\/p>\n<p>\u201eNeben den regul\u00e4ren \u00d6ffnungszeiten f\u00fchren wir zudem Testungen f\u00fcr Kita-Kinder, ambulante Patienten des MVZ Osthessen und des Klinikums Fulda sowie f\u00fcr unsere Mitarbeiterinnen und Mitarbeiter durch. Wir werden aber dennoch die Nachfrage an Testungen der Bev\u00f6lkerung beobachten, um zu pr\u00fcfen, ob die \u00d6ffnungszeiten entsprechend angepasst werden m\u00fcssen\u201c, erkl\u00e4rt Simone Del Duca, die kaufm\u00e4nnische Leitung des MVZ Osthessen.<\/p>\n<p>Kapazit\u00e4tserweiterung\u00e2\u20ac\u00a8Im Zuge des Umzuges des ehemaligen B\u00fcrgertest-Zentrums und der \u00dcbernahme des Corona-Kompetenz-Zentrum der Kassen\u00e4rztlichen Vereinigung (KV) wurden auch die Kapazit\u00e4ten mit der Er\u00f6ffnung des neuen COVID-Diagnostik-Zentrums erweitert: Es stehen aktuell vier Registrierungs-Pl\u00e4tze und f\u00fcnf Abstrich-Pl\u00e4tze f\u00fcr die Testungen zur Verf\u00fcgung. \u201eDie Er\u00f6ffnung des COVID-Diagnostik-Zentrums in der K\u00fcrze der Zeit und im laufenden Betrieb war f\u00fcr alle Beteiligten eine Herausforderung\u201c, berichtet Bingel. \u201eUnser Dank gilt neben den Vertretern der Kassen\u00e4rztlichen Vereinigung insbesondere dem Team des MVZ Osthessen, dem Institut f\u00fcr Laboratoriumsmedizin rund um Priv.-Doz. Dr. Heike Weisser sowie Katja Rupscheit-Kuschke und ihrem Team\u201c, so Bingel.<\/p>\n<p>Bildunterschrift (v. links): Katja Rupscheit, Simone Del Duca, Priv.-Doz. Dr. Heike Wei\u00dfer, Burkhard Bingel, Priv.-Doz. Dr. Thomas Menzel<\/p>\n","protected":false},"excerpt":{"rendered":"<div class=\"tmnf_excerpt\"><p>Das Klinikum Fulda und das MVZ Osthessen haben zum Jahreswechsel das Corona-Kompetenz-Zentrum der Kassen\u00e4rztlichen Vereinigung (KV) \u00fcbernommen. An gleicher Stelle wurde nun das neue \u201eCOVID-Diagnostik-Zentrum\u201c am Klinikum Fulda er\u00f6ffnet. Dort besteht eine geb\u00fcndelte Anlaufstelle f\u00fcr B\u00fcrgertestungen sowie PCR-Tests asymptomatischer und symptomatischer Personen. Unterhalb des Hubschrauber-Hangars am Klinikum Fulda werden ab sofort verschiedene Corona-Tests angeboten: alle &hellip;<\/p>\n<\/div>","protected":false},"author":1,"featured_media":185056,"comment_status":"closed","ping_status":"closed","sticky":false,"template":"","format":"standard","meta":{"footnotes":""},"categories":[1],"tags":[],"class_list":["post-185055","post","type-post","status-publish","format-standard","has-post-thumbnail","hentry","category-startseite"],"_links":{"self":[{"href":"https:\/\/www.fuldaernachrichten.de\/index.php?rest_route=\/wp\/v2\/posts\/185055","targetHints":{"allow":["GET"]}}],"collection":[{"href":"https:\/\/www.fuldaernachrichten.de\/index.php?rest_route=\/wp\/v2\/posts"}],"about":[{"href":"https:\/\/www.fuldaernachrichten.de\/index.php?rest_route=\/wp\/v2\/types\/post"}],"author":[{"embeddable":true,"href":"https:\/\/www.fuldaernachrichten.de\/index.php?rest_route=\/wp\/v2\/users\/1"}],"replies":[{"embeddable":true,"href":"https:\/\/www.fuldaernachrichten.de\/index.php?rest_route=%2Fwp%2Fv2%2Fcomments&post=185055"}],"version-history":[{"count":1,"href":"https:\/\/www.fuldaernachrichten.de\/index.php?rest_route=\/wp\/v2\/posts\/185055\/revisions"}],"predecessor-version":[{"id":185057,"href":"https:\/\/www.fuldaernachrichten.de\/index.php?rest_route=\/wp\/v2\/posts\/185055\/revisions\/185057"}],"wp:featuredmedia":[{"embeddable":true,"href":"https:\/\/www.fuldaernachrichten.de\/index.php?rest_route=\/wp\/v2\/media\/185056"}],"wp:attachment":[{"href":"https:\/\/www.fuldaernachrichten.de\/index.php?rest_route=%2Fwp%2Fv2%2Fmedia&parent=185055"}],"wp:term":[{"taxonomy":"category","embeddable":true,"href":"https:\/\/www.fuldaernachrichten.de\/index.php?rest_route=%2Fwp%2Fv2%2Fcategories&post=185055"},{"taxonomy":"post_tag","embeddable":true,"href":"https:\/\/www.fuldaernachrichten.de\/index.php?rest_route=%2Fwp%2Fv2%2Ftags&post=185055"}],"curies":[{"name":"wp","href":"https:\/\/api.w.org\/{rel}","templated":true}]}}