{"id":18500,"date":"2009-01-02T08:49:22","date_gmt":"2009-01-02T07:49:22","guid":{"rendered":"http:\/\/www.schoene-nachrichten.de\/?p=18500"},"modified":"2009-01-02T08:49:22","modified_gmt":"2009-01-02T07:49:22","slug":"deutscher-nachhaltigkeitspreis-fuer-fuldaer-lebensmittel-handelskette","status":"publish","type":"post","link":"https:\/\/www.fuldaernachrichten.de\/?p=18500","title":{"rendered":"\u201eDeutscher Nachhaltigkeitspreis\u201c f\u00fcr Fuldaer Lebensmittel-Handelskette"},"content":{"rendered":"<p><strong>Fulda.<\/strong> Die Rh\u00f6n im Dreil\u00e4ndereck von Hessen, Th\u00fcringen und Franken ist ein karges Land, in dem die Landwirtschaft schon immer einen schweren Stand hatte. W\u00fcrden die Landwirte jedoch ihre Tiere nicht auf den Weiden grasen lassen, verl\u00f6re die einmalige Kulturlandschaft der \u201eoffenen Fernen\u201c ihren Charakter. Viele der Landwirte sind Partner von tegut\u00e2\u20ac\u00a6 gute Lebensmittel. Das Fuldaer Handelsunternehmen tr\u00e4gt mit der Abnahme von Qualit\u00e4tsfleisch zur Sicherung der familiengepr\u00e4gten Landwirtschaft im Biosph\u00e4renreservat Rh\u00f6n bei und leistet damit auch einen Beitrag zum Erhalt der Biodiversit\u00e4t dieser Landschaft. F\u00fcr seine Strategie wurde tegut&#8230; jetzt mit dem erstmals verliehenen deutschen Nachhaltigkeitspreis geehrt. <!--more--><br \/>\n<strong><\/strong><\/p>\n<p><strong>Durchg\u00e4ngigkeit der Nachhaltigkeit<\/strong><br \/>\nAusgezeichnet wurden \u201eUnternehmen, die vorbildlich wirtschaftlichen Erfolg mit sozialer Verantwortung und Schonung der Umwelt verbinden \u2013 und nachhaltiges Handeln zu weiterem Wachstum nutzen\u201c. \u201eDie Durchg\u00e4ngigkeit der Nachhaltigkeit von der Produktion bis zum Endkunden\u201c zeichne tegut&#8230; aus, hei\u00dft es in der Begr\u00fcndung der Jury. Damit sei das Unternehmen f\u00fcr den Lebensmitteleinzelhandel Richtung weisend.<\/p>\n<p>Bei tegut\u00e2\u20ac\u00a6 ist nachhaltiges Wirtschaften seit Jahrzehnten gelebte Praxis. Viel fr\u00fcher als andere Lebensmittelh\u00e4ndler hat das Unternehmen Bio-Produkte in sein Sortiment aufgenommen. In einigen M\u00e4rkten umfasst das Sortiment inzwischen mehr als 3000 kontrolliert \u00f6kologisch erzeugte Produkte, zu einem gro\u00dfen Teil von anerkannten Anbauverb\u00e4nden wie Demeter, Bioland und Naturland. Die hauseigene \u201eHerzberger B\u00e4ckerei\u201c backt ihre Brote und Backwaren ausschlie\u00dflich mit Bio-Getreide, Mineralwasser aus eigenem Brunnen und weiteren Bio-Zutaten, und auch die eigene Fleischverarbeitung der \u201ekff\u201c liefert biologisch erzeugte Produkte. \u201eWir f\u00f6rdern Bio-Produkte und regionale Produkte\u201c, hei\u00dft ein Leitsatz aus der tegut&#8230; Gesch\u00e4ftspolitik.<\/p>\n<p>F\u00fcr die Jury stand zudem die soziale Nachhaltigkeit im Fokus. Auch hier konnte tegut\u00e2\u20ac\u00a6 punkten. Sie werde bei dem Unternehmen erreicht \u201edurch die bewusste F\u00f6rderung von Vielfalt im Unternehmen\u201c, diversen Ausbildungsm\u00f6glichkeiten sowie zahlreichen sozialen Aktivit\u00e4ten.<\/p>\n<p>Dass Nachhaltigkeit auch eine globale Dimension hat, bei der sich \u00f6kologische und soziale Aspekte verbinden lassen, beweist tegut\u00e2\u20ac\u00a6 beim Einkauf von Bananen. Die Bio-Bananen aus der Dominikanischen Republik werden fair gehandelt. Der Bio-Anbau schont die nat\u00fcrlichen Ressourcen, und die Produzenten finden dank des fairen Handels ein dauerhaftes Auskommen.<\/p>\n","protected":false},"excerpt":{"rendered":"<div class=\"tmnf_excerpt\"><p>Fulda. Die Rh\u00f6n im Dreil\u00e4ndereck von Hessen, Th\u00fcringen und Franken ist ein karges Land, in dem die Landwirtschaft schon immer einen schweren Stand hatte. W\u00fcrden die Landwirte jedoch ihre Tiere nicht auf den Weiden grasen lassen, verl\u00f6re die einmalige Kulturlandschaft der \u201eoffenen Fernen\u201c ihren Charakter. Viele der Landwirte sind Partner von tegut\u00e2\u20ac\u00a6 gute Lebensmittel. Das &hellip;<\/p>\n<\/div>","protected":false},"author":1,"featured_media":0,"comment_status":"closed","ping_status":"closed","sticky":false,"template":"","format":"standard","meta":{"footnotes":""},"categories":[1,37,29],"tags":[],"class_list":["post-18500","post","type-post","status-publish","format-standard","hentry","category-startseite","category-essen-und-trinken","category-politik"],"_links":{"self":[{"href":"https:\/\/www.fuldaernachrichten.de\/index.php?rest_route=\/wp\/v2\/posts\/18500","targetHints":{"allow":["GET"]}}],"collection":[{"href":"https:\/\/www.fuldaernachrichten.de\/index.php?rest_route=\/wp\/v2\/posts"}],"about":[{"href":"https:\/\/www.fuldaernachrichten.de\/index.php?rest_route=\/wp\/v2\/types\/post"}],"author":[{"embeddable":true,"href":"https:\/\/www.fuldaernachrichten.de\/index.php?rest_route=\/wp\/v2\/users\/1"}],"replies":[{"embeddable":true,"href":"https:\/\/www.fuldaernachrichten.de\/index.php?rest_route=%2Fwp%2Fv2%2Fcomments&post=18500"}],"version-history":[{"count":6,"href":"https:\/\/www.fuldaernachrichten.de\/index.php?rest_route=\/wp\/v2\/posts\/18500\/revisions"}],"predecessor-version":[{"id":18569,"href":"https:\/\/www.fuldaernachrichten.de\/index.php?rest_route=\/wp\/v2\/posts\/18500\/revisions\/18569"}],"wp:attachment":[{"href":"https:\/\/www.fuldaernachrichten.de\/index.php?rest_route=%2Fwp%2Fv2%2Fmedia&parent=18500"}],"wp:term":[{"taxonomy":"category","embeddable":true,"href":"https:\/\/www.fuldaernachrichten.de\/index.php?rest_route=%2Fwp%2Fv2%2Fcategories&post=18500"},{"taxonomy":"post_tag","embeddable":true,"href":"https:\/\/www.fuldaernachrichten.de\/index.php?rest_route=%2Fwp%2Fv2%2Ftags&post=18500"}],"curies":[{"name":"wp","href":"https:\/\/api.w.org\/{rel}","templated":true}]}}