{"id":184954,"date":"2021-04-24T18:36:56","date_gmt":"2021-04-24T16:36:56","guid":{"rendered":"http:\/\/www.fuldaer-nachrichten.de\/?p=184954"},"modified":"2021-04-24T18:36:56","modified_gmt":"2021-04-24T16:36:56","slug":"nachhaltigkeit-erfolgreich-erlebbar-gemacht-creart-gewinnt-den-gregor-calendar-award-2021-in-silber","status":"publish","type":"post","link":"https:\/\/www.fuldaernachrichten.de\/?p=184954","title":{"rendered":"Nachhaltigkeit erfolgreich erlebbar gemacht \u2013 creart gewinnt den Gregor Calendar Award 2021 in Silber"},"content":{"rendered":"<p><strong><em>So nachhaltig wie seine Botschaft war auch die Begeisterung der Jury f\u00fcr den creart CoffeeCup-Kalender, der beim diesj\u00e4hrigen Gregor Calendar Award mit Silber ausgezeichnet wurde. Das Au\u00dfergew\u00f6hnliche an dem Kalender ist sein Bedruckstoff aus recycelten Einweg-Pappbechern. Bereits seit fast zwei Jahrzehnten punktet die Fuldaer Werbeagentur regelm\u00e4\u00dfig beim internationalen Gregor Calendar Award mit kreativen Konzepten und der gekonnten Symbiose aus Kalendarium, Motiven und produktionstechnischen Finessen. Der Wettbewerb gilt als einer der bedeutendsten in der Printmedienbranche. In diesem Jahr pr\u00e4sentierte das Team mit einem ganz besonderen Imagekalender das Ergebnis eines zweij\u00e4hrigen Nachhaltigkeitsprojekts. <\/em><\/strong><\/p>\n<p><em>\u00c2\u00a0<\/em><\/p>\n<p><em>In der Abteilung Druck- und Medienservice der creart Neidhardt Werbe GmbH entstand die Idee f\u00fcr ein neues innovatives Recyclingverfahren, welches die Trennung von Papierfasern in Einweg-Bechern von der Kunststoffbeschichtung in deren Innerem auf \u00f6konomische Weise erm\u00f6glicht und sie so wieder recycelbar macht. Die aus den Einweg-Bechern gewonnenen hochwertigen Papierfasern werden zusammen mit direkt recycelbarem Altpapier zum Rohstoff f\u00fcr ein grafisches Papier, welches passend zu seiner Entstehungsgeschichte \u201eCoffeeCup Paper\u201c genannt wurde. Das Ergebnis der Testcharge dieses neuen au\u00dfergew\u00f6hnlichen Recyclingpapiers wurde neben dem McDonald\u00e2\u20ac\u2122s Nachhaltigkeitsbericht 2019 zum creart CoffeeCup-Kalender 2021 verarbeitet. <\/em><\/p>\n<p><em>\u00c2\u00a0<\/em><\/p>\n<p><em>Der Kalender appelliert durch seine motivische Gestaltung sowie stoffliche Herkunft an die \u00f6kologische Verantwortung jedes Einzelnen und transportiert seine nachhaltige Botschaft auf authentische und emotionale Weise. Er besteht aus zwei Seiten und zeigt die Motive Meer und Wald. \u201eDie Botschaft ist genauso simpel wie existenziell\u201c, erkl\u00e4rt creart Grafikdesignerin Monika Perle. \u201eWir d\u00fcrfen Lebensr\u00e4ume wie Meere und W\u00e4lder, die gerade in der aktuellen Zeit, mit den beschr\u00e4nkten M\u00f6glichkeiten der Freizeitgestaltung, st\u00e4rker ins Bewusstsein ger\u00fcckt sind, nicht nur als Orte der Entspannung und der Zuflucht beanspruchen, sondern m\u00fcssen sie auch wertsch\u00e4tzen, sch\u00fctzen und erhalten.\u201c <\/em><\/p>\n<p><em>\u00c2\u00a0<\/em><\/p>\n<p><em>Das aktiv einstellbare, immerw\u00e4hrende Kalendarium ist gleichzeitig best\u00e4ndig und bleibt dennoch Monat f\u00fcr Monat flexibel und anpassungsf\u00e4hig, genauso wie die Coronavirus-Pandemie es in einer Zeit des Umdenkens und der Ver\u00e4nderungen von einem Jeden erfordert. Die Motive scheinen zu leben, so plastisch und ausdrucksstark erscheinen sie. \u201eWir sind sehr stolz mit unserem \u201eCoffeeCup Paper\u201c Projekt und dem daraus entstandenen Kalender zu beweisen, dass sich auch in bewegten Zeiten, die besondere Herausforderungen an uns stellen, neue und kreative Ideen entwickeln und verwirklichen lassen\u201c, so Torsten Gr\u00f6ger, Prokurist bei der creart Neidhardt Werbe GmbH. \u201eOftmals gilt es, einmal ganz bewusst umzudenken, um einfache und effiziente neue Wege zu finden. In unserem Fall, um Abfall zu reduzieren, einen wertvollen Rohstoff zu sichern und die Zukunft nachhaltiger zu gestalten.\u201c <\/em><\/p>\n<p><em>\u00c2\u00a0<\/em><\/p>\n<p><em>Die beim CoffeeCup-Kalender thematisch, gestalterisch und herstellungstechnisch erzeugte Synergie spiegelt auch die Kraft der creart Kompetenzen wider \u2013 von Ideenfindung und Konzeption \u00fcber Grafik und Reinzeichnung bis zur Produktion \u2013 und unterstreicht damit die Positionierung als Kombination aus kreativer Werbeagentur und qualit\u00e4tsbewusster nachhaltig ausgerichteter Werbeproduktion. <\/em><\/p>\n<p><em>\u00c2\u00a0<\/em><\/p>\n<p><em>Beim Gregor Calendar Award 2021 wurden rund 600 Kalender aus Deutschland, Europa, Israel und Japan eingereicht. Ausrichter des Wettbewerbs sind seit mehr als 70 Jahren der Graphische Klub Stuttgart e.V. und das Ministerium f\u00fcr Wirtschaft, Arbeit und Wohnungsbau Baden-W\u00fcrttemberg. Als Projektpartner fungiert der Verband Druck und Medien in Baden-W\u00fcrttemberg. Der Wettbewerb gilt seit jeher als wichtiger Impulsgeber f\u00fcr die angeschlossene Kreativwirtschaft. <a href=\"http:\/\/www.creart.de\/\">www.creart.de<\/a> \/ <a href=\"http:\/\/www.coffeecup-paper.de\/\">www.coffeecup-paper.de<\/a> \/ <a href=\"http:\/\/www.graphischer-klub-stuttgart.de\/\">www.graphischer-klub-stuttgart.de<\/a><\/em><\/p>\n","protected":false},"excerpt":{"rendered":"<div class=\"tmnf_excerpt\"><p>So nachhaltig wie seine Botschaft war auch die Begeisterung der Jury f\u00fcr den creart CoffeeCup-Kalender, der beim diesj\u00e4hrigen Gregor Calendar Award mit Silber ausgezeichnet wurde. Das Au\u00dfergew\u00f6hnliche an dem Kalender ist sein Bedruckstoff aus recycelten Einweg-Pappbechern. Bereits seit fast zwei Jahrzehnten punktet die Fuldaer Werbeagentur regelm\u00e4\u00dfig beim internationalen Gregor Calendar Award mit kreativen Konzepten und &hellip;<\/p>\n<\/div>","protected":false},"author":1,"featured_media":184955,"comment_status":"closed","ping_status":"closed","sticky":false,"template":"","format":"standard","meta":{"footnotes":""},"categories":[1],"tags":[],"class_list":["post-184954","post","type-post","status-publish","format-standard","has-post-thumbnail","hentry","category-startseite"],"_links":{"self":[{"href":"https:\/\/www.fuldaernachrichten.de\/index.php?rest_route=\/wp\/v2\/posts\/184954","targetHints":{"allow":["GET"]}}],"collection":[{"href":"https:\/\/www.fuldaernachrichten.de\/index.php?rest_route=\/wp\/v2\/posts"}],"about":[{"href":"https:\/\/www.fuldaernachrichten.de\/index.php?rest_route=\/wp\/v2\/types\/post"}],"author":[{"embeddable":true,"href":"https:\/\/www.fuldaernachrichten.de\/index.php?rest_route=\/wp\/v2\/users\/1"}],"replies":[{"embeddable":true,"href":"https:\/\/www.fuldaernachrichten.de\/index.php?rest_route=%2Fwp%2Fv2%2Fcomments&post=184954"}],"version-history":[{"count":1,"href":"https:\/\/www.fuldaernachrichten.de\/index.php?rest_route=\/wp\/v2\/posts\/184954\/revisions"}],"predecessor-version":[{"id":184956,"href":"https:\/\/www.fuldaernachrichten.de\/index.php?rest_route=\/wp\/v2\/posts\/184954\/revisions\/184956"}],"wp:featuredmedia":[{"embeddable":true,"href":"https:\/\/www.fuldaernachrichten.de\/index.php?rest_route=\/wp\/v2\/media\/184955"}],"wp:attachment":[{"href":"https:\/\/www.fuldaernachrichten.de\/index.php?rest_route=%2Fwp%2Fv2%2Fmedia&parent=184954"}],"wp:term":[{"taxonomy":"category","embeddable":true,"href":"https:\/\/www.fuldaernachrichten.de\/index.php?rest_route=%2Fwp%2Fv2%2Fcategories&post=184954"},{"taxonomy":"post_tag","embeddable":true,"href":"https:\/\/www.fuldaernachrichten.de\/index.php?rest_route=%2Fwp%2Fv2%2Ftags&post=184954"}],"curies":[{"name":"wp","href":"https:\/\/api.w.org\/{rel}","templated":true}]}}