{"id":184919,"date":"2021-04-24T18:21:01","date_gmt":"2021-04-24T16:21:01","guid":{"rendered":"http:\/\/www.fuldaer-nachrichten.de\/?p=184919"},"modified":"2021-04-24T18:21:01","modified_gmt":"2021-04-24T16:21:01","slug":"foerderpreis-ostheimer-schnepf-ins-leben-gerufen","status":"publish","type":"post","link":"https:\/\/www.fuldaernachrichten.de\/?p=184919","title":{"rendered":"F\u00f6rderpreis \u201eOstheimer Schnepf\u201c ins Leben gerufen"},"content":{"rendered":"<p>Die Stadt Ostheim hat die Innenstadtsanierung und -entwicklung im Blick. Ganz in diesem Sinne soll mit dem \u201eOstheimer Schnepf\u201c ein F\u00f6rderpreis f\u00fcr private Sanierungsvorhaben im Altstadtgebiet des Luftkurortes ausgelobt werden. B\u00fcrger m\u00f6chte man damit ermutigen, ihre Immobilie zu renovieren, zu sanieren und so f\u00fcr die weitere Nutzung zu erhalten. Dies ist auch gleichzeitig ein weiterer Schritt in Sachen professioneller \u00d6ffentlichkeitarbeit, zu der sich die Stadtf\u00fchrung die ortsans\u00e4ssige Agentur<br \/>\n\u201etexTDesign\u201c ins Boot geholt hat. <\/p>\n<p>Die \u201ePerle der Streu\u201c, wie Ostheim auch genannt wird, wird gepr\u00e4gt von historischen Anwesen im Innenstadtbereich, Ziel ist es, das attraktive Ortsbild zu erhalten und die Infrastruktur mit Leben zu erf\u00fcllen. Neben F\u00f6rdergeldern winkt nun sozusagen als \u201eSahneh\u00e4ubchen\u201c die Pr\u00e4mierung mit dem Sanierungspreis \u201eOstheimer Schnepf\u201c als \u00f6ffentliche W\u00fcrdigung f\u00fcr besonders gelungene ortsbilderhaltende und -versch\u00f6nernde Ma\u00dfnahmen.<\/p>\n<p>\u201eViele Ostheimer wissen nichts von den F\u00f6rderm\u00f6glichkeiten\u201c, wie B\u00fcrgermeister Steffen Malzer und Tonya Schulz von der Agentur \u201etexTDesign\u201c j\u00fcngst dem Stadtrat erl\u00e4uterten. Mit der PR-Ma\u00dfnahme m\u00f6chte man dies \u00e4ndern. Mit der sagenumwobenen Ritterfigur \u201eSchnepf\u201c hat sich daf\u00fcr das passende Maskottchen aus der Ostheimer Stadtgeschichte gefunden.<\/p>\n<p>An der zweigeschossigen, im Jahr 1696 erbauten Fachwerkscheune des Schnepf\u00e2\u20ac\u2122schen Hofes (\u201eSchnepfei\u201c) in der Sophienstra\u00dfe 6 ist ein kunstvoll geschnitzter Eckpfosten zu sehen, der der \u00dcberlieferung nach den Ritter von Schnepf darstellen soll. Die Figur gilt als Sinnbild f\u00fcr ritterliches und gemeinschaftliches Denken, ist bei den Ostheimern sehr beliebt und stellt daher zweifelsohne eine vortreffliche Vorlage f\u00fcr die Auszeichnung dar.<\/p>\n<p>Der F\u00f6rderpreis \u201eSchnepf\u201c, der ausschlie\u00dflich f\u00fcr Bauma\u00dfnahmen im Bereich der Ostheimer Altstadt ausgelobt wird, wird f\u00fcr Komplettsanierung, Teilsanierung und Detailsanierung vergeben. B\u00fcrgermeister Malzer f\u00fchrte an, dass lediglich Ma\u00dfnahmen, die das \u00e4u\u00dfere Erscheinungsbild betreffen, wie Dach, T\u00fcren, Fenster, Gauben und Au\u00dfenputz, pr\u00e4miert werden. Ma\u00dfnahmen, wie W\u00e4rmed\u00e4mmung, Innenputz oder sonstige Ma\u00dfnahmen im Innenbereich z\u00e4hlen nicht dazu. <\/p>\n<p>Die Preisvergabe einmal j\u00e4hrlich ist nicht nur an einen Adressaten gebunden, so k\u00f6nnen auch mehrere Bauherren in den Genuss kommen. Eine Fachjury, bestehend aus dem ersten B\u00fcrgermeister, der Leitung des st\u00e4dtischen Bauamtes, Vertretern aus dem Stadtrat und der \u00f6rtlichen Handwerkerschaft wird nach Vor-Ort-Besichtigungen und intensiven Beratungen die Preistr\u00e4ger ausw\u00e4hlen.<\/p>\n<p>Der F\u00f6rderpreis hat Symbolcharakter. Die Preistr\u00e4ger sollen neben einer Urkunde eine schmucke Plakette erhalten, die dann gut sichtbar am sanierten Geb\u00e4ude angebracht werden kann. <\/p>\n<p>Die \u201ePerle der Streu\u201c noch ein bisschen aufpolieren und vielleicht so manches Anwesen aus dem Dornr\u00f6schenschlaf erwecken \u2013 das w\u00fcnscht sich B\u00fcrgermeister Malzer und hofft auf rege Initiative der B\u00fcrger. Mit einer umfangreichen und gezielten Kampagne m\u00f6chte die Stadt den Preis bewerben und gleichzeitig auf die attraktiven F\u00f6rderprogramme aufmerksam machen, mit denen Sanierungsvorhaben finanziell unterst\u00fctzt werden k\u00f6nnen.<\/p>\n<p>Interessenten, die ihre Immobilie in der Ostheimer Innenstadt renovieren oder sanieren m\u00f6chten wenden sich an:<\/p>\n<p>Stadt Ostheim<br \/>\nBauamt-Leitung<br \/>\nFrau Martina Fuchs<br \/>\nMarktstra\u00dfe 24<br \/>\n97645 Ostheim\/ Rh\u00f6n<br \/>\nTel.: 09777\/ 9170-0<br \/>\nE-Mail: vg@ostheim.de<br \/>\nInternet: www.ostheim.de<\/p>\n","protected":false},"excerpt":{"rendered":"<div class=\"tmnf_excerpt\"><p>Die Stadt Ostheim hat die Innenstadtsanierung und -entwicklung im Blick. Ganz in diesem Sinne soll mit dem \u201eOstheimer Schnepf\u201c ein F\u00f6rderpreis f\u00fcr private Sanierungsvorhaben im Altstadtgebiet des Luftkurortes ausgelobt werden. B\u00fcrger m\u00f6chte man damit ermutigen, ihre Immobilie zu renovieren, zu sanieren und so f\u00fcr die weitere Nutzung zu erhalten. Dies ist auch gleichzeitig ein weiterer &hellip;<\/p>\n<\/div>","protected":false},"author":1,"featured_media":184920,"comment_status":"closed","ping_status":"closed","sticky":false,"template":"","format":"standard","meta":{"footnotes":""},"categories":[1],"tags":[],"class_list":["post-184919","post","type-post","status-publish","format-standard","has-post-thumbnail","hentry","category-startseite"],"_links":{"self":[{"href":"https:\/\/www.fuldaernachrichten.de\/index.php?rest_route=\/wp\/v2\/posts\/184919","targetHints":{"allow":["GET"]}}],"collection":[{"href":"https:\/\/www.fuldaernachrichten.de\/index.php?rest_route=\/wp\/v2\/posts"}],"about":[{"href":"https:\/\/www.fuldaernachrichten.de\/index.php?rest_route=\/wp\/v2\/types\/post"}],"author":[{"embeddable":true,"href":"https:\/\/www.fuldaernachrichten.de\/index.php?rest_route=\/wp\/v2\/users\/1"}],"replies":[{"embeddable":true,"href":"https:\/\/www.fuldaernachrichten.de\/index.php?rest_route=%2Fwp%2Fv2%2Fcomments&post=184919"}],"version-history":[{"count":1,"href":"https:\/\/www.fuldaernachrichten.de\/index.php?rest_route=\/wp\/v2\/posts\/184919\/revisions"}],"predecessor-version":[{"id":184921,"href":"https:\/\/www.fuldaernachrichten.de\/index.php?rest_route=\/wp\/v2\/posts\/184919\/revisions\/184921"}],"wp:featuredmedia":[{"embeddable":true,"href":"https:\/\/www.fuldaernachrichten.de\/index.php?rest_route=\/wp\/v2\/media\/184920"}],"wp:attachment":[{"href":"https:\/\/www.fuldaernachrichten.de\/index.php?rest_route=%2Fwp%2Fv2%2Fmedia&parent=184919"}],"wp:term":[{"taxonomy":"category","embeddable":true,"href":"https:\/\/www.fuldaernachrichten.de\/index.php?rest_route=%2Fwp%2Fv2%2Fcategories&post=184919"},{"taxonomy":"post_tag","embeddable":true,"href":"https:\/\/www.fuldaernachrichten.de\/index.php?rest_route=%2Fwp%2Fv2%2Ftags&post=184919"}],"curies":[{"name":"wp","href":"https:\/\/api.w.org\/{rel}","templated":true}]}}