{"id":184916,"date":"2021-04-24T18:20:22","date_gmt":"2021-04-24T16:20:22","guid":{"rendered":"http:\/\/www.fuldaer-nachrichten.de\/?p=184916"},"modified":"2021-04-24T18:20:22","modified_gmt":"2021-04-24T16:20:22","slug":"krankenhaus-eichhof-erhaelt-ernennung-als-akademisches-lehrkrankenhaus","status":"publish","type":"post","link":"https:\/\/www.fuldaernachrichten.de\/?p=184916","title":{"rendered":"Krankenhaus Eichhof erh\u00e4lt Ernennung als \u201eAkademisches Lehrkrankenhaus\u201c"},"content":{"rendered":"<p>Der Vertrag ist unterschrieben: Seit M\u00e4rz dieses Jahres kooperieren das Krankenhaus Eichhof in Lauterbach und die Justus-Liebig-Universit\u00e4t in Gie\u00dfen bei der Ausbildung von Medizinstudenten im \u201ePraktischen Jahr\u201c (PJ). Als \u201eAkademisches Lehrkrankenhaus\u201c betreut das Krankenhaus Eichhof zuk\u00fcnftig jedes Jahr acht Studierende im 11. und 12. Semester ihres Studiums.<\/p>\n<p>Der Pr\u00e4sident des Fachbereichs Medizin der Uni Gie\u00dfen, Prof. Dr. Joybrato Mukherjee, und der Vorstand der Eichhof-Stiftung Lauterbach Mathias Rauwolf haben nach einem umfangreichen Bewerbungsverfahren ihre Unterschrift unter die vertragliche Vereinbarung gesetzt. Zuvor hatte der Fakult\u00e4tsausschuss der Uni das Lauterbacher Krankenhaus sprichw\u00f6rtlich auf Herz und Nieren gepr\u00fcft und sich positiv \u00fcber die medizinische Qualit\u00e4t, die Vielfalt an M\u00f6glichkeiten und die technisch hochwertige Ausstattung ge\u00e4u\u00dfert und eine zustimmende Empfehlung ausgesprochen.<\/p>\n<p>\u201eEs macht uns sehr stolz, dass wir als Haus der Grund- und Regelversorgung nunmehr zum Kreis der Akademischen Lehrkrankenh\u00e4user einer so renommierten Universit\u00e4t geh\u00f6ren\u201c, sagt der \u00c4rztliche Direktor, Chefarzt Dr. Johannes Roth. Es sei ein Zeichen gro\u00dfer Wertsch\u00e4tzung der hervorragenden M\u00f6glichkeiten in Lauterbach und best\u00e4tige schwarz auf wei\u00df, dass eine fundierte praktische Ausbildung von Medizin-Studierenden nicht nur in Krankenh\u00e4usern in Ballungszentren, sondern auch im eher l\u00e4ndlich gepr\u00e4gten Vogelsberg m\u00f6glich sei, so der Chefarzt der Fachabteilung Innere Medizin\/Gastroenterologie am Eichhof. <\/p>\n<p>Unterteilt ist das \u201ePJ\u201c in drei Tertiale, von denen sowohl die Bereiche Innere Medizin als auch Chirurgie gesetzte Ausbildungsinhalte darstellen. Der dritte viermonatige Ausbildungsabschnitt darf frei gew\u00e4hlt werden. F\u00fcr diesen Teil stehen den Studenten unter anderem die Fachbereiche An\u00e4sthesiologie und Intensivmedizin, Orthop\u00e4die, Gef\u00e4\u00dfchirurgie oder Psychiatrie zur Verf\u00fcgung.<\/p>\n<p> \u201eEin wesentliches Kriterium f\u00fcr die Zusage durch die Universit\u00e4t war die Tatsache, dass alle Chef\u00e4rzte hier am Haus eine Weiterbildungserm\u00e4chtigung besitzen\u201c, erkl\u00e4rt Vorstand Mathias Rauwolf. Neben der hervorragenden fachlichen Kompetenz der Mediziner seien auch die technischen M\u00f6glichkeiten am Krankenhaus Eichhof, wie die neue Radiologie, das Herzkatheterlabor und die Aufr\u00fcstung der Fachabteilungen mit innovativen Medizinger\u00e4ten f\u00fcr die Zusage hilfreich gewesen.<br \/>\n\u00e2\u20ac\u00a8Maximal acht Studierende k\u00f6nnen gleichzeitig am Eichhof ausgebildet werden. \u201eVieles spricht f\u00fcr uns als Akademisches Lehrkrankenhaus. Kurze Wege, ein enger Austausch mit \u00c4rzten und Pflegepersonal, Mithilfe im medizinischen Arbeitsalltag und schnelleres praktisches Arbeiten &#8211; auch in der Chirurgie &#8211; sind dabei nur einige Aspekte, die uns f\u00fcr angehende Mediziner attraktiv machen\u201c, erkl\u00e4rt Chefarzt Dr. Johannes Roth. Aus eigener Erfahrung wei\u00df er, dass in H\u00e4usern der Vollversorgung alleine die Anzahl der \u201ePJ-ler\u201c viel gr\u00f6\u00dfer und der Praxisanteil durch umfassendere Strukturen und einem hohen Organisationsaufwand niedriger ausgelegt sind.<\/p>\n<p>F\u00fcr den Bereichsleiter Personal Berthold Remiger ist die Kooperation mit der Justus-Liebig-Universit\u00e4t neben der medizinischen Anerkennung auch eine Investition f\u00fcr die Zukunft. \u201eWir hoffen darauf, dass sich der oder die andere Student*in nach ihrer PJ-Zeit f\u00fcr uns entscheidet und die Assistenzzeit oder sogar eine sp\u00e4tere Anstellung und Weiterbildung zum Facharzt in unserem Haus in Betracht zieht\u201c, sagt der erfahrene Personalleiter, der sich immer wieder neue Wege ausdenkt, junge Menschen f\u00fcr die Arbeit am Lauterbacher Krankenhaus zu begeistern und so dem Fachkr\u00e4ftemangel entgegenzuwirken. Er wei\u00df um die Lebensqualit\u00e4t im Vogelsbergkreis und die Attraktivit\u00e4t des Standorts mit niedrigeren Mieten und einem gr\u00f6\u00dferen Freizeitpotenzial, als es oft in Gro\u00dfst\u00e4dten und Ballungszentren der Fall ist. Das und die Tatsache, dass \u201eunser Fokus darauf liegt, jungen Menschen medizinisch etwas beizubringen\u201c, sprechen f\u00fcr eine Entscheidung f\u00fcr das Krankenhaus Eichhof, sagen Berthold Remiger, Dr. Johannes Roth und Mathias Rauwolf einstimmig.<\/p>\n<p>BU:<br \/>\nIm Vertrag steht es schwarz auf wei\u00df: Das Krankenhaus Eichhof in Lauterbach ist nunmehr Akademisches Lehrkrankenhaus und Partner der Justus-Liebig-Universit\u00e4t in Gie\u00dfen. Darauf sind (von links) Vorstand Mathias Rauwolf, Personalleiter Berthold Remiger und \u00c4rztlicher Direktor Dr. Johannes Roth zu Recht sehr stolz. \t\t\t\t\t<\/p>\n","protected":false},"excerpt":{"rendered":"<div class=\"tmnf_excerpt\"><p>Der Vertrag ist unterschrieben: Seit M\u00e4rz dieses Jahres kooperieren das Krankenhaus Eichhof in Lauterbach und die Justus-Liebig-Universit\u00e4t in Gie\u00dfen bei der Ausbildung von Medizinstudenten im \u201ePraktischen Jahr\u201c (PJ). Als \u201eAkademisches Lehrkrankenhaus\u201c betreut das Krankenhaus Eichhof zuk\u00fcnftig jedes Jahr acht Studierende im 11. und 12. Semester ihres Studiums. Der Pr\u00e4sident des Fachbereichs Medizin der Uni Gie\u00dfen, &hellip;<\/p>\n<\/div>","protected":false},"author":1,"featured_media":184917,"comment_status":"closed","ping_status":"closed","sticky":false,"template":"","format":"standard","meta":{"footnotes":""},"categories":[1],"tags":[],"class_list":["post-184916","post","type-post","status-publish","format-standard","has-post-thumbnail","hentry","category-startseite"],"_links":{"self":[{"href":"https:\/\/www.fuldaernachrichten.de\/index.php?rest_route=\/wp\/v2\/posts\/184916","targetHints":{"allow":["GET"]}}],"collection":[{"href":"https:\/\/www.fuldaernachrichten.de\/index.php?rest_route=\/wp\/v2\/posts"}],"about":[{"href":"https:\/\/www.fuldaernachrichten.de\/index.php?rest_route=\/wp\/v2\/types\/post"}],"author":[{"embeddable":true,"href":"https:\/\/www.fuldaernachrichten.de\/index.php?rest_route=\/wp\/v2\/users\/1"}],"replies":[{"embeddable":true,"href":"https:\/\/www.fuldaernachrichten.de\/index.php?rest_route=%2Fwp%2Fv2%2Fcomments&post=184916"}],"version-history":[{"count":1,"href":"https:\/\/www.fuldaernachrichten.de\/index.php?rest_route=\/wp\/v2\/posts\/184916\/revisions"}],"predecessor-version":[{"id":184918,"href":"https:\/\/www.fuldaernachrichten.de\/index.php?rest_route=\/wp\/v2\/posts\/184916\/revisions\/184918"}],"wp:featuredmedia":[{"embeddable":true,"href":"https:\/\/www.fuldaernachrichten.de\/index.php?rest_route=\/wp\/v2\/media\/184917"}],"wp:attachment":[{"href":"https:\/\/www.fuldaernachrichten.de\/index.php?rest_route=%2Fwp%2Fv2%2Fmedia&parent=184916"}],"wp:term":[{"taxonomy":"category","embeddable":true,"href":"https:\/\/www.fuldaernachrichten.de\/index.php?rest_route=%2Fwp%2Fv2%2Fcategories&post=184916"},{"taxonomy":"post_tag","embeddable":true,"href":"https:\/\/www.fuldaernachrichten.de\/index.php?rest_route=%2Fwp%2Fv2%2Ftags&post=184916"}],"curies":[{"name":"wp","href":"https:\/\/api.w.org\/{rel}","templated":true}]}}