{"id":184746,"date":"2020-07-23T19:47:32","date_gmt":"2020-07-23T17:47:32","guid":{"rendered":"http:\/\/www.fuldaer-nachrichten.de\/?p=184746"},"modified":"2020-07-23T19:48:01","modified_gmt":"2020-07-23T17:48:01","slug":"focus-auszeichnung-fuer-das-klinikum-fulda-klinik-fuer-neurologie-ist-%e2%80%a8top-krankenhaus-2020-in-der-schlaganfallbehandlung","status":"publish","type":"post","link":"https:\/\/www.fuldaernachrichten.de\/?p=184746","title":{"rendered":"FOCUS-Auszeichnung f\u00fcr das Klinikum Fulda &#8211; Klinik f\u00fcr Neurologie ist \u00e2\u20ac\u00a8TOP-Krankenhaus 2020 in der Schlaganfallbehandlung"},"content":{"rendered":"<p>Die Kliniken und Fachbereiche des Klinikums Fulda sind regelm\u00e4\u00dfig auf den FOCUS Besten-Listen vertreten. Aktuell erh\u00e4lt die Klinik f\u00fcr Neurologie von Direktor Prof. Dr. Tobias Neumann-Haefelin in der neuesten Ausgabe von FOCUS Gesundheit \u201eFit und Gesund im Alter\u201c (5\/2020) die Auszeichnung f\u00fcr die Behandlung von Schlaganf\u00e4llen.<\/p>\n<p>Die Klinik f\u00fcr Neurologie des Klinikum Fulda verf\u00fcgt seit vielen Jahren \u00fcber eine spezielle Schlaganfall-Spezialstation. Die sog. \u201eStroke Unit\u201c wird regelm\u00e4\u00dfig von der Schlaganfall -Fachgesellschaft als \u201e\u00dcberregionale Stroke Unit\u201c zertifiziert, der h\u00f6chsten Stufe der Versorgung von Schlaganf\u00e4llen in Deutschland.<\/p>\n<p>Die Fuldaer Stroke Unit verf\u00fcgt \u00fcber 12 Betten. Dort werden j\u00e4hrlich \u00fcber 1.000 Schlaganfallpatienten aus ganz Osthessen behandelt. Die Behandlung erfolgt durch ein qualifiziertes und motiviertes Team aus \u00c4rzten, Pflegekr\u00e4ften, Physiotherapeuten, Logo- und Ergotherapeuten und vielen weiteren beteiligten Abteilungen. Zusammen mit der Neuroradiologie (Direktor Priv.-Doz. Dr. Kai Kallenberg) werden modernste Katheterverfahren zur Entfernung von Gerinnseln aus Schlagadern &#8211; so genannte Thrombektomien &#8211; angeboten. Das Fuldaer Thrombektomie-Zentrum z\u00e4hlt zu gr\u00f6\u00dften in Deutschland. \u201eWir freuen uns \u00fcber die Auszeichnung, die die Arbeit des gesamten Teams w\u00fcrdigt,\u201c sagt Prof. Neumann-Haefelin und betont: \u201ebei all den therapeutischen M\u00f6glichkeiten ist es uns ein besonderes Anliegen, eine \u201emenschliche Medizin\u201c zu praktizieren, die auf die Bed\u00fcrfnisse des jeweiligen Patienten abgestimmt ist.\u201c<\/p>\n<p>&nbsp;<\/p>\n","protected":false},"excerpt":{"rendered":"<div class=\"tmnf_excerpt\"><p>Die Kliniken und Fachbereiche des Klinikums Fulda sind regelm\u00e4\u00dfig auf den FOCUS Besten-Listen vertreten. Aktuell erh\u00e4lt die Klinik f\u00fcr Neurologie von Direktor Prof. Dr. Tobias Neumann-Haefelin in der neuesten Ausgabe von FOCUS Gesundheit \u201eFit und Gesund im Alter\u201c (5\/2020) die Auszeichnung f\u00fcr die Behandlung von Schlaganf\u00e4llen. Die Klinik f\u00fcr Neurologie des Klinikum Fulda verf\u00fcgt seit &hellip;<\/p>\n<\/div>","protected":false},"author":1,"featured_media":184747,"comment_status":"closed","ping_status":"closed","sticky":false,"template":"","format":"standard","meta":{"footnotes":""},"categories":[1],"tags":[],"class_list":["post-184746","post","type-post","status-publish","format-standard","has-post-thumbnail","hentry","category-startseite"],"_links":{"self":[{"href":"https:\/\/www.fuldaernachrichten.de\/index.php?rest_route=\/wp\/v2\/posts\/184746","targetHints":{"allow":["GET"]}}],"collection":[{"href":"https:\/\/www.fuldaernachrichten.de\/index.php?rest_route=\/wp\/v2\/posts"}],"about":[{"href":"https:\/\/www.fuldaernachrichten.de\/index.php?rest_route=\/wp\/v2\/types\/post"}],"author":[{"embeddable":true,"href":"https:\/\/www.fuldaernachrichten.de\/index.php?rest_route=\/wp\/v2\/users\/1"}],"replies":[{"embeddable":true,"href":"https:\/\/www.fuldaernachrichten.de\/index.php?rest_route=%2Fwp%2Fv2%2Fcomments&post=184746"}],"version-history":[{"count":1,"href":"https:\/\/www.fuldaernachrichten.de\/index.php?rest_route=\/wp\/v2\/posts\/184746\/revisions"}],"predecessor-version":[{"id":184748,"href":"https:\/\/www.fuldaernachrichten.de\/index.php?rest_route=\/wp\/v2\/posts\/184746\/revisions\/184748"}],"wp:featuredmedia":[{"embeddable":true,"href":"https:\/\/www.fuldaernachrichten.de\/index.php?rest_route=\/wp\/v2\/media\/184747"}],"wp:attachment":[{"href":"https:\/\/www.fuldaernachrichten.de\/index.php?rest_route=%2Fwp%2Fv2%2Fmedia&parent=184746"}],"wp:term":[{"taxonomy":"category","embeddable":true,"href":"https:\/\/www.fuldaernachrichten.de\/index.php?rest_route=%2Fwp%2Fv2%2Fcategories&post=184746"},{"taxonomy":"post_tag","embeddable":true,"href":"https:\/\/www.fuldaernachrichten.de\/index.php?rest_route=%2Fwp%2Fv2%2Ftags&post=184746"}],"curies":[{"name":"wp","href":"https:\/\/api.w.org\/{rel}","templated":true}]}}