{"id":184731,"date":"2020-07-23T08:59:53","date_gmt":"2020-07-23T06:59:53","guid":{"rendered":"http:\/\/www.fuldaer-nachrichten.de\/?p=184731"},"modified":"2020-07-23T08:59:53","modified_gmt":"2020-07-23T06:59:53","slug":"zukunftsstart-fuer-18-angehende-handelsfachwirte-bei-tegut-duale-qualifizierung-mit-tegut-und-dem-bildungsunternehmen-dr-jordan","status":"publish","type":"post","link":"https:\/\/www.fuldaernachrichten.de\/?p=184731","title":{"rendered":"Zukunftsstart f\u00fcr 18 angehende Handelsfachwirte bei tegut\u00e2\u20ac\u00a6 Duale Qualifizierung mit tegut\u00e2\u20ac\u00a6 und dem Bildungsunternehmen Dr. Jordan"},"content":{"rendered":"<p>Eine der vielf\u00e4ltigen Chancen der beruflichen Weiterentwicklung im Handel haben 18 junge Einzelhandelskaufleute ergriffen und starteten in der zweiten Juliwoche in ihre 2-j\u00e4hrige Weiterbildung Handelsfachwirt<sup>+<\/sup> bei tegut&#8230;<\/p>\n<p>&nbsp;<\/p>\n<p><strong>Willkommen in der Lernwelt von tegut\u00e2\u20ac\u00a6<\/strong><\/p>\n<p>Mit einem Film mit Impressionen von den Highlights der Weiterbildung \u2013 Besuch der Gr\u00fcnen Woche in Berlin, Segelt\u00f6rn und dem traditionellen Theater-Workshop, die auch die Teilnehmer des dritten Jahrgangs Handelsfachwirt<sup>+<\/sup> bei tegut\u00e2\u20ac\u00a6 erwarten, startete die Einschulungsfeier. Benjamin Br\u00e4hler, Leiter akademie\/ Talent Management bei tegut\u00e2\u20ac\u00a6, begr\u00fc\u00dfte die k\u00fcnftigen Handelsfachwirte im Fuldaer Bonifatiushaus mit den Worten: \u201eHerzlich willkommen in der Lernwelt von tegut\u00e2\u20ac\u00a6, die Ihnen vielf\u00e4ltige Entwicklungschancen und Lernm\u00f6glichkeiten bietet. Nutzen Sie diese, finden Sie Ihren eigenen Weg, seien Sie offen f\u00fcr neue Wege und werden Sie zusammen zu einer guten Mannschaft, in der Sie als Einzelne mal vorne weg, mal hinterher gehen und von dort anschieben. Gl\u00fcck auf f\u00fcr den Handelsfachwirt<sup>+<\/sup> 2020.\u201c<\/p>\n<p>&nbsp;<\/p>\n<p><strong>F\u00fchrungskr\u00e4fte aus den eigenen Reihen<\/strong><\/p>\n<p>Karl-Heinz Brand, Leiter Personelles \u2013 Mitglied der tegut\u00e2\u20ac\u00a6 Gesch\u00e4ftsleitung, begr\u00fc\u00dfte die zuk\u00fcnftigen Handelsfachwirte und begl\u00fcckw\u00fcnschte sie zu diesem Schritt. Er dankte auch Monika Jordan vom Bildungsunternehmen Dr. Jordan, f\u00fcr die langj\u00e4hrige erfolgreiche Zusammenarbeit und die Offenheit des Unternehmens, Ver\u00e4nderungen zu erm\u00f6glichen.<br \/>\n\u201eZiel unserer Weiterbildung ist es, dass Sie anschlie\u00dfend F\u00fchrungsverantwortung \u00fcbernehmen k\u00f6nnen. Aufgrund unserer Expansion haben wir in den n\u00e4chsten zehn Jahren einen starken Mitarbeiterbedarf, insbesondere an F\u00fchrungskr\u00e4ften \u2013 ein Teil davon sind Sie. Deshalb nehmen Sie die Herausforderungen an, auch ein Ortswechsel st\u00e4rkt die Pers\u00f6nlichkeit. Nutzen Sie die vielen Lern- und Leistungsm\u00f6glichkeiten und bedenken dabei immer, dass vor der F\u00fchrung die Selbstf\u00fchrung kommt, um anschlie\u00dfend ein gutes Vorbild sein zu k\u00f6nnen. Gute F\u00fchrungskr\u00e4fte bringen tegut\u00e2\u20ac\u00a6 voran,\u201c betonte Karl-Heinz Brand und w\u00fcnschte einen guten Start und viel Erfolg f\u00fcr die Weiterbildung zum Handelsfachwirt+.<\/p>\n<p>&nbsp;<\/p>\n<p><strong>Einen Rucksack voller Erfahrungen sammeln<\/strong><\/p>\n<p>Dieter Januschke, tegut\u00e2\u20ac\u00a6 Gebietsverantwortlicher und Ansprechpartner f\u00fcr Aus- und Weiterbildung im Vertrieb Superm\u00e4rkte, zeigte den k\u00fcnftigen Handelsfachwirten die Perspektiven nach ihrer Ausbildung auf: \u201etegut\u00e2\u20ac\u00a6 expandiert vor allem in M\u00fcnchen, Stuttgart und im Rhein-Main-Gebiet und braucht dort und auch in den bestehenden Filialen viele gut ausgebildete F\u00fchrungskr\u00e4fte mit tegut\u00e2\u20ac\u00a6 DNA, die in den Expansionsgebieten Pionierarbeit leisten und die erfolgreiche Arbeit im Bestandsgebiet fortsetzen. Deshalb, verschaffen Sie sich einen guten \u00dcberblick, nehmen Sie die Herausforderungen der Weiterbildung wie Filialwechsel an, machen Sie sich Pl\u00e4ne \u2013 kurz-, mittel- und langfristig und lernen aus Fehlern, sammeln Sie einen Rucksack voller Erfahrungen. Und nun viel Erfolg!\u201c<\/p>\n<p>&nbsp;<\/p>\n<p><strong>Begeisterung weitergeben<\/strong><\/p>\n<p>\u201eDu kannst nur das in anderen entz\u00fcnden, was in dir selbst brennt.\u201c Mit diesem Zitat von Marc Aurel begr\u00fc\u00dfte Luisa Atzert, Leiterin Erwachsenenbildung beim Bildungsunternehmen Dr. Jordan, die neuen angehenden Handelsfachwirte+.. \u201eStecken Sie mit Ihrer Begeisterung f\u00fcr Ihre Arbeit Ihre Kunden, Kollegen, Mitarbeitende an. Wir freuen uns auf Sie und werden Sie auf Ihrem Weg schulisch begleiten und sind jederzeit Ansprechpartner, wenn Sie Fragen haben.\u201c<\/p>\n<p>&nbsp;<\/p>\n<p><strong>\u00dcber den Handelsfachwirt<sup>+<\/sup> bei tegut\u00e2\u20ac\u00a6<\/strong><\/p>\n<p>Der Handelsfachwirt<sup>+<\/sup> ist das 25-monatige tegut\u00e2\u20ac\u00a6 F\u00fchrungsnachwuchskr\u00e4fteprogramm, welches das Ziel hat, die Teilnehmer f\u00fcr eine Funktion als stellvertretende Filial-Gesch\u00e4ftsf\u00fchrer zu qualifizieren. Neben dem Abschluss des Gepr. Handelsfachwirtes IHK, absolvieren die Teilnehmer ein spannendes Begleitprogramm mit vielen internen Trainings sowie die Abschl\u00fcsse Teamleiter (IHK) und Ausbildereignung (nach AEVO).<\/p>\n<p>&nbsp;<\/p>\n<p><strong>Bildtext:<\/strong><\/p>\n<p>Start der Weiterbildung zum Handelsfachwirt<sup>+<\/sup> IHK bei tegut&#8230;: Die Nachwuchskr\u00e4fte mit (von links) G\u00fcnter Ledermann, tegut\u00e2\u20ac\u00a6 Betriebsratsvorsitzender; Yvonne Link, Referentin tegut\u00e2\u20ac\u00a6 akademie\/ Talent Management; Karl-Heinz Brand, Leiter Personelles &#8211; Mitglied der tegut\u00e2\u20ac\u00a6-Gesch\u00e4ftsf\u00fchrung; Dieter Januschke, Gebietsverantwortlicher Supermarkt; Benjamin Br\u00e4hler, Leiter tegut\u00e2\u20ac\u00a6 akademie\/ Talent Management; die 18 k\u00fcnftigen tegut\u00e2\u20ac\u00a6 Handelsfachwirte und Monika Jordan, Bildungsunternehmen Dr. Jordan und Luisa Atzert, Leiterin Erwachsenenbildung im Bildungsunternehmen Dr. Jordan.<\/p>\n","protected":false},"excerpt":{"rendered":"<div class=\"tmnf_excerpt\"><p>Eine der vielf\u00e4ltigen Chancen der beruflichen Weiterentwicklung im Handel haben 18 junge Einzelhandelskaufleute ergriffen und starteten in der zweiten Juliwoche in ihre 2-j\u00e4hrige Weiterbildung Handelsfachwirt+ bei tegut&#8230; &nbsp; Willkommen in der Lernwelt von tegut\u00e2\u20ac\u00a6 Mit einem Film mit Impressionen von den Highlights der Weiterbildung \u2013 Besuch der Gr\u00fcnen Woche in Berlin, Segelt\u00f6rn und dem traditionellen &hellip;<\/p>\n<\/div>","protected":false},"author":1,"featured_media":184732,"comment_status":"closed","ping_status":"closed","sticky":false,"template":"","format":"standard","meta":{"footnotes":""},"categories":[1],"tags":[],"class_list":["post-184731","post","type-post","status-publish","format-standard","has-post-thumbnail","hentry","category-startseite"],"_links":{"self":[{"href":"https:\/\/www.fuldaernachrichten.de\/index.php?rest_route=\/wp\/v2\/posts\/184731","targetHints":{"allow":["GET"]}}],"collection":[{"href":"https:\/\/www.fuldaernachrichten.de\/index.php?rest_route=\/wp\/v2\/posts"}],"about":[{"href":"https:\/\/www.fuldaernachrichten.de\/index.php?rest_route=\/wp\/v2\/types\/post"}],"author":[{"embeddable":true,"href":"https:\/\/www.fuldaernachrichten.de\/index.php?rest_route=\/wp\/v2\/users\/1"}],"replies":[{"embeddable":true,"href":"https:\/\/www.fuldaernachrichten.de\/index.php?rest_route=%2Fwp%2Fv2%2Fcomments&post=184731"}],"version-history":[{"count":1,"href":"https:\/\/www.fuldaernachrichten.de\/index.php?rest_route=\/wp\/v2\/posts\/184731\/revisions"}],"predecessor-version":[{"id":184733,"href":"https:\/\/www.fuldaernachrichten.de\/index.php?rest_route=\/wp\/v2\/posts\/184731\/revisions\/184733"}],"wp:featuredmedia":[{"embeddable":true,"href":"https:\/\/www.fuldaernachrichten.de\/index.php?rest_route=\/wp\/v2\/media\/184732"}],"wp:attachment":[{"href":"https:\/\/www.fuldaernachrichten.de\/index.php?rest_route=%2Fwp%2Fv2%2Fmedia&parent=184731"}],"wp:term":[{"taxonomy":"category","embeddable":true,"href":"https:\/\/www.fuldaernachrichten.de\/index.php?rest_route=%2Fwp%2Fv2%2Fcategories&post=184731"},{"taxonomy":"post_tag","embeddable":true,"href":"https:\/\/www.fuldaernachrichten.de\/index.php?rest_route=%2Fwp%2Fv2%2Ftags&post=184731"}],"curies":[{"name":"wp","href":"https:\/\/api.w.org\/{rel}","templated":true}]}}