{"id":184728,"date":"2020-07-23T08:58:21","date_gmt":"2020-07-23T06:58:21","guid":{"rendered":"http:\/\/www.fuldaer-nachrichten.de\/?p=184728"},"modified":"2020-07-23T08:58:21","modified_gmt":"2020-07-23T06:58:21","slug":"caritas-pflegeschule-in-fulda-bietet-aus-und-weiterbildung-voellig-neues-curriculum-fuer-verbesserte-lehr-und-lernbedingungen-schulgebaeude-um-eine-etage-aufgestockt","status":"publish","type":"post","link":"https:\/\/www.fuldaernachrichten.de\/?p=184728","title":{"rendered":"Caritas-Pflegeschule in Fulda bietet Aus- und Weiterbildung \u2013 v\u00f6llig neues Curriculum \u2013 f\u00fcr verbesserte Lehr- und Lernbedingungen Schulgeb\u00e4ude um eine Etage aufgestockt"},"content":{"rendered":"<p>Nichts ist mehr wie es war: Der Wechsel zur so genannten generalistischen Pflegeausbildung ist deutschlandweit vollzogen. Ab jetzt erlernen neue Berufseinsteiger also nicht mehr entweder den Kranken- bzw. Kinderkrankenpflegeberuf oder die Altenpflege, sondern sie werden grunds\u00e4tzlich umfassend zu Einsatzkr\u00e4ften ausgebildet, die w\u00e4hrend der Lehrzeit in allen Bereichen der Pflege praktische Erfahrungen sammeln m\u00fcssen und in diesen Arbeitsfeldern umfassend geschult werden.<\/p>\n<p>&nbsp;<\/p>\n<p>Entsprechend wurde aus der Fuldaer Caritas-Altenpflegeschule die Caritas-Pflegeschule. Um dabei den nochmals gestiegenen Anforderungen an den Schulalltag gerecht zu werden und ihren Sch\u00fclerinnen und Sch\u00fclern optimale Lehr- und Lernbedingungen zu schaffen, hat die Caritas als Tr\u00e4ger ihre Pflegeschule am bekannten, citynahen Standort in der Ratgarstra\u00dfe vollkommen durchsanieren lassen. \u201eF\u00fcr mehr Platz und wurde das Geb\u00e4ude um ein Stockwerk nach oben erweitert\u201c, erl\u00e4utert Di\u00f6zesan-Caritasdirektor Dr. Markus Juch. \u201eNun gibt es neben mit modernster Technik ausgestatteten Schulungsr\u00e4umen und vielseitig einsetzbaren Arbeitslaboren auch Aufenthaltsr\u00e4ume f\u00fcr die Sch\u00fclerschaft, und es steht allen auch eine Cafeteria zur Verf\u00fcgung!\u201c \u201eDer fertige Erweiterungsbau wird noch vor dem Start der neuen Pflegeausbildung im Oktober vollst\u00e4ndig in Betrieb genommen\u201c, erg\u00e4nzt Altenhilfe-Ressortleiterin Kristin Klinzing. \u201eOb und in welcher Form wir das Geb\u00e4ude allerdings im Herbst offiziell mit einer Feier einweihen k\u00f6nnen, h\u00e4ngt nat\u00fcrlich von den dann g\u00fcltigen Rahmenbedingungen durch die Corona-Pandemie ab.\u201c<\/p>\n<p>&nbsp;<\/p>\n<p>Neben den Altenpflegeheimen in unterschiedlicher Tr\u00e4gerschaft und den Sozialstationen f\u00fcr ambulante Pflege kamen als Ausbildungspartner der Caritas-Pflegeschule nun auch Krankenh\u00e4user der Region \u2013 etwas in Fulda, H\u00fcnfeld und Lauterbach \u2013 hinzu. \u201eDank unserer charakterlich und vom Arbeitsfeld her so unterschiedlichen Ausbildungspartner k\u00f6nnen wir sicherstellen, dass Pflegesch\u00fclerinnen und Pflegesch\u00fcler der Caritas-Pflegeschule w\u00e4hrend ihrer Ausbildungszeit die unterschiedlichsten Einsatzfelder kennenlernen und sich unter ganz verschiedenen Arbeitsbedingungen bew\u00e4hren m\u00fcssen\u201c, erl\u00e4utert Schulleiterin Dajana Herbst. \u201ePraxisanleiter in den an der Ausbildung beteiligten Einrichtungen und unser Dozententeam arbeiten dabei Hand in Hand \u2013 die Sch\u00fclerinnen und Sch\u00fcler haben also eine umfassende Begleitung, um sowohl die praktische Ausbildung als auch die theoretischen Inhalte alle zuversichtlich angehen und ihre dreij\u00e4hrige Ausbildung durchlaufen zu k\u00f6nnen!\u201c<\/p>\n<p>&nbsp;<\/p>\n<p>Im Oktober 2020 startet an der Fuldaer Caritas-Schule also der erste Jahrgang in dieser neuen generalistischen Pflegeausbildung, die \u00fcber drei Ausbildungsjahre l\u00e4uft. Die Schule bietet aber auch noch weitere Ausbildungen wie ab M\u00e4rz 2021 die einj\u00e4hrige Schulung zur Pflegehelferin bzw. zum Pflegehelfer oder die zweij\u00e4hrige Ausbildung \u201ePflege in Hessen integriert\u201c, die sich vor allem an junge Menschen mit Migrationshintergrund wendet und innerhalb zweier Jahre Schulung zum Hauptschulabschluss und Pflegehelferkurs anbietet. Des Weiteren bietet die Pflegeschule zahlreiche Fortbildungsangebote f\u00fcr Pflegekr\u00e4fte und Teams, die bereits in der Branche t\u00e4tig sind und sich weiter qualifizieren bzw. f\u00fcr spezielle Aufgaben schulen wollen.<\/p>\n<p>&nbsp;<\/p>\n<p>Informationen f\u00fcr Interessierte an der Pflegeausbildung: <a href=\"http:\/\/www.caritaspflegeschule.de\/\">www.caritaspflegeschule.de<\/a>.<\/p>\n","protected":false},"excerpt":{"rendered":"<div class=\"tmnf_excerpt\"><p>Nichts ist mehr wie es war: Der Wechsel zur so genannten generalistischen Pflegeausbildung ist deutschlandweit vollzogen. Ab jetzt erlernen neue Berufseinsteiger also nicht mehr entweder den Kranken- bzw. Kinderkrankenpflegeberuf oder die Altenpflege, sondern sie werden grunds\u00e4tzlich umfassend zu Einsatzkr\u00e4ften ausgebildet, die w\u00e4hrend der Lehrzeit in allen Bereichen der Pflege praktische Erfahrungen sammeln m\u00fcssen und in &hellip;<\/p>\n<\/div>","protected":false},"author":1,"featured_media":184729,"comment_status":"closed","ping_status":"closed","sticky":false,"template":"","format":"standard","meta":{"footnotes":""},"categories":[1],"tags":[],"class_list":["post-184728","post","type-post","status-publish","format-standard","has-post-thumbnail","hentry","category-startseite"],"_links":{"self":[{"href":"https:\/\/www.fuldaernachrichten.de\/index.php?rest_route=\/wp\/v2\/posts\/184728","targetHints":{"allow":["GET"]}}],"collection":[{"href":"https:\/\/www.fuldaernachrichten.de\/index.php?rest_route=\/wp\/v2\/posts"}],"about":[{"href":"https:\/\/www.fuldaernachrichten.de\/index.php?rest_route=\/wp\/v2\/types\/post"}],"author":[{"embeddable":true,"href":"https:\/\/www.fuldaernachrichten.de\/index.php?rest_route=\/wp\/v2\/users\/1"}],"replies":[{"embeddable":true,"href":"https:\/\/www.fuldaernachrichten.de\/index.php?rest_route=%2Fwp%2Fv2%2Fcomments&post=184728"}],"version-history":[{"count":1,"href":"https:\/\/www.fuldaernachrichten.de\/index.php?rest_route=\/wp\/v2\/posts\/184728\/revisions"}],"predecessor-version":[{"id":184730,"href":"https:\/\/www.fuldaernachrichten.de\/index.php?rest_route=\/wp\/v2\/posts\/184728\/revisions\/184730"}],"wp:featuredmedia":[{"embeddable":true,"href":"https:\/\/www.fuldaernachrichten.de\/index.php?rest_route=\/wp\/v2\/media\/184729"}],"wp:attachment":[{"href":"https:\/\/www.fuldaernachrichten.de\/index.php?rest_route=%2Fwp%2Fv2%2Fmedia&parent=184728"}],"wp:term":[{"taxonomy":"category","embeddable":true,"href":"https:\/\/www.fuldaernachrichten.de\/index.php?rest_route=%2Fwp%2Fv2%2Fcategories&post=184728"},{"taxonomy":"post_tag","embeddable":true,"href":"https:\/\/www.fuldaernachrichten.de\/index.php?rest_route=%2Fwp%2Fv2%2Ftags&post=184728"}],"curies":[{"name":"wp","href":"https:\/\/api.w.org\/{rel}","templated":true}]}}