{"id":184722,"date":"2020-07-23T08:57:29","date_gmt":"2020-07-23T06:57:29","guid":{"rendered":"http:\/\/www.fuldaer-nachrichten.de\/?p=184722"},"modified":"2020-07-23T08:57:29","modified_gmt":"2020-07-23T06:57:29","slug":"27-fuldaer-wirtschaftstag-am-11-september-geht-neue-wege","status":"publish","type":"post","link":"https:\/\/www.fuldaernachrichten.de\/?p=184722","title":{"rendered":"27. Fuldaer Wirtschaftstag am 11. September geht neue Wege"},"content":{"rendered":"<p><b>Nachhaltigkeit ist ein Megatrend: Am 27. Fuldaer Wirtschaftstag greift die Industrie- und Handelskammer (IHK) Fulda das brandaktuelle Thema auf. Unter dem Titel \u201eWirtschaft \u2013 Werte \u2013 Wandel: Megatrend Nachhaltigkeit\u201c beleuchten am 11. September 2020 namhafte Referenten im Hotel Maritim ganz unterschiedliche Facetten des Mottos. <\/b><\/p>\n<p>Ihr Ziel: Bewusstsein schaffen, praktische Beispiele daf\u00fcr liefern, wie Unternehmen mit Nachhaltigkeit Geld verdienen k\u00f6nnen sowie Lust und Mut machen, sich mit diesen wichtigen Fragen auseinanderzusetzen.<\/p>\n<p>Spannende Impulse und praktische Ideen liefern die TV-Moderatorin Nina Ruge, der Direktor des Hamburgischen WeltWirtschaftsInstituts (HWWI), Professor Dr. Henning V\u00f6pel, Humor-Experte Dr. Roman F. Szeliga sowie der fr\u00fchere EU-Kommissar und ehemalige Ministerpr\u00e4sident Baden W\u00fcrttembergs G\u00fcnther H. Oettinger. Zudem tauschen sich Dr. Andreas M\u00f6ller (Trumpf GmbH &amp; Co. KG), Hubert Hermelingmeier (Miele &amp; Cie. KG) sowie die Existenzgr\u00fcnder Daniel Anthes (Kn\u00e4rzje GmbH) und Franziska Hannig (Inaska GmbH) dar\u00fcber aus, wie die praktische Umsetzung gelebter Nachhaltigkeit im Unternehmen gelingen kann. Moderiert wird die Podiumsdiskussion von Nina Ruge.<\/p>\n<p>Der Fuldaer Wirtschaftstag ist ein fester Termin im Veranstaltungskalender der Stadt Fulda. Geplant wurde der Kongress noch in Vor-Corona-Zeiten. \u201eKeine Frage, in diesem Jahr wird der Tag anders. Vor dem Hintergrund der Corona-Krise gehen wir neue Wege und sind selbst gespannt auf das Experiment\u201c, erl\u00e4utert IHK-Pr\u00e4sident Dr. Christian Gebhardt. Wie in jedem Jahr ist die Orangerie des Hotels Maritim Tagungsort f\u00fcr die Live-Veranstaltung. Nach aktuellem Stand der Abstandsregeln k\u00f6nnen dort rund 100 Personen tagen.<\/p>\n<p>Dar\u00fcber hinaus werden die Vortr\u00e4ge in eine Satelliten-Location gestreamt, die virtuell mit der Orangerie verbunden ist \u2013 die Veranstaltungsorte werden festgelegt, sobald die Teilnehmerzahlen stehen. \u201eWir sind gespannt, wie viele Unternehmen sich f\u00fcr dieses Konzept entscheiden werden\u201c, so Dr. Christian Gebhardt.<\/p>\n<p>Ebenfalls neu: \u201eStart-ups, deren Unternehmen zum Zeitpunkt des Fuldaer Wirtschaftstages nicht \u00e4lter als zwei Jahre sind, nehmen verg\u00fcnstigt teil\u201c, informiert Michael Konow. \u201eDamit greifen wir einen Wunsch unserer Mitgliedsunternehmen auf\u201c, so der Hauptgesch\u00e4ftsf\u00fchrer der IHK Fulda. Nicht zuletzt k\u00f6nnten Studierende in diesem Jahr k\u00f6nnen kostenlos an der Veranstaltung teilnehmen. \u201eUnser Ziel ist es, dass sie so eine Idee davon bekommen, wie spannend es ist, ein eigenes Unternehmen zu gr\u00fcnden. Kurz, hier machen wir Gr\u00fcndermarketing f\u00fcr die Region.\u201c<\/p>\n<p>Schnell zu buchen lohnt sich, \u201edenn das Live-Event wird nat\u00fcrlich stark nachgefragt\u201c, empfiehlt Konow. Aber dank der Streaming-Location k\u00f6nnen wir die Teilnehmerzahl ausweiten. \u201eUnd diese Chance sollten Unternehmen nutzen, denn Nachhaltigkeit wird immer mehr zu einem wichtigen Wirtschaftsfaktor\u201c, ist der Hauptgesch\u00e4ftsf\u00fchrer der IHK Fulda \u00fcberzeugt.<\/p>\n<p>Anmeldungen sind ausschlie\u00dflich online m\u00f6glich. Alle Informationen unter <a href=\"x-webdoc:\/\/861B7BD0-B4E4-41D5-94BB-751F49CCEBA2\/www.ihk-fulda.de\">www.ihk-fulda.de<\/a>.<\/p>\n","protected":false},"excerpt":{"rendered":"<div class=\"tmnf_excerpt\"><p>Nachhaltigkeit ist ein Megatrend: Am 27. Fuldaer Wirtschaftstag greift die Industrie- und Handelskammer (IHK) Fulda das brandaktuelle Thema auf. Unter dem Titel \u201eWirtschaft \u2013 Werte \u2013 Wandel: Megatrend Nachhaltigkeit\u201c beleuchten am 11. September 2020 namhafte Referenten im Hotel Maritim ganz unterschiedliche Facetten des Mottos. Ihr Ziel: Bewusstsein schaffen, praktische Beispiele daf\u00fcr liefern, wie Unternehmen mit &hellip;<\/p>\n<\/div>","protected":false},"author":1,"featured_media":184723,"comment_status":"closed","ping_status":"closed","sticky":false,"template":"","format":"standard","meta":{"footnotes":""},"categories":[1],"tags":[],"class_list":["post-184722","post","type-post","status-publish","format-standard","has-post-thumbnail","hentry","category-startseite"],"_links":{"self":[{"href":"https:\/\/www.fuldaernachrichten.de\/index.php?rest_route=\/wp\/v2\/posts\/184722","targetHints":{"allow":["GET"]}}],"collection":[{"href":"https:\/\/www.fuldaernachrichten.de\/index.php?rest_route=\/wp\/v2\/posts"}],"about":[{"href":"https:\/\/www.fuldaernachrichten.de\/index.php?rest_route=\/wp\/v2\/types\/post"}],"author":[{"embeddable":true,"href":"https:\/\/www.fuldaernachrichten.de\/index.php?rest_route=\/wp\/v2\/users\/1"}],"replies":[{"embeddable":true,"href":"https:\/\/www.fuldaernachrichten.de\/index.php?rest_route=%2Fwp%2Fv2%2Fcomments&post=184722"}],"version-history":[{"count":1,"href":"https:\/\/www.fuldaernachrichten.de\/index.php?rest_route=\/wp\/v2\/posts\/184722\/revisions"}],"predecessor-version":[{"id":184724,"href":"https:\/\/www.fuldaernachrichten.de\/index.php?rest_route=\/wp\/v2\/posts\/184722\/revisions\/184724"}],"wp:featuredmedia":[{"embeddable":true,"href":"https:\/\/www.fuldaernachrichten.de\/index.php?rest_route=\/wp\/v2\/media\/184723"}],"wp:attachment":[{"href":"https:\/\/www.fuldaernachrichten.de\/index.php?rest_route=%2Fwp%2Fv2%2Fmedia&parent=184722"}],"wp:term":[{"taxonomy":"category","embeddable":true,"href":"https:\/\/www.fuldaernachrichten.de\/index.php?rest_route=%2Fwp%2Fv2%2Fcategories&post=184722"},{"taxonomy":"post_tag","embeddable":true,"href":"https:\/\/www.fuldaernachrichten.de\/index.php?rest_route=%2Fwp%2Fv2%2Ftags&post=184722"}],"curies":[{"name":"wp","href":"https:\/\/api.w.org\/{rel}","templated":true}]}}