{"id":184715,"date":"2020-07-23T08:56:30","date_gmt":"2020-07-23T06:56:30","guid":{"rendered":"http:\/\/www.fuldaer-nachrichten.de\/?p=184715"},"modified":"2020-07-23T08:56:30","modified_gmt":"2020-07-23T06:56:30","slug":"regiomarkt-und-genusswochen-geniessen-und-entdecken-auf-der-%e2%80%a8pauluspromenade","status":"publish","type":"post","link":"https:\/\/www.fuldaernachrichten.de\/?p=184715","title":{"rendered":"Regio\u00e2\u20ac\u02dcmarkt und genuss\u00e2\u20ac\u02dcwochen &#8211; Geniessen und entdecken auf der \u00e2\u20ac\u00a8Pauluspromenade"},"content":{"rendered":"<p><a href=\"http:\/\/www.fuldaer-nachrichten.de\/wp-content\/uploads\/2020\/07\/2019_Bonifatius-Domplatz_-Foto-Christian-Tech.jpg\"><img decoding=\"async\" class=\"alignleft size-thumbnail wp-image-184717\" src=\"http:\/\/www.fuldaer-nachrichten.de\/wp-content\/uploads\/2020\/07\/2019_Bonifatius-Domplatz_-Foto-Christian-Tech-265x177.jpg\" alt=\"\" width=\"265\" height=\"177\" srcset=\"https:\/\/www.fuldaernachrichten.de\/wp-content\/uploads\/2020\/07\/2019_Bonifatius-Domplatz_-Foto-Christian-Tech-265x177.jpg 265w, https:\/\/www.fuldaernachrichten.de\/wp-content\/uploads\/2020\/07\/2019_Bonifatius-Domplatz_-Foto-Christian-Tech-600x400.jpg 600w, https:\/\/www.fuldaernachrichten.de\/wp-content\/uploads\/2020\/07\/2019_Bonifatius-Domplatz_-Foto-Christian-Tech-768x512.jpg 768w, https:\/\/www.fuldaernachrichten.de\/wp-content\/uploads\/2020\/07\/2019_Bonifatius-Domplatz_-Foto-Christian-Tech.jpg 900w\" sizes=\"(max-width: 265px) 100vw, 265px\" \/><\/a>Vom 30. Juli bis zum 30. August 2020 wird die Pauluspromenade wieder zum Genussort \u2013 und das ganz Corona-konform. In zwei Zelten finden sich der regio\u00e2\u20ac\u02dcmarkt, in dem regionale Direktvermarkter und Mitglieder des Netzwerkes \u201ewertfoll\u201c ihre Produkte anbieten, sowie die genuss\u00e2\u20ac\u02dcwochen, eine Veranstaltung der Gastronomen, die in den vergangenen Jahren das Genussfestival durchgef\u00fchrt haben.<\/p>\n<p>\u201eUnser Ziel ist es, in Zeiten von Corona die Attraktivit\u00e4t unserer Stadt weiter zu steigern und den Anbietern des regio\u00e2\u20ac\u02dcmarktes und den heimischen Gastronomen eine weitere Pr\u00e4sentations- und Verkaufsplattform zu bieten. Damit setzen wir als Stadt in diesen schwierigen Zeiten ein positives Signal f\u00fcr B\u00fcrgerinnen und B\u00fcrger wie G\u00e4ste gleicherma\u00dfen\u201c, erkl\u00e4rt Oberb\u00fcrgermeister Dr. Heiko Wingenfeld. Schlie\u00dflich seien zahlreiche attraktive Veranstaltungen wie der Musical-Sommer, das Sch\u00fctzen- und Volksfest, das Stadtfest oder das Genussfestival der Corona-Pandemie zum Opfer gefallen. \u201eF\u00fcr dieses attraktive, den Corona-Regeln angepasste Angebot bietet die Pauluspromenade mit ihrem einmaligen Blick auf das Barockensemble von Dom und Michaelskirche einen wunderbaren Rahmen\u201c, so der Oberb\u00fcrgermeister. Er dankte in diesem Zusammenhang allen Beteiligten, die diese Idee des Stadtmarketings in Zusammenarbeit mit der Region Fulda GmbH so kurzfristig umgesetzt h\u00e4tten.<\/p>\n<p>Das Engagement der Stadt kommt bei den Genusswirten gut an. \u201eDie Spitzenk\u00f6che der Stadt und aus dem Landkreis verzaubern die G\u00e4ste aus Nah &amp; Fern mit ausgew\u00e4hlten Gaumenfreuden, edlen Tropfen und kulinarischer Kreativit\u00e4t im Schatten der alten Kastanien mit Blick von der Terrasse auf den Fuldaer Dom\u201c, so schw\u00e4rmt Marc Zuspann.<br \/>\nDie Gastgeber auf der Pauluspromenmade f\u00fcr jeweils eine Woche sind Zuspann a\u00c2\u00b4la carte, Nelles Catering, Costbar Casa-R-Ella, bankett sinnreich sowie Benjamin Kehl &amp; Patrick Spies mit \u201eKulinarik aus aller Welt\u201c. Weitere Informationen gibt es in K\u00fcrze auf www.region-fulda.de\/genusswochen.<\/p>\n<p>Die Pauluspromenade ist f\u00fcr die Dauer des regio\u00e2\u20ac\u02dcmarktes f\u00fcr die Durchfahrt von Fahrzeugen gesperrt, Fu\u00dfg\u00e4nger und Radfahrer k\u00f6nnen passieren. Der regio\u00e2\u20ac\u02dcmarkt hat t\u00e4glich von 11.00 bis 18.00 Uhr ge\u00f6ffnet, die genuss\u00e2\u20ac\u02dcwochen Donnerstag bis Sonntag von 11:00 bis 23:00 Uhr. Abweichende \u00d6ffnungszeiten sind m\u00f6glich, ebenso wie eine Verl\u00e4ngerung des Veranstaltungszeitraums.<\/p>\n","protected":false},"excerpt":{"rendered":"<div class=\"tmnf_excerpt\"><p>Vom 30. Juli bis zum 30. August 2020 wird die Pauluspromenade wieder zum Genussort \u2013 und das ganz Corona-konform. In zwei Zelten finden sich der regio\u00e2\u20ac\u02dcmarkt, in dem regionale Direktvermarkter und Mitglieder des Netzwerkes \u201ewertfoll\u201c ihre Produkte anbieten, sowie die genuss\u00e2\u20ac\u02dcwochen, eine Veranstaltung der Gastronomen, die in den vergangenen Jahren das Genussfestival durchgef\u00fchrt haben. \u201eUnser &hellip;<\/p>\n<\/div>","protected":false},"author":1,"featured_media":184716,"comment_status":"closed","ping_status":"closed","sticky":false,"template":"","format":"standard","meta":{"footnotes":""},"categories":[1],"tags":[],"class_list":["post-184715","post","type-post","status-publish","format-standard","has-post-thumbnail","hentry","category-startseite"],"_links":{"self":[{"href":"https:\/\/www.fuldaernachrichten.de\/index.php?rest_route=\/wp\/v2\/posts\/184715","targetHints":{"allow":["GET"]}}],"collection":[{"href":"https:\/\/www.fuldaernachrichten.de\/index.php?rest_route=\/wp\/v2\/posts"}],"about":[{"href":"https:\/\/www.fuldaernachrichten.de\/index.php?rest_route=\/wp\/v2\/types\/post"}],"author":[{"embeddable":true,"href":"https:\/\/www.fuldaernachrichten.de\/index.php?rest_route=\/wp\/v2\/users\/1"}],"replies":[{"embeddable":true,"href":"https:\/\/www.fuldaernachrichten.de\/index.php?rest_route=%2Fwp%2Fv2%2Fcomments&post=184715"}],"version-history":[{"count":1,"href":"https:\/\/www.fuldaernachrichten.de\/index.php?rest_route=\/wp\/v2\/posts\/184715\/revisions"}],"predecessor-version":[{"id":184718,"href":"https:\/\/www.fuldaernachrichten.de\/index.php?rest_route=\/wp\/v2\/posts\/184715\/revisions\/184718"}],"wp:featuredmedia":[{"embeddable":true,"href":"https:\/\/www.fuldaernachrichten.de\/index.php?rest_route=\/wp\/v2\/media\/184716"}],"wp:attachment":[{"href":"https:\/\/www.fuldaernachrichten.de\/index.php?rest_route=%2Fwp%2Fv2%2Fmedia&parent=184715"}],"wp:term":[{"taxonomy":"category","embeddable":true,"href":"https:\/\/www.fuldaernachrichten.de\/index.php?rest_route=%2Fwp%2Fv2%2Fcategories&post=184715"},{"taxonomy":"post_tag","embeddable":true,"href":"https:\/\/www.fuldaernachrichten.de\/index.php?rest_route=%2Fwp%2Fv2%2Ftags&post=184715"}],"curies":[{"name":"wp","href":"https:\/\/api.w.org\/{rel}","templated":true}]}}