{"id":184713,"date":"2020-07-23T08:55:14","date_gmt":"2020-07-23T06:55:14","guid":{"rendered":"http:\/\/www.fuldaer-nachrichten.de\/?p=184713"},"modified":"2020-07-23T08:55:14","modified_gmt":"2020-07-23T06:55:14","slug":"caritas-altenhilfe-und-pflegeheime-mit-vorbeugenden-konzepten-gegen-gewalt-in-der-pflege-wichtige-voraussetzung-dabei-vermeidung-von-stress-und-ueberforderung","status":"publish","type":"post","link":"https:\/\/www.fuldaernachrichten.de\/?p=184713","title":{"rendered":"Caritas-Altenhilfe und Pflegeheime mit vorbeugenden Konzepten gegen Gewalt in der Pflege \u2013 wichtige Voraussetzung dabei Vermeidung von Stress und \u00dcberforderung"},"content":{"rendered":"<p>Gewalt in der Pflege ist \u2013 leider \u2013 ein weit verbreitetes Ph\u00e4nomen, wie verschiedene Presseverlautbarungen in der j\u00fcngsten Vergangenheit deutlich machten. Gewalt kann von Pflegenden ausgehen, aber auch von den zu pflegenden Personen. Gewaltt\u00e4tigkeit hat dabei keinesfalls immer mit B\u00f6sartigkeit zu tun. Ursachen k\u00f6nnen auch Unachtsamkeit oder Stress und \u00dcberforderung sein. Umso wichtiger ist es, dass sich die Pflegeanbieter und die Pflegeeinrichtungen mit diesem Ph\u00e4nomen auseinandersetzen und pr\u00e4ventive Ma\u00dfnahmen ergreifen, um Tendenzen zu Gewalt fr\u00fchzeitig zu erkennen und zu verhindern.<\/p>\n<p>&nbsp;<\/p>\n<p>\u201eWir nehmen das Thema \u00e2\u20ac\u0161Gewalt in der Pflege\u00e2\u20ac\u02dc schon prophylaktisch sehr ernst\u201c, unterstreicht Di\u00f6zesan-Caritasdirektor Dr. Markus Juch. Vorbeugung erfolgt dabei durch einen \u201eLeitfaden zur Gewaltpr\u00e4vention in den station\u00e4ren Altenpflege-Einrichtungen des Di\u00f6zesan-Caritasverbandes Fulda\u201c. \u201eZiel dieses Leitfadens ist es, die Verantwortlichkeiten und Abl\u00e4ufe bez\u00fcglich der Gewaltpr\u00e4vention klar zu regeln\u201c, erl\u00e4utert Juch weiter.<\/p>\n<p>&nbsp;<\/p>\n<p>In der Pr\u00e4ventionsarbeit seiner Altenpflege-Einrichtungen zum Thema Gewalt setzt der Di\u00f6zesan-Caritasverband Fulda vor allem auch auf Endtabuisierung der Thematik. Um eine gezielte Gewaltpr\u00e4vention vor Ort zu f\u00f6rdern, so erl\u00e4utert es die Altenhilfe-Ressortleiterin Kristin Klinzing, sei es zun\u00e4chst erst einmal wichtig zu verstehen, wie vielschichtig sich Gewalt im pflegerischen Alltag zeigen k\u00f6nne. \u201eUnser erstes Ziel ist es daher, unseren Mitarbeitenden diese Problematik bewusst zu machen und sie f\u00fcr das Thema insgesamt zu sensibilisieren. Dar\u00fcber hinaus geht es uns darum, Pflegekr\u00e4fte in individuellen Pflegesituationen zu unterst\u00fctzen und sie in die Lage zu versetzen, angemessen mit schwierigem Verhalten von Schutzbefohlenen umgehen zu k\u00f6nnen, aber auch Handlungen von Kollegen kritisch zu hinterfragen\u201c, betont die Ressortleiterin.<\/p>\n<p>&nbsp;<\/p>\n<p>Durch Klarheit in den Zust\u00e4ndigkeiten soll verhindert werden, dass sogenannte Gewaltspiralen entstehen k\u00f6nnen \u2013 etwa, weil Pflegeteams in Konfliktsituationen geraten, die sie aufgrund unklarer Kompetenzzuweisungen nicht aufl\u00f6sen k\u00f6nnen. Wichtige Instrumente sind dabei Reflexionshilfen wie Teamgespr\u00e4che und Fallanalysen, entsprechend thematisch ausgerichtete Fortbildungsangebote, Burnout-Prophylaxe, Supervision und seelsorgerische Begleitung sowie auch Aufkl\u00e4rung dar\u00fcber, in welcher Form Gewalt in der Pflege auftreten kann.<\/p>\n<p>&nbsp;<\/p>\n<p>\u201eDas ist ein ganz wichtiger Aspekt der Gewaltpr\u00e4vention\u201c, erl\u00e4utert Caritasdirektor Juch. \u201eNur, wenn man wei\u00df, wie umfassend Gewalt in der Pflege definiert ist, bekommt man einen Blick daf\u00fcr, welche Situationen und Konstellationen wom\u00f6glich heikel sind, und wie man solche Entwicklungen hin zu aufkommender Gewalt fr\u00fchzeitig verhindert!\u201c<\/p>\n<p>&nbsp;<\/p>\n<p>Interessierte erhalten von der Caritas mehr Informationen zum Thema \u201eGewaltpr\u00e4vention in der Pflege\u201c bei Caritas-Altenhilfe-Referentin Simone M\u00fcller, Mail-Kontakt <a href=\"mailto:simone.mueller@caritas-fulda.de\">simone.mueller@caritas-fulda.de<\/a>.<\/p>\n","protected":false},"excerpt":{"rendered":"<div class=\"tmnf_excerpt\"><p>Gewalt in der Pflege ist \u2013 leider \u2013 ein weit verbreitetes Ph\u00e4nomen, wie verschiedene Presseverlautbarungen in der j\u00fcngsten Vergangenheit deutlich machten. Gewalt kann von Pflegenden ausgehen, aber auch von den zu pflegenden Personen. Gewaltt\u00e4tigkeit hat dabei keinesfalls immer mit B\u00f6sartigkeit zu tun. Ursachen k\u00f6nnen auch Unachtsamkeit oder Stress und \u00dcberforderung sein. Umso wichtiger ist es, &hellip;<\/p>\n<\/div>","protected":false},"author":1,"featured_media":0,"comment_status":"closed","ping_status":"closed","sticky":false,"template":"","format":"standard","meta":{"footnotes":""},"categories":[1],"tags":[],"class_list":["post-184713","post","type-post","status-publish","format-standard","hentry","category-startseite"],"_links":{"self":[{"href":"https:\/\/www.fuldaernachrichten.de\/index.php?rest_route=\/wp\/v2\/posts\/184713","targetHints":{"allow":["GET"]}}],"collection":[{"href":"https:\/\/www.fuldaernachrichten.de\/index.php?rest_route=\/wp\/v2\/posts"}],"about":[{"href":"https:\/\/www.fuldaernachrichten.de\/index.php?rest_route=\/wp\/v2\/types\/post"}],"author":[{"embeddable":true,"href":"https:\/\/www.fuldaernachrichten.de\/index.php?rest_route=\/wp\/v2\/users\/1"}],"replies":[{"embeddable":true,"href":"https:\/\/www.fuldaernachrichten.de\/index.php?rest_route=%2Fwp%2Fv2%2Fcomments&post=184713"}],"version-history":[{"count":1,"href":"https:\/\/www.fuldaernachrichten.de\/index.php?rest_route=\/wp\/v2\/posts\/184713\/revisions"}],"predecessor-version":[{"id":184714,"href":"https:\/\/www.fuldaernachrichten.de\/index.php?rest_route=\/wp\/v2\/posts\/184713\/revisions\/184714"}],"wp:attachment":[{"href":"https:\/\/www.fuldaernachrichten.de\/index.php?rest_route=%2Fwp%2Fv2%2Fmedia&parent=184713"}],"wp:term":[{"taxonomy":"category","embeddable":true,"href":"https:\/\/www.fuldaernachrichten.de\/index.php?rest_route=%2Fwp%2Fv2%2Fcategories&post=184713"},{"taxonomy":"post_tag","embeddable":true,"href":"https:\/\/www.fuldaernachrichten.de\/index.php?rest_route=%2Fwp%2Fv2%2Ftags&post=184713"}],"curies":[{"name":"wp","href":"https:\/\/api.w.org\/{rel}","templated":true}]}}