{"id":184672,"date":"2020-07-23T08:22:03","date_gmt":"2020-07-23T06:22:03","guid":{"rendered":"http:\/\/www.fuldaer-nachrichten.de\/?p=184672"},"modified":"2020-07-23T08:22:03","modified_gmt":"2020-07-23T06:22:03","slug":"chefarztwechsel-am-klinikum-fulda-frau-dr-hilliard-zur-direktorin-der-klinik-fuer-psychiatrie-und-psychotherapie-%e2%80%a8ernannt","status":"publish","type":"post","link":"https:\/\/www.fuldaernachrichten.de\/?p=184672","title":{"rendered":"Chefarztwechsel am Klinikum Fulda &#8211; Frau Dr. Hilliard zur Direktorin der Klinik f\u00fcr Psychiatrie und Psychotherapie \u00e2\u20ac\u00a8ernannt"},"content":{"rendered":"<p>Am 01. Juli 2020 hat Fr. Dr. med. Solveigh Hilliard die Leitung der Klinik f\u00fcr Psychiatrie und Psychotherapie des Klinikums Fulda \u00fcbernommen. Als Direktorin der Klinik tritt sie die Nachfolge von Herrn Priv.-Doz. Dr. Christoph Schultz an, der Fulda im Fr\u00fchjahr 2020 aus pers\u00f6nlichen Gr\u00fcnden verlassen hat.<\/p>\n<p>Die geb\u00fcrtige Bad Hersfelderin absolvierte von 1980 bis 1986 ihr Studium der Humanmedizin an der Universit\u00e4tsklinik Hamburg-Eppendorf und erhielt im Januar 1987 ihre Approbation. Anschlie\u00dfend begann sie 1987 ihre berufliche Laufbahn als \u00c4rztin in Weiterbildung f\u00fcr das Fach Allgemeinmedizin im Kreiskrankenhaus Bremerv\u00f6rde.<\/p>\n<p>Nach Stationen in der Kaiserin-Auguste-Victoria-Krankenhaus Ehringshausen, dem Klinikum der J.W. Goethe-Universit\u00e4t Frankfurt, den Internistischen Abteilungen Idstein und Bad Schwalbach sowie in einer Praxis f\u00fcr Allgemeinmedizin in Nast\u00e4tten und einer chirurgische Praxis in Taunusstein-Hahn kam sie im Jahr 1999 nach Fulda. Zuvor hatte sie die Gebietsbezeichnung als Fach\u00e4rztin f\u00fcr Allgemeinmedizin erhalten.<\/p>\n<p>Von April 1999 bis M\u00e4rz 2004 absolvierte sie eine Psychiatrische Weiterbildung im Klinikum Fulda. Die Gebietsbezeichnung Fach\u00e4rztin f\u00fcr Psychiatrie und Psychotherapie wurde im Jahr 2005 von der Landes\u00e4rztekammer Hessen verliehen.<br \/>\nVon 2005 bis 2011 war sie als leitende \u00c4rztin der Guttempler Fachkliniken Mahlershof und Fachklinik Mackenzell in Burghaun t\u00e4tig.<\/p>\n<p>Seit 2011 ist Dr. Hilliard zun\u00e4chst gesch\u00e4ftsf\u00fchrende und seit 2013 als leitende Ober\u00e4rztin in der Klinik f\u00fcr Psychiatrie und Psychotherapie des Klinikums Fulda. Unter anderem war sie ma\u00dfgeblich daran beteiligt, eine offene Station f\u00fcr qualifizierte Entgiftungen f\u00fcr alkohol-, medikamenten- und drogenabh\u00e4ngige Patienten aufzubauen.<\/p>\n<p>Nach dem altersbedingtem Ausscheiden von Prof. Dr. Georg Wiedemann 2018 hatte Dr. Hilliard die Klinik bereits erfolgreich kommissarisch geleitet. Auch in der aktuellen \u00dcbergangsphase hat sie sich engagiert f\u00fcr die Patientinnen und Patienten, die F\u00fchrung der Klinik und f\u00fcr die Mitarbeiterinnen und Mitarbeiter eingesetzt.<\/p>\n<p>Die Klinik f\u00fcr Psychiatrie und Psychotherapie, die Frau Dr. Hilliard seit dem 01.Juli leitet, ist seit ihrer Er\u00f6ffnung im Jahre 1991 f\u00fcr die B\u00fcrgerinnen und B\u00fcrger der Region Fulda da und bietet eine umfassende und differenzierte Versorgung mit psychiatrischen, psychotherapeutischen und soziotherapeutischen Behandlungsangeboten.<\/p>\n<p>Der station\u00e4re Bereich der Klinik gliedert sich in sechs Stationen mit verschiedenen Schwerpunkten: Besch\u00fctzende Akut-Station (Station 1 Ost), Psychotische St\u00f6rungen (Station 2 Nord), Affektive St\u00f6rungen (Station 3 Ost), Seelische Erkrankungen im h\u00f6heren Lebensalter (Station 1 Nord), Dialektisch-Behaviorale Therapie (DBT) zur Behandlung von Pers\u00f6nlichkeitsst\u00f6rungen (Station 3 Nord) sowie Abh\u00e4ngigkeitserkrankungen (Station 2 Ost).<\/p>\n<p>\u201eWir freuen uns, dass Frau Dr. Hilliard die Leitung der Klinik f\u00fcr Psychiatrie und Psychotherapie \u00fcbernommen hat. Sie kennt die Klinik aus verschiedenen Positionen heraus bestens und hat das Vertrauen ihrer Kolleginnen und Kollegen,\u201c so Priv.-Doz. Dr. Thomas Menzel, Vorstandssprecher des Klinikums Fulda und erg\u00e4nzt: \u201eDie offizielle Amtseinf\u00fchrung von Frau Dr. Hilliard holen wir zu einem sp\u00e4teren Zeitpunkt nach!\u201c<\/p>\n","protected":false},"excerpt":{"rendered":"<div class=\"tmnf_excerpt\"><p>Am 01. Juli 2020 hat Fr. Dr. med. Solveigh Hilliard die Leitung der Klinik f\u00fcr Psychiatrie und Psychotherapie des Klinikums Fulda \u00fcbernommen. Als Direktorin der Klinik tritt sie die Nachfolge von Herrn Priv.-Doz. Dr. Christoph Schultz an, der Fulda im Fr\u00fchjahr 2020 aus pers\u00f6nlichen Gr\u00fcnden verlassen hat. Die geb\u00fcrtige Bad Hersfelderin absolvierte von 1980 bis &hellip;<\/p>\n<\/div>","protected":false},"author":1,"featured_media":184673,"comment_status":"closed","ping_status":"closed","sticky":false,"template":"","format":"standard","meta":{"footnotes":""},"categories":[1],"tags":[],"class_list":["post-184672","post","type-post","status-publish","format-standard","has-post-thumbnail","hentry","category-startseite"],"_links":{"self":[{"href":"https:\/\/www.fuldaernachrichten.de\/index.php?rest_route=\/wp\/v2\/posts\/184672","targetHints":{"allow":["GET"]}}],"collection":[{"href":"https:\/\/www.fuldaernachrichten.de\/index.php?rest_route=\/wp\/v2\/posts"}],"about":[{"href":"https:\/\/www.fuldaernachrichten.de\/index.php?rest_route=\/wp\/v2\/types\/post"}],"author":[{"embeddable":true,"href":"https:\/\/www.fuldaernachrichten.de\/index.php?rest_route=\/wp\/v2\/users\/1"}],"replies":[{"embeddable":true,"href":"https:\/\/www.fuldaernachrichten.de\/index.php?rest_route=%2Fwp%2Fv2%2Fcomments&post=184672"}],"version-history":[{"count":1,"href":"https:\/\/www.fuldaernachrichten.de\/index.php?rest_route=\/wp\/v2\/posts\/184672\/revisions"}],"predecessor-version":[{"id":184674,"href":"https:\/\/www.fuldaernachrichten.de\/index.php?rest_route=\/wp\/v2\/posts\/184672\/revisions\/184674"}],"wp:featuredmedia":[{"embeddable":true,"href":"https:\/\/www.fuldaernachrichten.de\/index.php?rest_route=\/wp\/v2\/media\/184673"}],"wp:attachment":[{"href":"https:\/\/www.fuldaernachrichten.de\/index.php?rest_route=%2Fwp%2Fv2%2Fmedia&parent=184672"}],"wp:term":[{"taxonomy":"category","embeddable":true,"href":"https:\/\/www.fuldaernachrichten.de\/index.php?rest_route=%2Fwp%2Fv2%2Fcategories&post=184672"},{"taxonomy":"post_tag","embeddable":true,"href":"https:\/\/www.fuldaernachrichten.de\/index.php?rest_route=%2Fwp%2Fv2%2Ftags&post=184672"}],"curies":[{"name":"wp","href":"https:\/\/api.w.org\/{rel}","templated":true}]}}