{"id":184660,"date":"2020-07-21T12:09:26","date_gmt":"2020-07-21T10:09:26","guid":{"rendered":"http:\/\/www.fuldaer-nachrichten.de\/?p=184660"},"modified":"2020-07-21T12:09:26","modified_gmt":"2020-07-21T10:09:26","slug":"tegutstudenten-schliessen-mit-bestnoten-ab-alle-absolventen-uebernehmen-fuehrungsaufgaben-bei-tegut","status":"publish","type":"post","link":"https:\/\/www.fuldaernachrichten.de\/?p=184660","title":{"rendered":"tegut\u00e2\u20ac\u00a6Studenten schlie\u00dfen mit Bestnoten ab &#8211; Alle Absolventen \u00fcbernehmen F\u00fchrungsaufgaben bei tegut\u00e2\u20ac\u00a6"},"content":{"rendered":"<p>Mit Bestnoten haben die 12 Absolventen des Jahres 2020 ihr tegut\u00e2\u20ac\u00a6 Studium zum Staatlich gepr\u00fcften Betriebswirt an der Fachschule f\u00fcr Betriebswirtschaft des Bildungsunternehmens Dr. Jordan in Fulda abgeschlossen. Alle 12 Betriebswirte werden k\u00fcnftig F\u00fchrungsaufgaben in den tegut\u00e2\u20ac\u00a6 Superm\u00e4rkten \u00fcbernehmen.<\/p>\n<p>&nbsp;<\/p>\n<p><strong>Mit Mut Herausforderungen annehmen<\/strong><\/p>\n<p>Kurz bevor die Pr\u00fcfungsphase im M\u00e4rz starten sollte, wurde das Semester unterbrochen und die Studenten waren f\u00fcr sechs Wochen noch mal in ihren tegut\u00e2\u20ac\u00a6 Filialen eingesetzt um dort mitzuhelfen, dass die Versorgung mit Lebensmitteln in der Corona \u2013 Zeit sicher gestellt ist. \u201eF\u00fcr diesen besonderen Einsatz danken wir Ihnen und begl\u00fcckw\u00fcnschen Sie zu den au\u00dferordentlich guten Abschlussnoten. Sie haben mit diesem Studium in Ihre berufliche Zukunft investiert, auf Freizeit und Konsum verzichtet und werden im Laufe Ihres Lebens davon profitieren. Setzen Sie sich Ihre Ziele immer etwas h\u00f6her, gehen Sie an Ihre Grenzen und arbeiten Sie weiter an Ihrer fachlichen Qualifikation und ihrer F\u00fchrungskompetenz. Gehen Sie mit Mut auf die Herausforderungen zu\u201c, gab Karl-Heinz Brand, Leiter Personelles \u2013 Mitglied der tegut\u00e2\u20ac\u00a6 Gesch\u00e4ftsleitung, den Betriebswirten mit auf den Weg.<br \/>\nSein Dank galt ebenfalls dem Bildungsunternehmen Dr. Jordan f\u00fcr die gute Zusammenarbeit in mittlerweile 20 Jahren, f\u00fcr das Engagement und die Flexibilit\u00e4t, die besonderen Anforderungen im Handel initiativ und kreativ auszugestalten. Auch die Vorgesetzten des Vertriebs und der Bereich tegut\u00e2\u20ac\u00a6 akademie\/Talent Management, die die Studenten in den vergangenen drei Jahren begleitet und gef\u00f6rdert haben, sind Erfolgsfaktoren, die ein solch gutes Ergebnis m\u00f6glich machten.<\/p>\n<p>&nbsp;<\/p>\n<p><strong>Gestalter der Zukunft<\/strong><\/p>\n<p>Professor Dr. Lothar Jordan, Inhaber des Bildungsunternehmens Dr. Jordan, gratulierte den Absolventen und w\u00fcnschte Ihnen weiterhin viel Lernfreude. Er lie\u00df die vergangenen 20 Jahre tegut\u00e2\u20ac\u00a6 Studium Revue passieren: Am 4. Juli 2000 startete der erste Jahrgang. Insgesamt haben seitdem 341 Studierende erfolgreich ihren Abschluss zum Staatlich gepr\u00fcften Betriebswirt erreicht. Der Jahrgang t\u00e2\u20ac\u00a618 ist der letzte Studienjahrgang in dieser Form. Stattdessen wird die zweij\u00e4hrige Weiterbildung zum Handelsfachwirt+ seit drei Jahren erfolgreich angeboten<br \/>\nUlla Loreth verabschiedete die ehemaligen Studenten als Vertreterin der Dozenten: \u201eSie sind die Gestalter der Zukunft, keine Statisten, sondern Regisseure. Finden Sie L\u00f6sungen, wenn es Probleme gibt, \u00fcbernehmen Sie Verantwortung \u2013 Verantwortung findet nicht in der Komfortzone statt. Alles Gute f\u00fcr die Zukunft.\u201c<\/p>\n<p>&nbsp;<\/p>\n<p><strong>So viele Chancen wie noch nie!<\/strong><\/p>\n<p>Auch Dieter Januschke, tegut\u00e2\u20ac\u00a6 Gebietsverantwortlicher und Ansprechpartner f\u00fcr Aus- und Weiterbildung im Vertrieb Superm\u00e4rkte, gratulierte zu den hervorragenden Abschl\u00fcssen und machte deutlich: \u201eSo viele Chancen f\u00fcr F\u00fchrungskr\u00e4fte gab es noch nie. Nutzen Sie diese und scheuen Sie die Herausforderungen nicht. Wir brauchen Sie insbesondere in den Expansionsgebieten von tegut\u00e2\u20ac\u00a6 in M\u00fcnchen, Stuttgart und im Rhein-Main-Gebiet.\u201c<\/p>\n<p>&nbsp;<\/p>\n<p><strong>Mit offenen Augen auf morgen schauen<\/strong><\/p>\n<p>Jahrgangssprecherin Cansu Ertugrul blickte auf den ersten Schultag vor genau drei Jahren zur\u00fcck. Damals hatte sie den Worten eines Redners, dass sich viel ver\u00e4ndern werde in den n\u00e4chsten drei Jahren und auch die Studenten sich ver\u00e4ndern werden, nicht glauben k\u00f6nnen. \u201eDoch heute wei\u00df ich, er hatte Recht.\u201c Sie dankte den Dozenten und dem Unternehmen tegut\u00e2\u20ac\u00a6 und stellte abschlie\u00dfend fest: \u201eWir sind reifer und erwachsener geworden und schauen nun mit offenen Augen auf das Morgen.\u201c<\/p>\n<p>&nbsp;<\/p>\n<p>Im Anschluss fand die feierliche \u00dcbergabe der Zeugnisse statt. Magdalena M\u00fcller wurde als Jahrgangsbeste ausgezeichnet.<\/p>\n<p>&nbsp;<\/p>\n<p>Interessierte Einzelhandelskaufleute k\u00f6nnen sich bereits jetzt f\u00fcr die Weiterbildung zum tegut\u00e2\u20ac\u00a6 Handelsfachwirt+ mit Start im Juli 2021 unter <a href=\"http:\/\/tegut.com\/karriere\">tegut.com\/karriere<\/a> bewerben.<\/p>\n<p>&nbsp;<\/p>\n<p>Bildtext:<\/p>\n<p>Freuten sich \u00fcber den sehr erfolgreichen Studienabschluss: Die 12 Absolventen des Jahres 2020 des tegut\u00e2\u20ac\u00a6 Studiums zum Staatlich gepr\u00fcften Betriebswirt mit (von links): Karl-Heinz Brand, Leiter Personelles &#8211; Mitglied der tegut\u00e2\u20ac\u00a6-Gesch\u00e4ftsleitung, Dieter Januschke, tegut\u00e2\u20ac\u00a6 Gebietsverantwortlicher Supermarkt; Yvonne Link, Referentin tegut\u00e2\u20ac\u00a6 akademie\/ Talent Management; G\u00fcnter Ledermann, tegut\u00e2\u20ac\u00a6 Betriebsratsvorsitzender, Benjamin Br\u00e4hler, Leiter tegut\u00e2\u20ac\u00a6 akademie\/ Talent Management; die neuen tegut\u00e2\u20ac\u00a6 Betriebswirte und Prof. Dr. Lothar Jordan, Inhaber Bildungsunternehmen Dr. Jordan, Fulda.<\/p>\n","protected":false},"excerpt":{"rendered":"<div class=\"tmnf_excerpt\"><p>Mit Bestnoten haben die 12 Absolventen des Jahres 2020 ihr tegut\u00e2\u20ac\u00a6 Studium zum Staatlich gepr\u00fcften Betriebswirt an der Fachschule f\u00fcr Betriebswirtschaft des Bildungsunternehmens Dr. Jordan in Fulda abgeschlossen. Alle 12 Betriebswirte werden k\u00fcnftig F\u00fchrungsaufgaben in den tegut\u00e2\u20ac\u00a6 Superm\u00e4rkten \u00fcbernehmen. &nbsp; Mit Mut Herausforderungen annehmen Kurz bevor die Pr\u00fcfungsphase im M\u00e4rz starten sollte, wurde das Semester &hellip;<\/p>\n<\/div>","protected":false},"author":1,"featured_media":184661,"comment_status":"closed","ping_status":"closed","sticky":false,"template":"","format":"standard","meta":{"footnotes":""},"categories":[1],"tags":[],"class_list":["post-184660","post","type-post","status-publish","format-standard","has-post-thumbnail","hentry","category-startseite"],"_links":{"self":[{"href":"https:\/\/www.fuldaernachrichten.de\/index.php?rest_route=\/wp\/v2\/posts\/184660","targetHints":{"allow":["GET"]}}],"collection":[{"href":"https:\/\/www.fuldaernachrichten.de\/index.php?rest_route=\/wp\/v2\/posts"}],"about":[{"href":"https:\/\/www.fuldaernachrichten.de\/index.php?rest_route=\/wp\/v2\/types\/post"}],"author":[{"embeddable":true,"href":"https:\/\/www.fuldaernachrichten.de\/index.php?rest_route=\/wp\/v2\/users\/1"}],"replies":[{"embeddable":true,"href":"https:\/\/www.fuldaernachrichten.de\/index.php?rest_route=%2Fwp%2Fv2%2Fcomments&post=184660"}],"version-history":[{"count":1,"href":"https:\/\/www.fuldaernachrichten.de\/index.php?rest_route=\/wp\/v2\/posts\/184660\/revisions"}],"predecessor-version":[{"id":184662,"href":"https:\/\/www.fuldaernachrichten.de\/index.php?rest_route=\/wp\/v2\/posts\/184660\/revisions\/184662"}],"wp:featuredmedia":[{"embeddable":true,"href":"https:\/\/www.fuldaernachrichten.de\/index.php?rest_route=\/wp\/v2\/media\/184661"}],"wp:attachment":[{"href":"https:\/\/www.fuldaernachrichten.de\/index.php?rest_route=%2Fwp%2Fv2%2Fmedia&parent=184660"}],"wp:term":[{"taxonomy":"category","embeddable":true,"href":"https:\/\/www.fuldaernachrichten.de\/index.php?rest_route=%2Fwp%2Fv2%2Fcategories&post=184660"},{"taxonomy":"post_tag","embeddable":true,"href":"https:\/\/www.fuldaernachrichten.de\/index.php?rest_route=%2Fwp%2Fv2%2Ftags&post=184660"}],"curies":[{"name":"wp","href":"https:\/\/api.w.org\/{rel}","templated":true}]}}