{"id":184643,"date":"2020-07-14T16:49:42","date_gmt":"2020-07-14T14:49:42","guid":{"rendered":"http:\/\/www.fuldaer-nachrichten.de\/?p=184643"},"modified":"2020-07-14T16:49:42","modified_gmt":"2020-07-14T14:49:42","slug":"rhoenenergie-fulda-gibt-mehrwertsteuer-senkung-weiter-die-kunden-brauchen-sich-um-nichts-zu-kuemmern","status":"publish","type":"post","link":"https:\/\/www.fuldaernachrichten.de\/?p=184643","title":{"rendered":"Rh\u00f6nEnergie Fulda gibt Mehrwertsteuer-Senkung weiter &#8211; Die Kunden brauchen sich um nichts zu k\u00fcmmern"},"content":{"rendered":"<p>Die Rh\u00f6nEnergie Fulda gibt die zeitlich begrenzte Senkung der Mehrwertsteuer komplett an ihre Kunden weiter. Sie profitieren damit direkt vom Konjunkturpaket der Bundesregierung.<\/p>\n<p>Im Rahmen des Konjunkturpakets hat die Bundesregierung eine Senkung der Mehrwertsteuer bis zum 31. Dezember 2020 beschlossen. \u201eSelbstverst\u00e4ndlich geben wir diesen Steuervorteil vollst\u00e4ndig an unsere Energie- und Trinkwasser-Kunden weiter, auch wenn dies f\u00fcr uns einen betr\u00e4chtlichen administrativen Aufwand bedeutet\u201c, betont der Sprecher der Gesch\u00e4ftsf\u00fchrung der Rh\u00f6nEnergie Fulda, Martin Heun.<\/p>\n<p>Der regul\u00e4re Mehrwertsteuersatz wird von 19 auf 16 Prozent gesenkt. Dies trifft etwa auf Strom, Erdgas und Fernw\u00e4rme zu. Beim Trinkwasser sinkt die Steuer von regul\u00e4r 7 auf 5 Prozent. Die Abwassergeb\u00fchren sind ohnehin von der Mehrwertsteuer befreit.<\/p>\n<p>Die Einsparung f\u00fcr einen Haushalt mit einem durchschnittlichen Strom-Verbrauch von 3.500 kWh im Jahr betr\u00e4gt etwas mehr als zwei Euro pro Monat. Beim Trinkwasser spart ein Durchschnitts-Haushalt mit einem Jahres-Verbrauch von 120 Kubikmeter etwa 0,40 Euro pro Monat.<\/p>\n<p>Kundenfreundliche Abwicklung<br \/>\nDie Steuerersparnis wird in der Jahresrechnung automatisch ber\u00fccksichtigt. Da es sich um vergleichsweise geringe Anpassungen und eine zeitlich befristete Ma\u00dfnahme handelt, m\u00fcssen die Abschl\u00e4ge nicht ge\u00e4ndert werden. Zu viel gezahlte Beitr\u00e4ge werden mit der Jahresrechnung erstattet. Wer seinen Abschlag dennoch anpassen m\u00f6chte, kann dies bequem im Online-Portal der Rh\u00f6nEnergie Fulda tun. Dort k\u00f6nnen Kunden auch Ihren aktuellen Z\u00e4hlerstand eingeben: re-fd.de\/kundenportal<\/p>\n<p>\u00dcbrigens: In den Eintrittspreisen f\u00fcr das Rosenbad ist die Steuersenkung bereits seit dem \u00d6ffnungstag (22. Juni) vollzogen. F\u00fcr die Preisgestaltung im \u00d6PNV sind die Verkehrsverb\u00fcnde (RMV und NVV) zust\u00e4ndig. Sobald die Entscheidungen zum Vorgehen getroffen sind, werden unsere Nahverkehrsunternehmen sie umsetzen.<\/p>\n","protected":false},"excerpt":{"rendered":"<div class=\"tmnf_excerpt\"><p>Die Rh\u00f6nEnergie Fulda gibt die zeitlich begrenzte Senkung der Mehrwertsteuer komplett an ihre Kunden weiter. Sie profitieren damit direkt vom Konjunkturpaket der Bundesregierung. Im Rahmen des Konjunkturpakets hat die Bundesregierung eine Senkung der Mehrwertsteuer bis zum 31. Dezember 2020 beschlossen. \u201eSelbstverst\u00e4ndlich geben wir diesen Steuervorteil vollst\u00e4ndig an unsere Energie- und Trinkwasser-Kunden weiter, auch wenn dies &hellip;<\/p>\n<\/div>","protected":false},"author":1,"featured_media":0,"comment_status":"closed","ping_status":"closed","sticky":false,"template":"","format":"standard","meta":{"footnotes":""},"categories":[1],"tags":[],"class_list":["post-184643","post","type-post","status-publish","format-standard","hentry","category-startseite"],"_links":{"self":[{"href":"https:\/\/www.fuldaernachrichten.de\/index.php?rest_route=\/wp\/v2\/posts\/184643","targetHints":{"allow":["GET"]}}],"collection":[{"href":"https:\/\/www.fuldaernachrichten.de\/index.php?rest_route=\/wp\/v2\/posts"}],"about":[{"href":"https:\/\/www.fuldaernachrichten.de\/index.php?rest_route=\/wp\/v2\/types\/post"}],"author":[{"embeddable":true,"href":"https:\/\/www.fuldaernachrichten.de\/index.php?rest_route=\/wp\/v2\/users\/1"}],"replies":[{"embeddable":true,"href":"https:\/\/www.fuldaernachrichten.de\/index.php?rest_route=%2Fwp%2Fv2%2Fcomments&post=184643"}],"version-history":[{"count":1,"href":"https:\/\/www.fuldaernachrichten.de\/index.php?rest_route=\/wp\/v2\/posts\/184643\/revisions"}],"predecessor-version":[{"id":184644,"href":"https:\/\/www.fuldaernachrichten.de\/index.php?rest_route=\/wp\/v2\/posts\/184643\/revisions\/184644"}],"wp:attachment":[{"href":"https:\/\/www.fuldaernachrichten.de\/index.php?rest_route=%2Fwp%2Fv2%2Fmedia&parent=184643"}],"wp:term":[{"taxonomy":"category","embeddable":true,"href":"https:\/\/www.fuldaernachrichten.de\/index.php?rest_route=%2Fwp%2Fv2%2Fcategories&post=184643"},{"taxonomy":"post_tag","embeddable":true,"href":"https:\/\/www.fuldaernachrichten.de\/index.php?rest_route=%2Fwp%2Fv2%2Ftags&post=184643"}],"curies":[{"name":"wp","href":"https:\/\/api.w.org\/{rel}","templated":true}]}}