{"id":184628,"date":"2020-07-14T16:43:41","date_gmt":"2020-07-14T14:43:41","guid":{"rendered":"http:\/\/www.fuldaer-nachrichten.de\/?p=184628"},"modified":"2020-07-14T16:43:41","modified_gmt":"2020-07-14T14:43:41","slug":"grosszuegige-spende-patient-spendet-aus-dankbarkeit-3-000-euro-ans-klinikum-fulda","status":"publish","type":"post","link":"https:\/\/www.fuldaernachrichten.de\/?p=184628","title":{"rendered":"Gro\u00dfz\u00fcgige Spende &#8211; Patient spendet aus Dankbarkeit 3.000 Euro ans Klinikum Fulda"},"content":{"rendered":"<p>Am 30.06.2020 \u00fcbergab Eberhard Wolf, zusammen mit seiner Frau, eine gro\u00dfz\u00fcgige Spende in H\u00f6he von 3.000 Euro an die Klinik f\u00fcr An\u00e4sthesiologie, Intensiv- und Notfallmedizin, die Klinik f\u00fcr Herz-Thorax-Chirurgie sowie die Medizinische Klinik III.<\/p>\n<p>\u201eIch m\u00f6chte mich mit dieser Spende von ganzem Herzen bei meinen Lebensrettern Prof. Dr. Hilmar D\u00f6rge (Direktor der Klinik f\u00fcr Herz-Thorax-Chirurgie), Priv.-Doz. Dr. Peter Ben\u00f6hr (leitender Oberarzt der Medizinischen Klinik III) sowie Dr. Christoph Schmitt (leitender Oberarzt der Klinik f\u00fcr An\u00e4sthesiologie, Intensiv- und Notfallmedizin) sowie allen Pflegekr\u00e4ften der Kliniken bedanken. Nur durch die professionelle medizinische und auch menschliche Betreuung war es mir m\u00f6glich, meinen 70. Geburtstag noch zu erleben\u201c, berichtet Wolf dankbar. Mit gro\u00dfer Freude wurde die Spende entgegengenommen. \u201eIch w\u00fcrde mich freuen, wenn ich mit meiner Geste auch andere Patienten dazu bewegen kann, den Mitarbeitern des Klinikums \u2013 besonders in der aktuellen Zeit &#8211; einfach mal Gutes zu tun\u201c, so Wolf abschlie\u00dfend.<\/p>\n<p>Die Klinik f\u00fcr Herz- und Thoraxchirurgie ist auf herz- und lungenchirurgische Behandlungsverfahren spezialisiert und f\u00fchrt s\u00e4mtliche Eingriffe auf dem Gebiet der modernen Herzchirurgie durch. Dazu geh\u00f6ren: die Chirurgie der Koronararterien, der Herzklappen und der Thoraxaorta, die Implantation von Herzschrittmachern und Defibrillatoren sowie die chirurgische Behandlung von Vorhofflimmern.<\/p>\n<p>Die Klinik f\u00fcr An\u00e4sthesiologie, Intensiv- und Notfallmedizin versorgt alle operativen F\u00e4cher am Klinikum Fulda einschlie\u00dflich der Kardio- und Neurochirurgie. J\u00e4hrlich werden ca. 16.000 Narkosen durchgef\u00fchrt. Dar\u00fcber hinaus ist die operative 18-Betten-Intensivstation der Klinik zugeordnet. Dort wird ein breites Spektrum von intensivmedizinischen Krankheitsbildern, einschlie\u00dflich Sepsis und akutem Lungenversagen, behandelt.<\/p>\n<p>Das Leistungsspektrum der Medizinischen Klinik III umfasst eine gro\u00dfe Bandbreite von Erkrankungen der Innere Medizin. Dabei steht die konservative Behandlung von Nieren- und Hochdruckerkrankungen im Mittelpunkt &#8211; gemeinsam mit Pr\u00e4vention und Nachsorge. Auch die Durchf\u00fchrung von Blutreinigungsverfahren (Dialyse, Apherese, Immunadsorption) sowie die Vorbereitung und Betreuung von Patienten mit einer transplantierten Niere geh\u00f6ren zum Fachgebiet der Medizinischen Klinik III.<\/p>\n<p>Bildnachweis: Peter Jacob \/ Klinikum Fulda<\/p>\n","protected":false},"excerpt":{"rendered":"<div class=\"tmnf_excerpt\"><p>Am 30.06.2020 \u00fcbergab Eberhard Wolf, zusammen mit seiner Frau, eine gro\u00dfz\u00fcgige Spende in H\u00f6he von 3.000 Euro an die Klinik f\u00fcr An\u00e4sthesiologie, Intensiv- und Notfallmedizin, die Klinik f\u00fcr Herz-Thorax-Chirurgie sowie die Medizinische Klinik III. \u201eIch m\u00f6chte mich mit dieser Spende von ganzem Herzen bei meinen Lebensrettern Prof. Dr. Hilmar D\u00f6rge (Direktor der Klinik f\u00fcr Herz-Thorax-Chirurgie), &hellip;<\/p>\n<\/div>","protected":false},"author":1,"featured_media":184629,"comment_status":"closed","ping_status":"closed","sticky":false,"template":"","format":"standard","meta":{"footnotes":""},"categories":[1],"tags":[],"class_list":["post-184628","post","type-post","status-publish","format-standard","has-post-thumbnail","hentry","category-startseite"],"_links":{"self":[{"href":"https:\/\/www.fuldaernachrichten.de\/index.php?rest_route=\/wp\/v2\/posts\/184628","targetHints":{"allow":["GET"]}}],"collection":[{"href":"https:\/\/www.fuldaernachrichten.de\/index.php?rest_route=\/wp\/v2\/posts"}],"about":[{"href":"https:\/\/www.fuldaernachrichten.de\/index.php?rest_route=\/wp\/v2\/types\/post"}],"author":[{"embeddable":true,"href":"https:\/\/www.fuldaernachrichten.de\/index.php?rest_route=\/wp\/v2\/users\/1"}],"replies":[{"embeddable":true,"href":"https:\/\/www.fuldaernachrichten.de\/index.php?rest_route=%2Fwp%2Fv2%2Fcomments&post=184628"}],"version-history":[{"count":1,"href":"https:\/\/www.fuldaernachrichten.de\/index.php?rest_route=\/wp\/v2\/posts\/184628\/revisions"}],"predecessor-version":[{"id":184630,"href":"https:\/\/www.fuldaernachrichten.de\/index.php?rest_route=\/wp\/v2\/posts\/184628\/revisions\/184630"}],"wp:featuredmedia":[{"embeddable":true,"href":"https:\/\/www.fuldaernachrichten.de\/index.php?rest_route=\/wp\/v2\/media\/184629"}],"wp:attachment":[{"href":"https:\/\/www.fuldaernachrichten.de\/index.php?rest_route=%2Fwp%2Fv2%2Fmedia&parent=184628"}],"wp:term":[{"taxonomy":"category","embeddable":true,"href":"https:\/\/www.fuldaernachrichten.de\/index.php?rest_route=%2Fwp%2Fv2%2Fcategories&post=184628"},{"taxonomy":"post_tag","embeddable":true,"href":"https:\/\/www.fuldaernachrichten.de\/index.php?rest_route=%2Fwp%2Fv2%2Ftags&post=184628"}],"curies":[{"name":"wp","href":"https:\/\/api.w.org\/{rel}","templated":true}]}}