{"id":184599,"date":"2020-07-14T16:36:50","date_gmt":"2020-07-14T14:36:50","guid":{"rendered":"http:\/\/www.fuldaer-nachrichten.de\/?p=184599"},"modified":"2020-07-14T16:36:50","modified_gmt":"2020-07-14T14:36:50","slug":"heimische-reiter-starteten-erfolgreich-auf-reitturnieren-in-der-schweren-corona-krise","status":"publish","type":"post","link":"https:\/\/www.fuldaernachrichten.de\/?p=184599","title":{"rendered":"Heimische Reiter starteten erfolgreich auf Reitturnieren in der schweren Corona-Krise"},"content":{"rendered":"<p><a href=\"http:\/\/www.fuldaer-nachrichten.de\/wp-content\/uploads\/2020\/07\/Jessica-Weber.jpg\"><img fetchpriority=\"high\" decoding=\"async\" class=\"alignleft size-thumbnail wp-image-184601\" src=\"http:\/\/www.fuldaer-nachrichten.de\/wp-content\/uploads\/2020\/07\/Jessica-Weber-265x400.jpg\" alt=\"\" width=\"265\" height=\"400\" srcset=\"https:\/\/www.fuldaernachrichten.de\/wp-content\/uploads\/2020\/07\/Jessica-Weber-265x400.jpg 265w, https:\/\/www.fuldaernachrichten.de\/wp-content\/uploads\/2020\/07\/Jessica-Weber-176x265.jpg 176w, https:\/\/www.fuldaernachrichten.de\/wp-content\/uploads\/2020\/07\/Jessica-Weber-398x600.jpg 398w, https:\/\/www.fuldaernachrichten.de\/wp-content\/uploads\/2020\/07\/Jessica-Weber.jpg 636w\" sizes=\"(max-width: 265px) 100vw, 265px\" \/><\/a>Seit Monaten sitzen auch die\u00c2\u00a0 osthessischen Dressur- und Springreiter in den Startl\u00f6chern und warten auf ihre Teilnahme auf Reitturnieren. Durch die schwere Corona-Krise mussten wegen den gesetzlichen Auflagen auch in Hessen viele traditionelle Reitturniere abgesagt oder verschoben werden. Dar\u00fcber waren die heimischen Reiterinnen und Reiter aus den Landkreisen Fulda und Vogelsberg sehr traurig. Ihre Pferde waren fit, motiviert und gut trainiert. Die ebenso hoch motivierten Reiter wollten endlich mal wieder Turnierluft schnuppern. Durch Lockerungsma\u00dfnahmen bei gr\u00f6\u00dferen Sportveranstaltungen k\u00f6nnen nun ganz langsam wieder Reitturniere unter strengen Regelungen durchgef\u00fchrt werden. Das Flair auf den Turnieren ist zwar nicht so wie vor der Corona-Krise, dennoch freuen sich die Reiter, das sie endlich wieder ihre Leistungen und die Leistungen ihrer Vierbeiner pr\u00e4sentieren k\u00f6nnen. So auch die erfolgreiche Dressur- und Springreiterin Saskia Br\u00fcckner vom Reit- und Fahrverein Landenhausen e.V. Sie startete mit ihrem treuen Dressurpferd \u201eSchoko\u201c auf der sch\u00f6nen Reitanlage\u00c2\u00a0 Kobold in Uder (Th\u00fcringen). Dort pr\u00e4sentierte sie ihre Leistungen in einer St.-Georg Dressurpr\u00fcfung und qualifizierte sich mit 71,017 Punkten f\u00fcr die K\u00fcr. In der K\u00fcr belegte das Paar dann den 7. Platz. Nach dem gelungenen Wiedereinstieg in die Turnierszene startete Saskia Br\u00fcckner aktuell beim Reitturnier in Haiger-Rodenbach in einer Dressurpr\u00fcfung der Klasse S. Mit ihrem Paradepferd Grimaldi belegte sie in dieser schweren Pr\u00fcfung bei namhafter Konkurrenz (44 Starter) \u00c2\u00a0einen tollen 2. Rang (68,33 %).<\/p>\n<p><a href=\"http:\/\/www.fuldaer-nachrichten.de\/wp-content\/uploads\/2020\/07\/Saskia-Bru\u00cc\u02c6ckner.jpg\"><img decoding=\"async\" class=\"alignleft size-thumbnail wp-image-184600\" src=\"http:\/\/www.fuldaer-nachrichten.de\/wp-content\/uploads\/2020\/07\/Saskia-Bru\u00cc\u02c6ckner-265x199.jpg\" alt=\"\" width=\"265\" height=\"199\" \/><\/a>Auch Lars Schneemann vom Reit- und Fahrverein H\u00fcnfeld e.V. konnte es kaum mehr erwarten bis er endlich wieder auf einem Reitturnier starten konnte. Ihn \u00c2\u00a0zog es mit seinen Vierbeinern auch auf die Reitanlage Kobold nach Th\u00fcringen und dort konnte er gleich vier der begehrten Schleifen f\u00fcr sich ergattern.\u00c2\u00a0 Mit seinem 6-j\u00e4hrigen Nachwuchspferd Pico Blue erzielte der erfolgreiche Springreiter den 2. Platz (WN 8.0) in einer Springpferdepr\u00fcfung der Klasse M. In einer\u00c2\u00a0 Springpr\u00fcfung der Klasse M stellte er ebenfalls Pico Blue vor und belegte nach einer fehlerfreien Runde \u00c2\u00a0noch den 10. Rang. Mit seinem 8-j\u00e4hrigen Erfolgspferd Otto startete Lars Schneemann in einer Youngster-Springpr\u00fcfung der Klasse M und holte sich souver\u00e4n den Sieg. In einer Springpr\u00fcfung der Klasse L mit steigenden Anforderungen erzielte der H\u00fcnfelder Reiter mit seinem Otto den 3. Platz. Vereinskollegin Jessica Weber\u00c2\u00a0 freute sich ebenfalls auf ihr erstes Reitturnier w\u00e4hrend der Corona-Krise. Hochmotiviert fuhr sie mit ihren Eltern nach Uder und belegte dort mit ihrem Pferd Waldstar\u00c2\u00a0 auf Anhieb den 5. Platz in einer Punktespringpr\u00fcfung der Klasse L. Mit ihrem Pferd Evita belegte sie in dieser Pr\u00fcfung den 9. Rang.<\/p>\n<p>Alle drei Reiter freuen sich jetzt auf die n\u00e4chsten Reitturniere und hoffen darauf, dass die Corona-Krise bald besiegt ist und alle Reitturniere wieder in gewohnter Weise ohne Auflagen durchgef\u00fchrt werden k\u00f6nnen.<\/p>\n<p>&nbsp;<\/p>\n<p>Bilder (Archivbilder Udo Bauch): Saskia Br\u00fcckner, Jessica Weber und Lars Schneemann starteten in der Corona-Krise\u00c2\u00a0 erfolgreich\u00c2\u00a0 auf Reitturnieren in Uder und Haiger-Rodenbach.<\/p>\n","protected":false},"excerpt":{"rendered":"<div class=\"tmnf_excerpt\"><p>Seit Monaten sitzen auch die\u00c2\u00a0 osthessischen Dressur- und Springreiter in den Startl\u00f6chern und warten auf ihre Teilnahme auf Reitturnieren. Durch die schwere Corona-Krise mussten wegen den gesetzlichen Auflagen auch in Hessen viele traditionelle Reitturniere abgesagt oder verschoben werden. Dar\u00fcber waren die heimischen Reiterinnen und Reiter aus den Landkreisen Fulda und Vogelsberg sehr traurig. Ihre Pferde &hellip;<\/p>\n<\/div>","protected":false},"author":1,"featured_media":184602,"comment_status":"closed","ping_status":"closed","sticky":false,"template":"","format":"standard","meta":{"footnotes":""},"categories":[1],"tags":[],"class_list":["post-184599","post","type-post","status-publish","format-standard","has-post-thumbnail","hentry","category-startseite"],"_links":{"self":[{"href":"https:\/\/www.fuldaernachrichten.de\/index.php?rest_route=\/wp\/v2\/posts\/184599","targetHints":{"allow":["GET"]}}],"collection":[{"href":"https:\/\/www.fuldaernachrichten.de\/index.php?rest_route=\/wp\/v2\/posts"}],"about":[{"href":"https:\/\/www.fuldaernachrichten.de\/index.php?rest_route=\/wp\/v2\/types\/post"}],"author":[{"embeddable":true,"href":"https:\/\/www.fuldaernachrichten.de\/index.php?rest_route=\/wp\/v2\/users\/1"}],"replies":[{"embeddable":true,"href":"https:\/\/www.fuldaernachrichten.de\/index.php?rest_route=%2Fwp%2Fv2%2Fcomments&post=184599"}],"version-history":[{"count":1,"href":"https:\/\/www.fuldaernachrichten.de\/index.php?rest_route=\/wp\/v2\/posts\/184599\/revisions"}],"predecessor-version":[{"id":184603,"href":"https:\/\/www.fuldaernachrichten.de\/index.php?rest_route=\/wp\/v2\/posts\/184599\/revisions\/184603"}],"wp:featuredmedia":[{"embeddable":true,"href":"https:\/\/www.fuldaernachrichten.de\/index.php?rest_route=\/wp\/v2\/media\/184602"}],"wp:attachment":[{"href":"https:\/\/www.fuldaernachrichten.de\/index.php?rest_route=%2Fwp%2Fv2%2Fmedia&parent=184599"}],"wp:term":[{"taxonomy":"category","embeddable":true,"href":"https:\/\/www.fuldaernachrichten.de\/index.php?rest_route=%2Fwp%2Fv2%2Fcategories&post=184599"},{"taxonomy":"post_tag","embeddable":true,"href":"https:\/\/www.fuldaernachrichten.de\/index.php?rest_route=%2Fwp%2Fv2%2Ftags&post=184599"}],"curies":[{"name":"wp","href":"https:\/\/api.w.org\/{rel}","templated":true}]}}