{"id":184586,"date":"2020-07-14T16:33:32","date_gmt":"2020-07-14T14:33:32","guid":{"rendered":"http:\/\/www.fuldaer-nachrichten.de\/?p=184586"},"modified":"2020-07-14T16:33:32","modified_gmt":"2020-07-14T14:33:32","slug":"yoga-im-park","status":"publish","type":"post","link":"https:\/\/www.fuldaernachrichten.de\/?p=184586","title":{"rendered":"Yoga im Park"},"content":{"rendered":"<p>Alle Yoga begeisterten oder die , die es noch werden m\u00f6chten haben nun die M\u00f6glichkeit an 7 Donnerstagen Yoga im wundersch\u00f6nen Park von Schloss Fasanerie, vor dem japanischen Teehaus zu machen. Los geht es immer um 18:15 Uhr, eine Anmeldung ist nicht n\u00f6tig. 8 Kundalini Yoga Lehrerinnen unterrichten jeweils eine gute Stunde lang das dynamische Kundalini Yoga . Vorkenntnisse sind nicht erforderlich. Mitzubringen sind Matte oder Decke und ein Sitzkissen. Die Teilnahme ist kostenlos. Um eine Spende wird gebeten. Dieses Jahr gehen die Spenden an ein Projekt gegen Kindesmissbrauch. Es wird darum gebeten, die aktuellen Abstandsregeln einzuhalten. Bei Regen f\u00e4llt es aus. Aktuelle Infos und Ortsbeschreibungen unter <a href=\"http:\/\/www.40-tage-yoga.de\">www.40-tage-yoga.de<\/a><\/p>\n","protected":false},"excerpt":{"rendered":"<div class=\"tmnf_excerpt\"><p>Alle Yoga begeisterten oder die , die es noch werden m\u00f6chten haben nun die M\u00f6glichkeit an 7 Donnerstagen Yoga im wundersch\u00f6nen Park von Schloss Fasanerie, vor dem japanischen Teehaus zu machen. Los geht es immer um 18:15 Uhr, eine Anmeldung ist nicht n\u00f6tig. 8 Kundalini Yoga Lehrerinnen unterrichten jeweils eine gute Stunde lang das dynamische &hellip;<\/p>\n<\/div>","protected":false},"author":1,"featured_media":184587,"comment_status":"closed","ping_status":"closed","sticky":false,"template":"","format":"standard","meta":{"footnotes":""},"categories":[1],"tags":[],"class_list":["post-184586","post","type-post","status-publish","format-standard","has-post-thumbnail","hentry","category-startseite"],"_links":{"self":[{"href":"https:\/\/www.fuldaernachrichten.de\/index.php?rest_route=\/wp\/v2\/posts\/184586","targetHints":{"allow":["GET"]}}],"collection":[{"href":"https:\/\/www.fuldaernachrichten.de\/index.php?rest_route=\/wp\/v2\/posts"}],"about":[{"href":"https:\/\/www.fuldaernachrichten.de\/index.php?rest_route=\/wp\/v2\/types\/post"}],"author":[{"embeddable":true,"href":"https:\/\/www.fuldaernachrichten.de\/index.php?rest_route=\/wp\/v2\/users\/1"}],"replies":[{"embeddable":true,"href":"https:\/\/www.fuldaernachrichten.de\/index.php?rest_route=%2Fwp%2Fv2%2Fcomments&post=184586"}],"version-history":[{"count":1,"href":"https:\/\/www.fuldaernachrichten.de\/index.php?rest_route=\/wp\/v2\/posts\/184586\/revisions"}],"predecessor-version":[{"id":184588,"href":"https:\/\/www.fuldaernachrichten.de\/index.php?rest_route=\/wp\/v2\/posts\/184586\/revisions\/184588"}],"wp:featuredmedia":[{"embeddable":true,"href":"https:\/\/www.fuldaernachrichten.de\/index.php?rest_route=\/wp\/v2\/media\/184587"}],"wp:attachment":[{"href":"https:\/\/www.fuldaernachrichten.de\/index.php?rest_route=%2Fwp%2Fv2%2Fmedia&parent=184586"}],"wp:term":[{"taxonomy":"category","embeddable":true,"href":"https:\/\/www.fuldaernachrichten.de\/index.php?rest_route=%2Fwp%2Fv2%2Fcategories&post=184586"},{"taxonomy":"post_tag","embeddable":true,"href":"https:\/\/www.fuldaernachrichten.de\/index.php?rest_route=%2Fwp%2Fv2%2Ftags&post=184586"}],"curies":[{"name":"wp","href":"https:\/\/api.w.org\/{rel}","templated":true}]}}