{"id":184580,"date":"2020-07-14T16:30:35","date_gmt":"2020-07-14T14:30:35","guid":{"rendered":"http:\/\/www.fuldaer-nachrichten.de\/?p=184580"},"modified":"2020-07-14T16:30:35","modified_gmt":"2020-07-14T14:30:35","slug":"virtuell-ueber-den-wurstmarkt-bummeln-neue-website-fuer-den-10-virtuellen-rhoener-wurstmarkt","status":"publish","type":"post","link":"https:\/\/www.fuldaernachrichten.de\/?p=184580","title":{"rendered":"Virtuell \u00fcber den Wurstmarkt bummeln &#8211; Neue Website f\u00fcr den 10. Virtuellen Rh\u00f6ner Wurstmarkt"},"content":{"rendered":"<p>Der Rh\u00f6ner Wurstmarkt findet in diesem Jahr ausschlie\u00dflich online statt. Grund genug, die Website der Feinschmeckermesse komplett neu zu gestalten und mit spannenden Informationen zu f\u00fcllen. So bummeln Fans von Rh\u00f6ner Wurst und Schinken zwar nicht live \u00fcber die Ostheimer Marktstra\u00dfe, aber daf\u00fcr surfen sie auf der Internetseite von Aussteller zu Aussteller.<\/p>\n<p><strong>Videos, Bilder und Informationen<\/strong><\/p>\n<p>Auf der Website www.rhoener-wurstmarkt.de finden Fans des Rh\u00f6ner Genussfestivals ab sofort Informationen, Bilder und Videos zum Programm, zu den 28 Ausstellern sowie zu den Aktionen wie<br \/>\nz. B. den ab 1. September online bestellbaren Schlemmerpaketen und dem Wurst-Anschnitt am<br \/>\n10. Oktober. Geplant ist auch eine virtuelle Weinprobe des Fr\u00e4nkischen Weinbauverbandes.<\/p>\n<p><strong>Reges Interesse<\/strong><\/p>\n<p>\u201eWir laden alle Freunde des Rh\u00f6ner Wurstmarkts herzlich ein, sich unsere neue Internetpr\u00e4senz anzuschauen.\u201c, so Veranstalterin Susanne Orf, Leiterin des Kommunalunternehmens Tourismus und Marketing Ostheim. v. d. Rh\u00f6n. \u201eImmer wieder vorbeischauen lohnt auf jeden Fall.\u201c, r\u00e4t sie.<\/p>\n<p>Ebenso wie B\u00fcrgermeister Steffen Malzer freut sich die Tourismuschefin \u00fcber das bereits jetzt lebhafte Interesse an der Onlineauflage des Rh\u00f6ner Wurstmarkts. \u201eDer Rh\u00f6ner Wurstmarkt bleibt im Gespr\u00e4ch. Das ist uns sehr wichtig.\u201c, betont B\u00fcrgermeister Malzer.<\/p>\n<p><strong>Qualit\u00e4t aus der Region<\/strong><\/p>\n<p>Ziel ist es, dass die \u00d6ffentlichkeit erneut f\u00fcr die handwerklich erzeugten Spezialit\u00e4ten der Rh\u00f6ner Genusshandwerker sensibilisiert werde. \u201eDer Rh\u00f6ner Wurstmarkt bricht eine Lanze f\u00fcr Regionalit\u00e4t und verantwortungsvoll erzeugte Qualit\u00e4tsprodukte.\u201c, unterstreicht Michael Geier, Leiter der Bayerischen Verwaltungsstelle UNESCO- Biosph\u00e4renreservat Rh\u00f6n. Dies zeigt auch die Unterst\u00fctzung der Rh\u00f6n GmbH f\u00fcr den Wurstmarkt.<br \/>\nINFO www.rhoener-wurstmarkt.de sowie auf Facebook und Instagram.<\/p>\n","protected":false},"excerpt":{"rendered":"<div class=\"tmnf_excerpt\"><p>Der Rh\u00f6ner Wurstmarkt findet in diesem Jahr ausschlie\u00dflich online statt. Grund genug, die Website der Feinschmeckermesse komplett neu zu gestalten und mit spannenden Informationen zu f\u00fcllen. So bummeln Fans von Rh\u00f6ner Wurst und Schinken zwar nicht live \u00fcber die Ostheimer Marktstra\u00dfe, aber daf\u00fcr surfen sie auf der Internetseite von Aussteller zu Aussteller. Videos, Bilder und &hellip;<\/p>\n<\/div>","protected":false},"author":1,"featured_media":184581,"comment_status":"closed","ping_status":"closed","sticky":false,"template":"","format":"standard","meta":{"footnotes":""},"categories":[1],"tags":[],"class_list":["post-184580","post","type-post","status-publish","format-standard","has-post-thumbnail","hentry","category-startseite"],"_links":{"self":[{"href":"https:\/\/www.fuldaernachrichten.de\/index.php?rest_route=\/wp\/v2\/posts\/184580","targetHints":{"allow":["GET"]}}],"collection":[{"href":"https:\/\/www.fuldaernachrichten.de\/index.php?rest_route=\/wp\/v2\/posts"}],"about":[{"href":"https:\/\/www.fuldaernachrichten.de\/index.php?rest_route=\/wp\/v2\/types\/post"}],"author":[{"embeddable":true,"href":"https:\/\/www.fuldaernachrichten.de\/index.php?rest_route=\/wp\/v2\/users\/1"}],"replies":[{"embeddable":true,"href":"https:\/\/www.fuldaernachrichten.de\/index.php?rest_route=%2Fwp%2Fv2%2Fcomments&post=184580"}],"version-history":[{"count":1,"href":"https:\/\/www.fuldaernachrichten.de\/index.php?rest_route=\/wp\/v2\/posts\/184580\/revisions"}],"predecessor-version":[{"id":184582,"href":"https:\/\/www.fuldaernachrichten.de\/index.php?rest_route=\/wp\/v2\/posts\/184580\/revisions\/184582"}],"wp:featuredmedia":[{"embeddable":true,"href":"https:\/\/www.fuldaernachrichten.de\/index.php?rest_route=\/wp\/v2\/media\/184581"}],"wp:attachment":[{"href":"https:\/\/www.fuldaernachrichten.de\/index.php?rest_route=%2Fwp%2Fv2%2Fmedia&parent=184580"}],"wp:term":[{"taxonomy":"category","embeddable":true,"href":"https:\/\/www.fuldaernachrichten.de\/index.php?rest_route=%2Fwp%2Fv2%2Fcategories&post=184580"},{"taxonomy":"post_tag","embeddable":true,"href":"https:\/\/www.fuldaernachrichten.de\/index.php?rest_route=%2Fwp%2Fv2%2Ftags&post=184580"}],"curies":[{"name":"wp","href":"https:\/\/api.w.org\/{rel}","templated":true}]}}